{"id":652560,"date":"2026-01-09T21:26:11","date_gmt":"2026-01-09T21:26:11","guid":{"rendered":"https:\/\/www.europesays.com\/fr\/652560\/"},"modified":"2026-01-09T21:26:11","modified_gmt":"2026-01-09T21:26:11","slug":"trump-dit-que-les-etats-unis-soccuperont-du-groenland-avec-la-maniere-douce-ou-la-maniere-forte","status":"publish","type":"post","link":"https:\/\/www.europesays.com\/fr\/652560\/","title":{"rendered":"Trump dit que les \u00c9tats-Unis s\u2019occuperont du Groenland avec \u00ab\u00a0la mani\u00e8re douce ou la mani\u00e8re forte\u00a0\u00bb"},"content":{"rendered":"<p class=\"paragraph text_align_left lp-f-body-02\">Donald Trump maintient la pression sur le Groenland. \u00ab Nous allons agir au Groenland, qu\u2019ils le veuillent ou non. S\u2019ils refusent la mani\u00e8re douce, nous passerons \u00e0 la mani\u00e8re forte \u00bb, a menac\u00e9 le pr\u00e9sident am\u00e9ricain ce vendredi devant la presse.<\/p>\n<p class=\"\">La veille, le vice-pr\u00e9sident am\u00e9ricain JD Vance avait \u00ab conseill\u00e9 \u00bb jeudi aux dirigeants europ\u00e9ens \u00ab de prendre au s\u00e9rieux le pr\u00e9sident des \u00c9tats-Unis \u00bb \u00e0 propos du Groenland. Le pr\u00e9sident am\u00e9ricain mart\u00e8le que les \u00c9tats-Unis doivent prendre le contr\u00f4le du Groenland, territoire autonome danois, pour assurer leur propre s\u00e9curit\u00e9 face \u00e0 la Chine et \u00e0 la Russie.<\/p>\n<p class=\"\">La Maison Blanche, tout en refusant d\u2019exclure l\u2019option militaire, a fait savoir que Donald Trump r\u00e9fl\u00e9chissait \u00ab activement \u00bb \u00e0 <a href=\"https:\/\/www.leparisien.fr\/international\/etats-unis\/groenland-donald-trump-etudie-activement-un-achat-de-lile-arctique-du-danemark-07-01-2026-S3SXYYW5UJEY5AAFNVLT2NQGHE.php\" target=\"_self\" rel=\"noopener\">un achat de l\u2019immense \u00eele arctique<\/a>, sans pr\u00e9ciser quelle forme exactement cette transaction pourrait prendre.<\/p>\n<p class=\"\"><b>&gt; Plus d\u2019informations \u00e0 suivre\u2026<\/b><\/p>\n","protected":false},"excerpt":{"rendered":"Donald Trump maintient la pression sur le Groenland. \u00ab Nous allons agir au Groenland, qu\u2019ils le veuillent ou&hellip;\n","protected":false},"author":2,"featured_media":652561,"comment_status":"","ping_status":"","sticky":false,"template":"","format":"standard","meta":{"footnotes":""},"categories":[1589],"tags":[11,73,1866,14,12,1864,1865,1863,308],"class_list":{"0":"post-652560","1":"post","2":"type-post","3":"status-publish","4":"format-standard","5":"has-post-thumbnail","7":"category-etats-unis","8":"tag-actualites","9":"tag-etats-unis","10":"tag-etats-unis-damerique","11":"tag-international","12":"tag-news","13":"tag-united-states","14":"tag-united-states-of-america","15":"tag-us","16":"tag-usa"},"share_on_mastodon":{"url":"https:\/\/pubeurope.com\/@fr\/115867260241833018","error":""},"_links":{"self":[{"href":"https:\/\/www.europesays.com\/fr\/wp-json\/wp\/v2\/posts\/652560","targetHints":{"allow":["GET"]}}],"collection":[{"href":"https:\/\/www.europesays.com\/fr\/wp-json\/wp\/v2\/posts"}],"about":[{"href":"https:\/\/www.europesays.com\/fr\/wp-json\/wp\/v2\/types\/post"}],"author":[{"embeddable":true,"href":"https:\/\/www.europesays.com\/fr\/wp-json\/wp\/v2\/users\/2"}],"replies":[{"embeddable":true,"href":"https:\/\/www.europesays.com\/fr\/wp-json\/wp\/v2\/comments?post=652560"}],"version-history":[{"count":0,"href":"https:\/\/www.europesays.com\/fr\/wp-json\/wp\/v2\/posts\/652560\/revisions"}],"wp:featuredmedia":[{"embeddable":true,"href":"https:\/\/www.europesays.com\/fr\/wp-json\/wp\/v2\/media\/652561"}],"wp:attachment":[{"href":"https:\/\/www.europesays.com\/fr\/wp-json\/wp\/v2\/media?parent=652560"}],"wp:term":[{"taxonomy":"category","embeddable":true,"href":"https:\/\/www.europesays.com\/fr\/wp-json\/wp\/v2\/categories?post=652560"},{"taxonomy":"post_tag","embeddable":true,"href":"https:\/\/www.europesays.com\/fr\/wp-json\/wp\/v2\/tags?post=652560"}],"curies":[{"name":"wp","href":"https:\/\/api.w.org\/{rel}","templated":true}]}}