{"id":652562,"date":"2026-01-09T21:27:25","date_gmt":"2026-01-09T21:27:25","guid":{"rendered":"https:\/\/www.europesays.com\/fr\/652562\/"},"modified":"2026-01-09T21:27:25","modified_gmt":"2026-01-09T21:27:25","slug":"la-france-lallemagne-et-le-royaume-uni-condamnent-le-meurtre-de-manifestants-en-iran-et-appellent-a-la-retenue","status":"publish","type":"post","link":"https:\/\/www.europesays.com\/fr\/652562\/","title":{"rendered":"La France, l&rsquo;Allemagne et le Royaume-Uni condamnent \u00ab\u00a0le meurtre de manifestants\u00a0\u00bb en Iran et appellent \u00e0 la \u00ab\u00a0retenue\u00a0\u00bb"},"content":{"rendered":"<p>Au moins 51 manifestants, dont neuf enfants, ont \u00e9t\u00e9 tu\u00e9s et des centaines d&rsquo;autres bless\u00e9s \u00e0 travers l&rsquo;Iran depuis le d\u00e9but de la contestation le 28 d\u00e9cembre.<\/p>\n<p>Emmanuel Macron, Keir Starmer et Friedrich Merz ont condamn\u00e9 \u00ab\u00a0fermement\u00a0\u00bb ce vendredi 9 janvier \u00ab\u00a0le meurtre de manifestants\u00a0\u00bb et les \u00ab\u00a0violences\u00a0\u00bb <a href=\"https:\/\/www.bfmtv.com\/international\/moyen-orient\/iran\/au-moins-45-manifestants-tues-en-iran-depuis-le-debut-de-la-contestation-internet-coupe-a-l-echelle-nationale_AD-202601080943.html\" title=\"Au moins 45 manifestants tu\u00e9s en Iran depuis le d\u00e9but de la contestation, internet coup\u00e9 &quot;\u00e0 l&#039;\u00e9chelle nationale&quot;\" class=\"internal_link\" target=\"_blank\" rel=\"noopener\">commises par les forces de s\u00e9curit\u00e9 en Iran<\/a>, dans une d\u00e9claration commune o\u00f9 les trois dirigeants appellent les autorit\u00e9s iraniennes \u00e0 \u00ab\u00a0faire preuve de retenue\u00a0\u00bb.<\/p>\n<blockquote class=\"embed embed_quote\"><p>\u00ab\u00a0Nous sommes profond\u00e9ment pr\u00e9occup\u00e9s par les informations faisant \u00e9tat de violences commises par les forces de s\u00e9curit\u00e9 iraniennes et condamnons fermement le meurtre de manifestants\u00a0\u00bb, ont \u00e9crit les dirigeants fran\u00e7ais, britannique et allemand.<\/p><\/blockquote>\n<p>Tous les trois exhortent les autorit\u00e9s iraniennes \u00e0 \u00ab\u00a0s&rsquo;abstenir de toute violence et \u00e0 respecter les droits fondamentaux des citoyens iraniens\u00a0\u00bb, alors qu&rsquo;une vague de contestation d\u00e9fie ces derniers jours le r\u00e9gime de la R\u00e9publique islamique, en place depuis 1979.<\/p>\n<p>Ali Khamenei ne \u00ab\u00a0reculera pas\u00a0\u00bb face \u00e0 cette vague de manifestations<\/p>\n<p>\u00ab\u00a0Les autorit\u00e9s iraniennes ont la responsabilit\u00e9 de prot\u00e9ger leur propre population et doivent garantir la libert\u00e9 d&rsquo;expression et de rassemblement pacifique, sans crainte de repr\u00e9sailles\u00a0\u00bb, ajoutent le pr\u00e9sident fran\u00e7ais, le Premier ministre britannique et le chancelier allemand dans cette d\u00e9claration commune.<\/p>\n<p>Le guide supr\u00eame iranien, l&rsquo;ayatollah Ali Khamenei, a averti vendredi que la R\u00e9publique islamique ne \u00ab\u00a0reculerait pas\u00a0\u00bb face \u00e0 cette vague de manifestations, qui prend de l&rsquo;ampleur et dure depuis 13 jours.<\/p>\n<p>Au moins 51 manifestants, dont neuf enfants, ont \u00e9t\u00e9 tu\u00e9s et des centaines d&rsquo;autres bless\u00e9s \u00e0 travers l&rsquo;Iran depuis le d\u00e9but de la contestation le 28 d\u00e9cembre, a d\u00e9nombr\u00e9 vendredi l&rsquo;ONG Iran Human Rights, bas\u00e9e en Norv\u00e8ge.<\/p>\n","protected":false},"excerpt":{"rendered":"Au moins 51 manifestants, dont neuf enfants, ont \u00e9t\u00e9 tu\u00e9s et des centaines d&rsquo;autres bless\u00e9s \u00e0 travers l&rsquo;Iran&hellip;\n","protected":false},"author":2,"featured_media":652563,"comment_status":"","ping_status":"","sticky":false,"template":"","format":"standard","meta":{"footnotes":""},"categories":[1588],"tags":[11,1777,674,12,473,1853,1851,1850,1852],"class_list":{"0":"post-652562","1":"post","2":"type-post","3":"status-publish","4":"format-standard","5":"has-post-thumbnail","7":"category-royaume-uni","8":"tag-actualites","9":"tag-eu","10":"tag-europe","11":"tag-news","12":"tag-royaume-uni","13":"tag-royaume-uni-de-grande-bretagne-et-dirlande-du-nord","14":"tag-uk","15":"tag-united-kingdom","16":"tag-united-kingdom-of-great-britain-and-northern-ireland"},"share_on_mastodon":{"url":"https:\/\/pubeurope.com\/@fr\/115867264204685260","error":""},"_links":{"self":[{"href":"https:\/\/www.europesays.com\/fr\/wp-json\/wp\/v2\/posts\/652562","targetHints":{"allow":["GET"]}}],"collection":[{"href":"https:\/\/www.europesays.com\/fr\/wp-json\/wp\/v2\/posts"}],"about":[{"href":"https:\/\/www.europesays.com\/fr\/wp-json\/wp\/v2\/types\/post"}],"author":[{"embeddable":true,"href":"https:\/\/www.europesays.com\/fr\/wp-json\/wp\/v2\/users\/2"}],"replies":[{"embeddable":true,"href":"https:\/\/www.europesays.com\/fr\/wp-json\/wp\/v2\/comments?post=652562"}],"version-history":[{"count":0,"href":"https:\/\/www.europesays.com\/fr\/wp-json\/wp\/v2\/posts\/652562\/revisions"}],"wp:featuredmedia":[{"embeddable":true,"href":"https:\/\/www.europesays.com\/fr\/wp-json\/wp\/v2\/media\/652563"}],"wp:attachment":[{"href":"https:\/\/www.europesays.com\/fr\/wp-json\/wp\/v2\/media?parent=652562"}],"wp:term":[{"taxonomy":"category","embeddable":true,"href":"https:\/\/www.europesays.com\/fr\/wp-json\/wp\/v2\/categories?post=652562"},{"taxonomy":"post_tag","embeddable":true,"href":"https:\/\/www.europesays.com\/fr\/wp-json\/wp\/v2\/tags?post=652562"}],"curies":[{"name":"wp","href":"https:\/\/api.w.org\/{rel}","templated":true}]}}