{"id":652564,"date":"2026-01-09T21:28:11","date_gmt":"2026-01-09T21:28:11","guid":{"rendered":"https:\/\/www.europesays.com\/fr\/652564\/"},"modified":"2026-01-09T21:28:11","modified_gmt":"2026-01-09T21:28:11","slug":"en-allemagne-deux-jeunes-en-detention-provisoire-apres-un-braquage","status":"publish","type":"post","link":"https:\/\/www.europesays.com\/fr\/652564\/","title":{"rendered":"En Allemagne: Deux jeunes en d\u00e9tention provisoire apr\u00e8s un braquage"},"content":{"rendered":"<p>Deux jeunes de 19 ans auraient agress\u00e9 un jeune homme avec un pistolet d&rsquo;alarme dans l&rsquo;arrondissement de Sarrelouis. Depuis le d\u00e9but de la semaine, ils sont en d\u00e9tention provisoire. La police est toujours \u00e0 la recherche de t\u00e9moins.<\/p>\n<p>Selon la police, les jeunes de 19 ans ont d&rsquo;abord menac\u00e9 leur victime de 21 ans avec un pistolet d&rsquo;alarme, dimanche soir \u00e0 Dillingen, et lui ont demand\u00e9 de leur remettre son sac \u00e0 dos et son portefeuille. Ils ont d\u00e9rob\u00e9 sa carte bancaire et un chargeur, puis ont tir\u00e9 en l&rsquo;air avec l&rsquo;arme avant de se diriger vers une agence bancaire. C&rsquo;est l\u00e0 que les agents ont pu les appr\u00e9hender et les placer en garde \u00e0 vue.<\/p>\n<p>Les auteurs pr\u00e9sum\u00e9s ont pass\u00e9 la nuit de dimanche \u00e0 lundi en garde \u00e0 vue, avant d&rsquo;\u00eatre pr\u00e9sent\u00e9s \u00e0 un juge d&rsquo;instruction lundi. Depuis, les jeunes de 19 ans sont en d\u00e9tention provisoire. L&rsquo;enqu\u00eate pour vol qualifi\u00e9 se poursuit et, selon la police, des proc\u00e9dures ont \u00e9galement \u00e9t\u00e9 engag\u00e9es contre eux pour infraction \u00e0 la loi sur les stup\u00e9fiants et sur les armes.<\/p>\n","protected":false},"excerpt":{"rendered":"Deux jeunes de 19 ans auraient agress\u00e9 un jeune homme avec un pistolet d&rsquo;alarme dans l&rsquo;arrondissement de Sarrelouis.&hellip;\n","protected":false},"author":2,"featured_media":652565,"comment_status":"","ping_status":"","sticky":false,"template":"","format":"standard","meta":{"footnotes":""},"categories":[1587],"tags":[11,672,1804,1805,1803,1777,674,1801,12,1802],"class_list":{"0":"post-652564","1":"post","2":"type-post","3":"status-publish","4":"format-standard","5":"has-post-thumbnail","7":"category-allemagne","8":"tag-actualites","9":"tag-allemagne","10":"tag-bundesrepublik-deutschland","11":"tag-de","12":"tag-deutschland","13":"tag-eu","14":"tag-europe","15":"tag-germany","16":"tag-news","17":"tag-republique-federale-dallemagne"},"share_on_mastodon":{"url":"https:\/\/pubeurope.com\/@fr\/115867268253970478","error":""},"_links":{"self":[{"href":"https:\/\/www.europesays.com\/fr\/wp-json\/wp\/v2\/posts\/652564","targetHints":{"allow":["GET"]}}],"collection":[{"href":"https:\/\/www.europesays.com\/fr\/wp-json\/wp\/v2\/posts"}],"about":[{"href":"https:\/\/www.europesays.com\/fr\/wp-json\/wp\/v2\/types\/post"}],"author":[{"embeddable":true,"href":"https:\/\/www.europesays.com\/fr\/wp-json\/wp\/v2\/users\/2"}],"replies":[{"embeddable":true,"href":"https:\/\/www.europesays.com\/fr\/wp-json\/wp\/v2\/comments?post=652564"}],"version-history":[{"count":0,"href":"https:\/\/www.europesays.com\/fr\/wp-json\/wp\/v2\/posts\/652564\/revisions"}],"wp:featuredmedia":[{"embeddable":true,"href":"https:\/\/www.europesays.com\/fr\/wp-json\/wp\/v2\/media\/652565"}],"wp:attachment":[{"href":"https:\/\/www.europesays.com\/fr\/wp-json\/wp\/v2\/media?parent=652564"}],"wp:term":[{"taxonomy":"category","embeddable":true,"href":"https:\/\/www.europesays.com\/fr\/wp-json\/wp\/v2\/categories?post=652564"},{"taxonomy":"post_tag","embeddable":true,"href":"https:\/\/www.europesays.com\/fr\/wp-json\/wp\/v2\/tags?post=652564"}],"curies":[{"name":"wp","href":"https:\/\/api.w.org\/{rel}","templated":true}]}}