{"id":652566,"date":"2026-01-09T21:29:16","date_gmt":"2026-01-09T21:29:16","guid":{"rendered":"https:\/\/www.europesays.com\/fr\/652566\/"},"modified":"2026-01-09T21:29:16","modified_gmt":"2026-01-09T21:29:16","slug":"face-aux-turbulences-geopolitiques-la-france-et-leurope-a-un-moment-de-bascule-strategique","status":"publish","type":"post","link":"https:\/\/www.europesays.com\/fr\/652566\/","title":{"rendered":"Face aux turbulences g\u00e9opolitiques, la France et l\u2019Europe \u00ab\u00a0\u00e0 un moment de bascule strat\u00e9gique\u00a0\u00bb"},"content":{"rendered":"<p>Une c\u00e9r\u00e9monie pareille est habituellement l\u2019occasion de se projeter sur des jours heureux et l\u00e9gers. Les v\u0153ux du gouverneur militaire de Marseille, <a href=\"https:\/\/www.laprovence.com\/article\/region\/55631255457309\/le-general-yves-metayer-nouveau-gouverneur-militaire-de-marseille-la-cohesion-nationale-est-la-prunelle-de-nos-yeux\" target=\"_blank\" rel=\"noopener\">le g\u00e9n\u00e9ral de corps d\u2019arm\u00e9e Yves M\u00e9tayer<\/a>, ce jeudi 8\u00a0janvier au cercle mess de la garnison de Marseille, ont \u00e9t\u00e9 \u00ab\u00a0prudents\u00a0\u00bb comme l\u2019int\u00e9ress\u00e9 a pris soin de les qualifier. En ce d\u00e9but d\u2019ann\u00e9e\u00a02026, ce ton s\u2019impose de lui-m\u00eame \u00e0 la lumi\u00e8re du contexte international.<\/p>\n<p>\u00ab\u00a0Nous sommes dans un moment de bascule strat\u00e9gique.\u00a0\u00bb L\u2019officier g\u00e9n\u00e9ral de la zone de d\u00e9fense et de s\u00e9curit\u00e9 Sud est all\u00e9 sans d\u00e9tour pour exposer la situation. Celle d'\u00a0\u00bbune histoire qui donne l\u2019impression de s\u2019acc\u00e9l\u00e9rer sous nos yeux\u00a0\u00bb, a-t-il continu\u00e9 de relever, convoquant \u00ab\u00a0la chute du mur de Berlin (en\u00a01989)\u00a0\u00bb pour nous \u00e9clairer un peu plus sur la d\u00e9finition d\u2019un fait g\u00e9opolitique majeur. Mais si le pass\u00e9 tr\u00e8s ancien ou encore r\u00e9cent peut nous \u00eatre pr\u00e9cieux pour mieux comprendre le temps pr\u00e9sent et appr\u00e9hender des chamboulements \u00e0 venir, \u00ab\u00a0il ne faut surtout pas s\u2019accrocher non plus au monde d\u2019hier et plut\u00f4t penser le monde de demain\u00a0\u00bb, a compl\u00e9t\u00e9 le g\u00e9n\u00e9ral M\u00e9tayer.<\/p>\n<p><img alt=\"Le g\u00e9n\u00e9ral de corps d\u2019arm\u00e9e Yves M\u00e9tayer, gouverneur militaire de Marseille, lors de sa c\u00e9r\u00e9monie des v\u0153ux.\" loading=\"lazy\" decoding=\"async\" data-nimg=\"fill\" class=\" TwicCore_img__i9TC1 undefined  undefined\" style=\"position:absolute;height:100%;width:100%;left:0;top:0;right:0;bottom:0;color:transparent;background-size:cover;background-position:50% 50%;background-repeat:no-repeat;background-image:url(&quot;data:image\/svg+xml;charset=utf-8,%3Csvg xmlns='http:\/\/www.w3.org\/2000\/svg' %3E%3Cfilter id='b' color-interpolation-filters='sRGB'%3E%3CfeGaussianBlur stdDeviation='20'\/%3E%3CfeColorMatrix values='1 0 0 0 0 0 1 0 0 0 0 0 1 0 0 0 0 0 100 -1' result='s'\/%3E%3CfeFlood x='0' y='0' width='100%25' height='100%25'\/%3E%3CfeComposite operator='out' in='s'\/%3E%3CfeComposite in2='SourceGraphic'\/%3E%3CfeGaussianBlur stdDeviation='20'\/%3E%3C\/filter%3E%3Cimage width='100%25' height='100%25' x='0' y='0' preserveAspectRatio='none' style='filter: url(%23b);' href='https:\/\/pictures.laprovence.com\/cdn-cgi\/image\/blur=250\/media\/melody\/2026\/01\/09\/le-general-de-corps-d-armee-yves-metayer-gouverneur-militaire-de-marseille-lors-de-sa-ceremonie-des-1767988138_14715f3a0169678715f3a01695c715v_.jpg'\/%3E%3C\/svg%3E&quot;)\"   src=\"https:\/\/www.europesays.com\/fr\/wp-content\/uploads\/2026\/01\/le-general-de-corps-d-armee-yves-metayer-gouverneur-militaire-de-marseille-lors-de-sa-ceremonie-des-.jpeg\"\/>Le g\u00e9n\u00e9ral de corps d\u2019arm\u00e9e Yves M\u00e9tayer, gouverneur militaire de Marseille, lors de sa c\u00e9r\u00e9monie des v\u0153ux. \/ Photo L.B.<\/p>\n<p>Ces derni\u00e8res ann\u00e9es, une r\u00e9gion du monde, pas tellement \u00e9loign\u00e9e de Paris (2\u00a0500\u00a0kilom\u00e8tres), cristallise, parmi d\u2019autres, \u00ab\u00a0ces hautes turbulences\u00a0\u00bb \u00e9voqu\u00e9es par le gouverneur militaire. L\u2019Ukraine, <a href=\"https:\/\/www.laprovence.com\/article\/france-monde\/11530943511752\/il-apparait-que-la-russie-ne-veut-pas-veritablement-la-paix-emmanuel-macron-appelle-a-continuer-leffort-de-guerre\" target=\"_blank\" rel=\"noopener\">sombre th\u00e9\u00e2tre d\u2019une guerre interminable entam\u00e9e en f\u00e9vrier\u00a02022<\/a>, nous rappelle combien l\u2019\u00e9chiquier des nations repose sur un \u00e9quilibre fragile quand celui-ci se retrouve soumis \u00e0 des \u00ab\u00a0agressions\u00a0\u00bb expansionnistes, russes en l\u2019occurrence. La Commission europ\u00e9enne et l\u2019Otan ne l\u2019ont jamais perdu de vue, s\u2019employant \u00e0 mener une politique en cons\u00e9quence.<\/p>\n<p>\u00ab\u00a0Donner v\u00e9ritablement \u00e0 l\u2019Ukraine les garanties de s\u00e9curit\u00e9 n\u00e9cessaires\u00a0\u00bb<\/p>\n<p>L\u2019un de ses effets les plus \u00e9loquents se situe dans des pays frontaliers de la Russie et de l\u2019Ukraine ou assez proches de ces territoires (*). Compos\u00e9s de bataillons multinationaux, ces postes avanc\u00e9s de l\u2019Otan doivent garantir une pr\u00e9sence autant dissuasive qu\u2019op\u00e9rationnelle le cas \u00e9ch\u00e9ant. Ce caract\u00e8re conjoint est le fil rouge d\u2019un soutien constant qui se duplique tr\u00e8s r\u00e9guli\u00e8rement. Le 6\u00a0janvier encore, \u00e0 Paris, la Coalition des volontaires, qui r\u00e9unit une trentaine de pays alli\u00e9s de l\u2019Ukraine, a notamment donn\u00e9 lieu \u00e0 une d\u00e9claration d\u2019intention de la France et du Royaume-Uni pour un nouvel engagement commun consistant \u00e0 d\u00e9ployer une force multinationale sur place, une fois que ce conflit sera enfin achev\u00e9. Une perspective rendue, pour l\u2019heure, encore tr\u00e8s improbable par les r\u00e9cents bombardements perp\u00e9tr\u00e9s par les Russes sur Kiev et sur Lviv, cibles de <a href=\"https:\/\/www.laprovence.com\/article\/france-monde\/25017344619663\/tetes-multiples-3-km-par-seconde-ce-que-lon-sait-du-missile-balistique-russe-orechnik\" target=\"_blank\" rel=\"noopener\">missiles hypersoniques Orechnik<\/a> et de drones de combat.<\/p>\n<p>\u00ab\u00a0Cette dynamique est destin\u00e9e \u00e0 donner v\u00e9ritablement \u00e0 Kiev et \u00e0 l\u2019Ukraine les garanties de s\u00e9curit\u00e9 n\u00e9cessaires, appuie le g\u00e9n\u00e9ral M\u00e9tayer, mais cela va m\u00eame au-del\u00e0, car elle s\u2019\u00e9tend \u00e0 l\u2019architecture de pleine s\u00e9curit\u00e9 de l\u2019Europe.\u00a0\u00bb Un imp\u00e9ratif, l\u00e0 aussi, si l\u2019on s\u2019en r\u00e9f\u00e8re \u00e0 la posture de la Russie, une nation qui s\u2019est dot\u00e9e \u00ab\u00a0de 150\u00a0milliards de dollars de budget en mati\u00e8re de D\u00e9fense en\u00a02025\u00a0\u00bb, a rappel\u00e9 le gouverneur militaire, voyant en cela \u00ab\u00a0tout sauf un budget de stabilisation et de protection, mais au contraire, la volont\u00e9 de r\u00e9tablir les conditions d\u2019une grande Russie, autant de vell\u00e9it\u00e9s qui nous renvoient \u00e0 de pr\u00e9c\u00e9dents \u00e9pisodes de l\u2019Histoire et c\u2019est \u00e0 ce titre qu\u2019il convient de se montrer prudent\u00a0\u00bb. Un ma\u00eetre mot.<\/p>\n<p>(*) Estonie, Lettonie, Lituanie, Pologne, Roumanie, Bulgarie, Hongrie et Slovaquie.<\/p>\n","protected":false},"excerpt":{"rendered":"Une c\u00e9r\u00e9monie pareille est habituellement l\u2019occasion de se projeter sur des jours heureux et l\u00e9gers. Les v\u0153ux du&hellip;\n","protected":false},"author":2,"featured_media":652567,"comment_status":"","ping_status":"","sticky":false,"template":"","format":"standard","meta":{"footnotes":""},"categories":[1586],"tags":[5734,11,1007,1777,674,2823,1011,27,75612,1808,9862,12,16,25,52718],"class_list":{"0":"post-652566","1":"post","2":"type-post","3":"status-publish","4":"format-standard","5":"has-post-thumbnail","7":"category-europe","8":"tag-5734","9":"tag-actualites","10":"tag-aux","11":"tag-eu","12":"tag-europe","13":"tag-face","14":"tag-fr","15":"tag-france","16":"tag-geopolitiques","17":"tag-leurope","18":"tag-moment","19":"tag-news","20":"tag-region","21":"tag-republique-francaise","22":"tag-turbulences"},"share_on_mastodon":{"url":"https:\/\/pubeurope.com\/@fr\/115867272297741822","error":""},"_links":{"self":[{"href":"https:\/\/www.europesays.com\/fr\/wp-json\/wp\/v2\/posts\/652566","targetHints":{"allow":["GET"]}}],"collection":[{"href":"https:\/\/www.europesays.com\/fr\/wp-json\/wp\/v2\/posts"}],"about":[{"href":"https:\/\/www.europesays.com\/fr\/wp-json\/wp\/v2\/types\/post"}],"author":[{"embeddable":true,"href":"https:\/\/www.europesays.com\/fr\/wp-json\/wp\/v2\/users\/2"}],"replies":[{"embeddable":true,"href":"https:\/\/www.europesays.com\/fr\/wp-json\/wp\/v2\/comments?post=652566"}],"version-history":[{"count":0,"href":"https:\/\/www.europesays.com\/fr\/wp-json\/wp\/v2\/posts\/652566\/revisions"}],"wp:featuredmedia":[{"embeddable":true,"href":"https:\/\/www.europesays.com\/fr\/wp-json\/wp\/v2\/media\/652567"}],"wp:attachment":[{"href":"https:\/\/www.europesays.com\/fr\/wp-json\/wp\/v2\/media?parent=652566"}],"wp:term":[{"taxonomy":"category","embeddable":true,"href":"https:\/\/www.europesays.com\/fr\/wp-json\/wp\/v2\/categories?post=652566"},{"taxonomy":"post_tag","embeddable":true,"href":"https:\/\/www.europesays.com\/fr\/wp-json\/wp\/v2\/tags?post=652566"}],"curies":[{"name":"wp","href":"https:\/\/api.w.org\/{rel}","templated":true}]}}