{"id":652568,"date":"2026-01-09T21:30:15","date_gmt":"2026-01-09T21:30:15","guid":{"rendered":"https:\/\/www.europesays.com\/fr\/652568\/"},"modified":"2026-01-09T21:30:15","modified_gmt":"2026-01-09T21:30:15","slug":"municipales-a-paris-il-y-a-eu-un-piratage-sarah-knafo-saisit-la-cnil-apres-la-publication-de-messages-racistes-sur-son-site-de-campagne","status":"publish","type":"post","link":"https:\/\/www.europesays.com\/fr\/652568\/","title":{"rendered":"Municipales \u00e0 Paris : \u00ab Il y a eu un piratage \u00bb, Sarah Knafo saisit la Cnil apr\u00e8s la publication de messages racistes sur son site de campagne"},"content":{"rendered":"<p class=\"paragraph text_align_left lp-f-body-02\">Annonc\u00e9e ce mercredi, <a href=\"https:\/\/www.leparisien.fr\/elections\/municipales\/sarah-knafo-candidate-aux-municipales-a-paris-il-y-a-urgence-a-empecher-le-declin-de-la-ville-08-01-2026-WNXF6UOAKJCYDCPFNP6KTFJJAE.php\" target=\"_blank\" rel=\"noreferrer noopener\">la candidature de l\u2019eurod\u00e9put\u00e9e Reconqu\u00eate Sarah Knafo \u00e0 la mairie de Pari<\/a> est d\u00e9j\u00e0 l\u2019objet d\u2019une pol\u00e9mique. Une pol\u00e9mique \u00e0 la fois politique et technologique. Dans la foul\u00e9e de son d\u00e9part dans la course parisienne, la candidate du parti d\u2019extr\u00eame droite a d\u00e9voil\u00e9 son site de campagne, jeudi. Sur ledit site, les Parisiens qui soutiendraient l\u2019eurod\u00e9put\u00e9e dans son projet de conqu\u00eate de l\u2019H\u00f4tel de Ville sont invit\u00e9s \u00e0 participer en exprimant leurs id\u00e9es ou leurs envies pour la capitale.<\/p>\n<p class=\"\">Mais le probl\u00e8me, c\u2019est que ce vendredi comme l\u2019ont constat\u00e9 <a href=\"https:\/\/www.liberation.fr\/checknews\/municipales-a-paris-le-nouveau-site-de-sarah-knafo-laissait-apparaitre-les-donnees-personnelles-de-ses-contributeurs-20260109_6DDDECWT35ANRFF3ENE5VUCWGI\/\" target=\"_blank\" rel=\"noreferrer noopener\">Lib\u00e9ration<\/a> et <a href=\"https:\/\/www.franceinfo.fr\/elections\/municipales\/municipales-a-paris-les-informations-personnelles-de-centaines-de-contributeurs-au-site-de-campagne-de-sarah-knafo-exposees-publiquement_7730650.html\" target=\"_blank\" rel=\"noreferrer noopener\">France Info<\/a>, le forum \u00ab Paris \u00e0 c\u0153ur ouvert \u00bb, adoss\u00e9 \u00e0 <a href=\"http:\/\/sarahpourparis.fr\/\" rel=\"noopener\" target=\"_blank\">sarahpourparis.fr<\/a>, comporte une faille majeure de s\u00e9curit\u00e9 dont certains ont profit\u00e9. \u00ab Il y a en effet eu un incident technique, un hack (piratage), une faille corrig\u00e9e extr\u00eamement rapidement, en quelques minutes par nos \u00e9quipes \u00bb, a assur\u00e9 au Parisien l\u2019\u00e9quipe de Sarah Knafo, ce vendredi soir.<\/p>\n<p class=\"\">\u00ab Mais il faut rappeler une r\u00e9alit\u00e9 : toutes les structures sont aujourd\u2019hui confront\u00e9es \u00e0 ces attaques. Le minist\u00e8re de l\u2019Int\u00e9rieur, Chronopost, France Travail\u2026 Personne n\u2019est \u00e9pargn\u00e9. Le tout \u00e9tant de r\u00e9agir rapidement et efficacement \u00bb, poursuit l\u2019entourage de Sarah Knafo.<\/p>\n<p>Donn\u00e9es piratables et messages racistes<\/p>\n<p class=\"\">Le hacker \u00e9thique d\u00e9nomm\u00e9 SaxX avait r\u00e9v\u00e9l\u00e9 sur X dans la journ\u00e9e, que \u00ab le site Internet de l\u2019eurod\u00e9put\u00e9e Sarah Knafo expose toutes les donn\u00e9es personnelles des Parisiens qui expriment leurs souhaits pour un futur Paris \u00bb. Ces donn\u00e9es, aujourd\u2019hui supprim\u00e9es, permettaient de recueillir les noms, pr\u00e9noms, adresses mails, num\u00e9ros de t\u00e9l\u00e9phone et adresses IP des contributeurs \u00e0 ce projet pour la ville de Paris.<\/p>\n<blockquote class=\"twitter-tweet\">\n<p lang=\"fr\" dir=\"ltr\">\ud83d\udea8\ud83d\udd34 \u00c9lections Municipales &#8211; Le site internet de l&rsquo;euro-d\u00e9put\u00e9e Sara Knafo expose toutes les donn\u00e9es personnelles des parisiens qui expriment leurs souhaits pour un futur Paris ! \ud83d\ude2c<\/p>\n<p>Attention aux sites internet \u00ab\u00a0vibecod\u00e9\u00a0\u00bb&#8230; qui exposent\/exposeront les donn\u00e9es personnelles des\u2026 <a href=\"https:\/\/t.co\/S6pojT781V\">pic.twitter.com\/S6pojT781V<\/a><\/p>\n<p>\u2014 SaxX \u00af\\_(\u30c4)_\/\u00af (@_SaxX_) <a href=\"https:\/\/twitter.com\/_SaxX_\/status\/2009581348697026576?ref_src=twsrc%5Etfw\" target=\"_blank\" rel=\"noopener\">January 9, 2026<\/a><\/p><\/blockquote>\n<p class=\"\">Le forum du site de la candidate de Reconqu\u00eate a rapidement \u00e9t\u00e9 dans le viseur de plusieurs \u00e9lus parisiens de gauche, car on y trouvait des propositions ouvertement racistes, qualifiant les personnes noires de \u00ab n\u00e9gro\u00efdes qui pullulent comme des cafards dans les rues \u00bb ou qui appelaient \u00e0 \u00ab \u00e9radiquer les OQTF \u00bb. Des messages qui ont suscit\u00e9 l\u2019indignation du s\u00e9nateur communiste Ian Brossat.<\/p>\n<p class=\"\">\u00ab \u00c0 peine en ligne, le site participatif de Mme Knafo est d\u00e9j\u00e0 un d\u00e9ferlement de propos racistes, y compris d\u2019appels au meurtre. Le racisme n\u2019est pas une opinion. C\u2019est un d\u00e9lit. J\u2019\u00e9cris aujourd\u2019hui \u00e0 la Procureure de la R\u00e9publique pour signaler ces faits d\u2019une extr\u00eame gravit\u00e9 \u00bb, a-t-il r\u00e9agi vivement.<\/p>\n<blockquote class=\"twitter-tweet\">\n<p lang=\"fr\" dir=\"ltr\">\u00c0 peine en ligne, le site participatif de Mme Knafo est d\u00e9j\u00e0 un d\u00e9ferlement de propos racistes, y compris d\u2019appels au meurtre. <\/p>\n<p>Le racisme n\u2019est pas une opinion. C\u2019est un d\u00e9lit. <\/p>\n<p>J\u2019\u00e9cris aujourd\u2019hui \u00e0 la Procureure de la R\u00e9publique pour signaler ces faits d\u2019une extr\u00eame gravit\u00e9. <a href=\"https:\/\/t.co\/DaCTgdclgR\">pic.twitter.com\/DaCTgdclgR<\/a><\/p>\n<p>\u2014 Ian Brossat (@IanBrossat) <a href=\"https:\/\/twitter.com\/IanBrossat\/status\/2009569448156664295?ref_src=twsrc%5Etfw\" target=\"_blank\" rel=\"noopener\">January 9, 2026<\/a><\/p><\/blockquote>\n<p class=\"\">L\u2019\u00e9quipe de Sarah Knafo par l\u2019interm\u00e9diaire de Samuel Lafont, directeur de la strat\u00e9gie num\u00e9rique, de Reconqu\u00eate, a d\u00e9clar\u00e9 au Parisien \u00ab s\u2019attendre \u00e0 ce type d\u2019attaques \u00bb. \u00ab Paris \u00e0 c\u0153ur ouvert, est un site contributif. On a lanc\u00e9 le site sans mod\u00e9ration a priori. On a eu quelques messages coordonn\u00e9s, de la m\u00eame adresse IP qui a \u00e9mis plusieurs messages d\u2019affil\u00e9e \u00e0 caract\u00e8res racistes. On sait que c\u2019est bidon quand on voit comment cela a \u00e9t\u00e9 fait \u00bb, nous explique ce vendredi soir, le proche d\u2019\u00c9ric Zemmour.<\/p>\n<p>\u00ab Raid sur le site \u00bb et saisie de la Cnil<\/p>\n<p class=\"\">M\u00eame son de cloche de la part de l\u2019\u00e9quipe communication de la candidate. \u00ab Notre \u00e9quipe a constat\u00e9 un raid coordonn\u00e9 sur le site, provenant d\u2019une seule adresse IP unique, suivi quasi imm\u00e9diatement par la diffusion sur les r\u00e9seaux sociaux de dizaines de captures d\u2019\u00e9cran, notamment par des comptes se revendiquant de la gauche et de l\u2019extr\u00eame gauche. Donc nous d\u00e9non\u00e7ons ces m\u00e9thodes indignes qui utilisent les pires m\u00e9thodes pour salir la campagne \u00bb, a communiqu\u00e9 l\u2019\u00e9quipe de la candidate au Parisien.<\/p>\n<blockquote class=\"twitter-tweet\">\n<p lang=\"fr\" dir=\"ltr\">Deuxi\u00e8me jour de ma candidature. La gauche au grand complet se d\u00e9cha\u00eene : elle a reconnu son adversaire. Je ne pouvais r\u00eaver meilleure entr\u00e9e en mati\u00e8re !<\/p>\n<p>Nous allons imposer aux politiciens le Paris des Parisiens. Nous allons faire de Paris une ville heureuse.\u2600\ufe0f <a href=\"https:\/\/t.co\/IUph4dZ2JZ\">pic.twitter.com\/IUph4dZ2JZ<\/a><\/p>\n<p>\u2014 Sarah Knafo (@knafo_sarah) <a href=\"https:\/\/twitter.com\/knafo_sarah\/status\/2009679178409386249?ref_src=twsrc%5Etfw\" target=\"_blank\" rel=\"noopener\">January 9, 2026<\/a><\/p><\/blockquote>\n<p class=\"\">\u00ab Deuxi\u00e8me jour de ma candidature. La gauche au grand complet se d\u00e9cha\u00eene : elle a reconnu son adversaire. Je ne pouvais r\u00eaver meilleure entr\u00e9e en mati\u00e8re ! Nous allons imposer aux politiciens le Paris des Parisiens. Nous allons faire de Paris une ville heureuse \u00bb, a r\u00e9agi directement sur X, l\u2019eurod\u00e9put\u00e9e. La candidate a par ailleurs annonc\u00e9 la saisie de la Cnil ce vendredi soir.<\/p>\n<p><script async src=\"https:\/\/platform.twitter.com\/widgets.js\" charset=\"utf-8\"><\/script><\/p>\n","protected":false},"excerpt":{"rendered":"Annonc\u00e9e ce mercredi, la candidature de l\u2019eurod\u00e9put\u00e9e Reconqu\u00eate Sarah Knafo \u00e0 la mairie de Pari est d\u00e9j\u00e0 l\u2019objet&hellip;\n","protected":false},"author":2,"featured_media":652569,"comment_status":"","ping_status":"","sticky":false,"template":"","format":"standard","meta":{"footnotes":""},"categories":[1586],"tags":[11,1777,674,1779,1011,27,12,316,25,1778,364],"class_list":{"0":"post-652568","1":"post","2":"type-post","3":"status-publish","4":"format-standard","5":"has-post-thumbnail","7":"category-europe","8":"tag-actualites","9":"tag-eu","10":"tag-europe","11":"tag-european-union","12":"tag-fr","13":"tag-france","14":"tag-news","15":"tag-politique","16":"tag-republique-francaise","17":"tag-ue","18":"tag-union-europeenne"},"share_on_mastodon":{"url":"https:\/\/pubeurope.com\/@fr\/115867275999175767","error":""},"_links":{"self":[{"href":"https:\/\/www.europesays.com\/fr\/wp-json\/wp\/v2\/posts\/652568","targetHints":{"allow":["GET"]}}],"collection":[{"href":"https:\/\/www.europesays.com\/fr\/wp-json\/wp\/v2\/posts"}],"about":[{"href":"https:\/\/www.europesays.com\/fr\/wp-json\/wp\/v2\/types\/post"}],"author":[{"embeddable":true,"href":"https:\/\/www.europesays.com\/fr\/wp-json\/wp\/v2\/users\/2"}],"replies":[{"embeddable":true,"href":"https:\/\/www.europesays.com\/fr\/wp-json\/wp\/v2\/comments?post=652568"}],"version-history":[{"count":0,"href":"https:\/\/www.europesays.com\/fr\/wp-json\/wp\/v2\/posts\/652568\/revisions"}],"wp:featuredmedia":[{"embeddable":true,"href":"https:\/\/www.europesays.com\/fr\/wp-json\/wp\/v2\/media\/652569"}],"wp:attachment":[{"href":"https:\/\/www.europesays.com\/fr\/wp-json\/wp\/v2\/media?parent=652568"}],"wp:term":[{"taxonomy":"category","embeddable":true,"href":"https:\/\/www.europesays.com\/fr\/wp-json\/wp\/v2\/categories?post=652568"},{"taxonomy":"post_tag","embeddable":true,"href":"https:\/\/www.europesays.com\/fr\/wp-json\/wp\/v2\/tags?post=652568"}],"curies":[{"name":"wp","href":"https:\/\/api.w.org\/{rel}","templated":true}]}}