{"id":652580,"date":"2026-01-09T21:41:13","date_gmt":"2026-01-09T21:41:13","guid":{"rendered":"https:\/\/www.europesays.com\/fr\/652580\/"},"modified":"2026-01-09T21:41:13","modified_gmt":"2026-01-09T21:41:13","slug":"le-sco-dijon-team-materiel-velo-com-obtient-le-label-conti-federale-actualite","status":"publish","type":"post","link":"https:\/\/www.europesays.com\/fr\/652580\/","title":{"rendered":"Le SCO Dijon Team Materiel-velo.com obtient le label Conti F\u00e9d\u00e9rale &#8211; Actualit\u00e9"},"content":{"rendered":"<p>L&rsquo;Union cycliste internationale a publi\u00e9 la premi\u00e8re liste des \u00e9quipes qui ont re\u00e7u le label Continental. Parmi elles, le SCO Dijon Team Materiel-velo.com, une des cinq Conti F\u00e9d\u00e9rales. Le club bourguignon compte <a href=\"https:\/\/www.directvelo.com\/actualite\/125107\/sco-dijon-team-materiel-velo-com-l-effectif-2026\" target=\"_blank\" rel=\"noopener\"><strong>quatorze coureurs dans son effectif<\/strong><\/a>.\u00a0<\/p>\n<p>La liste temporaire des Conti F\u00e9d\u00e9rales compte donc cinq \u00e9quipes. Le Vend\u00e9e U en est absent pour l&rsquo;instant mais cette liste peut encore \u00e9voluer.<\/p>\n<p><strong>La liste temporaire des Conti F\u00e9d\u00e9rales :<\/strong> <br \/>AVC Aix Provence Dole<br \/>Bourg-en-Bresse Ain Cyclisme<br \/>SCO Dijon Team Materiel-velo.com<br \/>VC Villefranche Beaujolais<br \/>VC Rouen 76<\/p>\n","protected":false},"excerpt":{"rendered":"L&rsquo;Union cycliste internationale a publi\u00e9 la premi\u00e8re liste des \u00e9quipes qui ont re\u00e7u le label Continental. Parmi elles,&hellip;\n","protected":false},"author":2,"featured_media":652581,"comment_status":"","ping_status":"","sticky":false,"template":"","format":"standard","meta":{"footnotes":""},"categories":[1411],"tags":[834,828,836,829,837,827,83,826,824,823,1154,207,814,817,815,816,822,821,832,211,839,1011,27,820,818,819,835,831,830,833,838,60,212,208,825],"class_list":{"0":"post-652580","1":"post","2":"type-post","3":"status-publish","4":"format-standard","5":"has-post-thumbnail","7":"category-cyclisme","8":"tag-attaque","9":"tag-belgique","10":"tag-braquet","11":"tag-bretagne","12":"tag-chute","13":"tag-competition","14":"tag-coupe-de-france","15":"tag-coureur","16":"tag-course-cyclisme","17":"tag-course-cycliste","18":"tag-cycling","19":"tag-cyclisme","20":"tag-direct","21":"tag-direct-velo","22":"tag-directvelo","23":"tag-directvelo-com","24":"tag-epreuve","25":"tag-epreuve-cycliste","26":"tag-federation-francaise-de-cyclisme","27":"tag-ffc","28":"tag-flandres","29":"tag-fr","30":"tag-france","31":"tag-live","32":"tag-live-course","33":"tag-live-epreuve","34":"tag-peloton","35":"tag-radio-peloton","36":"tag-radio-tour","37":"tag-ravitaillement","38":"tag-relance","39":"tag-sports","40":"tag-uci","41":"tag-velo","42":"tag-velos"},"share_on_mastodon":{"url":"https:\/\/pubeurope.com\/@fr\/115867319337923456","error":""},"_links":{"self":[{"href":"https:\/\/www.europesays.com\/fr\/wp-json\/wp\/v2\/posts\/652580","targetHints":{"allow":["GET"]}}],"collection":[{"href":"https:\/\/www.europesays.com\/fr\/wp-json\/wp\/v2\/posts"}],"about":[{"href":"https:\/\/www.europesays.com\/fr\/wp-json\/wp\/v2\/types\/post"}],"author":[{"embeddable":true,"href":"https:\/\/www.europesays.com\/fr\/wp-json\/wp\/v2\/users\/2"}],"replies":[{"embeddable":true,"href":"https:\/\/www.europesays.com\/fr\/wp-json\/wp\/v2\/comments?post=652580"}],"version-history":[{"count":0,"href":"https:\/\/www.europesays.com\/fr\/wp-json\/wp\/v2\/posts\/652580\/revisions"}],"wp:featuredmedia":[{"embeddable":true,"href":"https:\/\/www.europesays.com\/fr\/wp-json\/wp\/v2\/media\/652581"}],"wp:attachment":[{"href":"https:\/\/www.europesays.com\/fr\/wp-json\/wp\/v2\/media?parent=652580"}],"wp:term":[{"taxonomy":"category","embeddable":true,"href":"https:\/\/www.europesays.com\/fr\/wp-json\/wp\/v2\/categories?post=652580"},{"taxonomy":"post_tag","embeddable":true,"href":"https:\/\/www.europesays.com\/fr\/wp-json\/wp\/v2\/tags?post=652580"}],"curies":[{"name":"wp","href":"https:\/\/api.w.org\/{rel}","templated":true}]}}