{"id":652592,"date":"2026-01-09T21:48:22","date_gmt":"2026-01-09T21:48:22","guid":{"rendered":"https:\/\/www.europesays.com\/fr\/652592\/"},"modified":"2026-01-09T21:48:22","modified_gmt":"2026-01-09T21:48:22","slug":"les-nouveautes-films-et-series-a-voir-sur-netflix-du-9-au-15-janvier-2026","status":"publish","type":"post","link":"https:\/\/www.europesays.com\/fr\/652592\/","title":{"rendered":"Les nouveaut\u00e9s films et s\u00e9ries \u00e0 voir sur Netflix du 9 au 15 janvier 2026"},"content":{"rendered":"<p><strong>Netflix balance nombre de films et s\u00e9ries dans son catalogue chaque semaine, sans qu\u2019on les remarque ou que la plateforme ne l\u2019annonce officiellement. \u00c9cran Large revient sur les nouveaut\u00e9s ajout\u00e9es par\u00a0<a href=\"https:\/\/www.ecranlarge.com\/c\/streaming\/netflix\" target=\"_blank\" rel=\"noopener\">Netflix<\/a>\u00a0du 9 au 15 janvier 2026, films et s\u00e9ries confondus dans une liste non exhaustive.<\/strong><\/p>\n<p><strong>Quels sont les films et les s\u00e9ries \u00e0 ne pas manquer cette semaine sur la plateforme de streaming ?<\/strong><\/p>\n<p>La trilogie Dragons<\/p>\n<ul class=\"wp-block-list\">\n<li>D\u00e9j\u00e0 dispo<\/li>\n<li>Dur\u00e9e : 1h38, 1h42 et 1h44<\/li>\n<\/ul>\n<p><a href=\"https:\/\/www.ecranlarge.com\/content\/uploads\/2018\/10\/dragons-3-le-monde-cache-photo-1039293.jpg\" target=\"_blank\" rel=\"noopener\"><img loading=\"lazy\" decoding=\"async\" alt=\"Dragons 3 : Le monde cach\u00e9 : photo\" class=\"wp-image-51789\" src=\"https:\/\/www.europesays.com\/fr\/wp-content\/uploads\/2026\/01\/dragons-3-le-monde-cache-photo-1039293-630x261.jpg\" width=\"630\" height=\"261\"  \/><\/a>L\u2019aventure<\/p>\n<p><strong>De quoi \u00e7a parle ?<\/strong> Le timide Harold pensait que les dragons \u00e9taient des ennemis. Mais lorsqu\u2019il va se lier d\u2019amiti\u00e9 avec l\u2019une d\u2019eux (Crokmou), il va changer \u00e0 jamais les croyances des Vikings.<\/p>\n<p><strong>Pourquoi il faut le regarder ?<\/strong> Parce que la trilogie de Dean DeBlois est d\u00e9j\u00e0 <strong>un classique du cin\u00e9ma d\u2019animation hollywoodien<\/strong> et fait partie des plus belles \u0153uvres du studio DreamWorks, aussi bien techniquement qu\u2019\u00e9motionnellement. Pouvoir s\u2019enchainer les trois volets dans un petit marathon improvis\u00e9 permettra, en plus d\u2019appr\u00e9cier davantage l\u2019\u00e9volution d\u2019Harold et de Krokmou, de son adolescence dans le premier film de 2010 \u00e0 sa vie d\u2019adulte dans le dernier de 2019.<\/p>\n<p>Sinon, pour celles et ceux qui n\u2019auraient jamais vu aucun des films et h\u00e9sitent encore \u00e0 se lancer, les Vikings, les dragons, l\u2019humour mordant et la bande originale somptueuse de John Powell devraient \u00eatre des arguments suffisants. Aussi, une fois n\u2019est pas coutume, on vous les conseille en VF, avec notre star nationale Donald Reignoux\u00a0\u00e0 l\u2019\u0153uvre. <\/p>\n<p>l\u2019origine du mal<\/p>\n<ul class=\"wp-block-list\">\n<li>Disponible le 14 janvier<\/li>\n<li>Dur\u00e9e : 2h03<\/li>\n<\/ul>\n<p><a href=\"https:\/\/www.ecranlarge.com\/content\/uploads\/2026\/01\/nieibcavrafguaovuwg1zzsrr77.webp\" target=\"_blank\" rel=\"noopener\"><img loading=\"lazy\" decoding=\"async\" alt=\"l'origine du mal\" class=\"wp-image-1366139\" src=\"https:\/\/www.europesays.com\/fr\/wp-content\/uploads\/2026\/01\/nieibcavrafguaovuwg1zzsrr77-1260x709.webp.webp\" width=\"1260\" height=\"709\"  \/><\/a>Notre belle famille<\/p>\n<p><strong>De quoi \u00e7a parle ?<\/strong> Dans une luxueuse villa en bord de mer, une jeune femme modeste retrouve une \u00e9trange famille : un p\u00e8re inconnu et tr\u00e8s riche, son \u00e9pouse fantasque, sa fille, une femme d\u2019affaires ambitieuse, une ado rebelle ainsi qu\u2019une inqui\u00e9tante servante. Sauf que certains commencent \u00e0 se demander si elle n\u2019a pas menti, en se faisant passer pour une autre\u2026<\/p>\n<p><strong>Pourquoi il faut le voir ?<\/strong> Entre le trip mortel de Marina Fo\u00efs dans <strong>Irr\u00e9prochable<\/strong> en 2016, et les pr\u00e9sages d\u2019apocalypse de <strong>L\u2019Heure de la sortie<\/strong> avec Laurent Lafite en 2019, le r\u00e9alisateur S\u00e9bastien Marnier prend un malin plaisir \u00e0 <strong>sonder le noir dans l\u2019\u00e2me humaine<\/strong>. Il y va encore plus franco dans <strong><a href=\"https:\/\/www.ecranlarge.com\/films\/1368644-lorigine-du-mal\" data-type=\"films\" data-id=\"690449\" target=\"_blank\" rel=\"noopener\">L\u2019Origine du mal<\/a><\/strong>, <strong>r\u00e9cit on ne peut plus \u00ab\u00a0chabrolesque\u00a0\u00bb<\/strong> o\u00f9 il installe sa cam\u00e9ra dans une villa de luxe, en attendant que quelque chose implose derri\u00e8re les beaux sourires et coiffures.<\/p>\n<p>                    <img decoding=\"async\" alt=\"\" class=\"wp-image-518375\" style=\"object-fit:cover;width:25px;height:25px\" src=\"https:\/\/www.ecranlarge.com\/content\/uploads\/2023\/09\/arrow-right-circle.svg\"\/><\/p>\n<p>Dans le r\u00f4le du b\u00e2ton de dynamite, <strong><a href=\"https:\/\/www.ecranlarge.com\/personnalite\/792106-laure-calamy\" data-type=\"people\" data-id=\"428741\" target=\"_blank\" rel=\"noopener\">Laure Calamy<\/a> tire son \u00e9pingle du jeu<\/strong> face \u00e0 Doria Tillier, Dominique Blanc, et Jacques Weber. Et c\u2019est largement gr\u00e2ce \u00e0 l\u2019\u00e9criture S\u00e9bastien Marnier, qui a tout \u00e0 fait conscience qu\u2019il s\u2019aventure sur un terrain tr\u00e8s familier avec ce thriller d\u00e9licieusement tordu. Les ficelles sont connues, mais <strong>le r\u00e9sultat n\u2019en demeure pas moins r\u00e9jouissant<\/strong>.<\/p>\n<p>les sept cadrans d\u2019agatha christie<\/p>\n<ul class=\"wp-block-list\">\n<li>Disponible le 15 janvier<\/li>\n<li>Dur\u00e9e : 3 \u00e9pisodes d\u2019environ 55 minutes<\/li>\n<\/ul>\n<p><strong>De quoi \u00e7a parle ?<\/strong> Une jeune aristocrate brillante cherche \u00e0 \u00e9lucider le myst\u00e8re d\u2019un meurtre commis pendant une f\u00eate fastueuse dans une maison de campagne.<\/p>\n<p><strong>Pourquoi il faut la voir ?<\/strong> Parce qu\u2019on ne dit jamais non \u00e0 un petit whodunnit des familles, surtout quand il est adapt\u00e9 d\u2019un roman de la maitresse incontest\u00e9e du genre, Agatha Christie. Dans la veine d\u2019A couteaux tir\u00e9s, dont <strong><strong>Wake Up Dead Man<\/strong><\/strong>, le troisi\u00e8me volet est sorti il y a peu, l\u2019histoire a un potentiel addictif \u00e9vident, surtout pour les amateurs et amatrices du genre. <\/p>\n<p>De plus, le casting principal comprendra Helena Bonham Carter, d\u00e9j\u00e0 \u00e0 l\u2019\u0153uvre dans les films <strong>Enola Holmes<\/strong> de Netflix, ainsi que Martin Freeman qui rempile apr\u00e8s avoir jou\u00e9 le docteur Watson dans la s\u00e9rie <strong>Sherlock<\/strong> de 2010, parce que le monde du petit \u00e9cran est\u2026 petit. Le tout avec la patine so british des d\u00e9cors, costumes et accent qui convient au genre. <\/p>\n<p>Collection James Bond (les 25 films EON)<\/p>\n<ul class=\"wp-block-list\">\n<li>Disponible le 15 janvier<\/li>\n<li>Dur\u00e9e : de 1h49 (pour le premier <strong>James Bond 007 contre Dr. No<\/strong>) \u00e0 2h43 (pour le dernier en date, <strong>Mourir peut attendre<\/strong>)<\/li>\n<\/ul>\n<p><a href=\"https:\/\/www.ecranlarge.com\/content\/uploads\/2021\/09\/goldfinger-photo-sean-connery-1397116.jpg\" target=\"_blank\" rel=\"noopener\"><img loading=\"lazy\" decoding=\"async\" alt=\"Goldfinger : photo, Sean Connery\" class=\"wp-image-243646\" src=\"https:\/\/www.europesays.com\/fr\/wp-content\/uploads\/2026\/01\/goldfinger-photo-sean-connery-1397116-630x465.jpg\" width=\"630\" height=\"465\"  \/><\/a>Un gentleman. Enfin, parfois.<\/p>\n<p><strong>Lesquels on pr\u00e9f\u00e8re ?<\/strong> Allez, on en met un par acteur : <strong>Op\u00e9ration Tonnerre<\/strong> (Sean Connery), <strong>Au service secret de sa majest\u00e9<\/strong> (le seul de George Lazenby), <strong>Moonraker <\/strong>(Roger Moore), <strong>Tuer n\u2019est pas jouer<\/strong> (Timothy Dalton), <strong>GoldenEye<\/strong> (Pierce Brosnan) et <strong>Skyfall <\/strong>(Daniel Craig)<\/p>\n<p><strong>Pourquoi il faut les voir ?<\/strong> Parce que<strong> James Bond<\/strong>, <strong>c\u2019est un petit gros bout d\u2019histoire hollywoodienne et anglaise<\/strong>. Il est au moins int\u00e9ressant de se replonger dans une saga qui a toujours repr\u00e9sent\u00e9 un certain id\u00e9al masculin occidental. Un id\u00e9al propre \u00e0 son temps, parfois pour le meilleur, parfois pour le pire. C\u2019est aussi un t\u00e9moin de l\u2019\u00e9volution du cin\u00e9ma populaire, qui est pass\u00e9 par le minimalisme des d\u00e9buts, le d\u00e9lire surr\u00e9aliste des ann\u00e9es 1980 (sacr\u00e9 Roger Moore), la science du money-shot des ann\u00e9es 1990 et le pseudo-r\u00e9alisme m\u00e9ta des ann\u00e9es 2010.<\/p>\n<p>James Bond n\u2019a cess\u00e9 d\u2019\u00eatre ce qu\u2019on attend  de lui. <strong>Et on en attend souvent des spectacles r\u00e9ussis.<\/strong> La franchise regorge de sc\u00e8nes d\u2019action spectaculaires, de trucages malins et de cascades folles, effectu\u00e9es aux quatre coins du globe avec toutes sortes de v\u00e9hicules (bien qu\u2019il y ait une certaine pr\u00e9f\u00e9rence pour l\u2019Aston Martin). Et puis les m\u00e9lomanes s\u2019int\u00e9resseront forc\u00e9ment aux g\u00e9n\u00e9riques hauts en couleur, clips psych\u00e9d\u00e9liques qui, eux aussi, en disent long sur leur \u00e9poque de production\u2026<\/p>\n<p>MAIS AUSSI\u2026<\/p>\n<p><strong>L\u2019int\u00e9grale de Smallville, Le robot sauvage, People We Meet on Vacation, Jumeaux, Le flic de Belleville\u2026<\/strong><\/p>\n","protected":false},"excerpt":{"rendered":"Netflix balance nombre de films et s\u00e9ries dans son catalogue chaque semaine, sans qu\u2019on les remarque ou que&hellip;\n","protected":false},"author":2,"featured_media":652593,"comment_status":"","ping_status":"","sticky":false,"template":"","format":"standard","meta":{"footnotes":""},"categories":[1354],"tags":[58,59,1346,1011,27,1360],"class_list":{"0":"post-652592","1":"post","2":"type-post","3":"status-publish","4":"format-standard","5":"has-post-thumbnail","7":"category-films","8":"tag-divertissement","9":"tag-entertainment","10":"tag-films","11":"tag-fr","12":"tag-france","13":"tag-movies"},"share_on_mastodon":{"url":"https:\/\/pubeurope.com\/@fr\/115867347072840984","error":""},"_links":{"self":[{"href":"https:\/\/www.europesays.com\/fr\/wp-json\/wp\/v2\/posts\/652592","targetHints":{"allow":["GET"]}}],"collection":[{"href":"https:\/\/www.europesays.com\/fr\/wp-json\/wp\/v2\/posts"}],"about":[{"href":"https:\/\/www.europesays.com\/fr\/wp-json\/wp\/v2\/types\/post"}],"author":[{"embeddable":true,"href":"https:\/\/www.europesays.com\/fr\/wp-json\/wp\/v2\/users\/2"}],"replies":[{"embeddable":true,"href":"https:\/\/www.europesays.com\/fr\/wp-json\/wp\/v2\/comments?post=652592"}],"version-history":[{"count":0,"href":"https:\/\/www.europesays.com\/fr\/wp-json\/wp\/v2\/posts\/652592\/revisions"}],"wp:featuredmedia":[{"embeddable":true,"href":"https:\/\/www.europesays.com\/fr\/wp-json\/wp\/v2\/media\/652593"}],"wp:attachment":[{"href":"https:\/\/www.europesays.com\/fr\/wp-json\/wp\/v2\/media?parent=652592"}],"wp:term":[{"taxonomy":"category","embeddable":true,"href":"https:\/\/www.europesays.com\/fr\/wp-json\/wp\/v2\/categories?post=652592"},{"taxonomy":"post_tag","embeddable":true,"href":"https:\/\/www.europesays.com\/fr\/wp-json\/wp\/v2\/tags?post=652592"}],"curies":[{"name":"wp","href":"https:\/\/api.w.org\/{rel}","templated":true}]}}