{"id":652598,"date":"2026-01-09T21:51:18","date_gmt":"2026-01-09T21:51:18","guid":{"rendered":"https:\/\/www.europesays.com\/fr\/652598\/"},"modified":"2026-01-09T21:51:18","modified_gmt":"2026-01-09T21:51:18","slug":"paris-aide-par-lemission-lagence-lancien-joueur-de-lol-cris-cherche-une-maison-a-20-millions-deuros","status":"publish","type":"post","link":"https:\/\/www.europesays.com\/fr\/652598\/","title":{"rendered":"Paris. Aid\u00e9 par l\u2019\u00e9mission \u00ab\u00a0L\u2019Agence\u00a0\u00bb, l\u2019ancien joueur de l\u2019OL Cris cherche une maison \u00e0 20\u00a0millions d\u2019euros"},"content":{"rendered":"<p>Ce jeudi soir, le c\u00e9l\u00e8bre footballeur br\u00e9silien Cris, pass\u00e9 par l\u2019Olympique lyonnais, \u00e9tait \u00e0 l\u2019affiche de l\u2019\u00e9mission \u00ab\u00a0l\u2019Agence, l\u2019immobilier de luxe en famille\u00a0\u00bb, diffus\u00e9e sur TMC.<\/p>\n<p>Le couple s\u2019est lanc\u00e9 dans une recherche immobili\u00e8re pour le moins ambitieuse\u00a0: d\u00e9nicher un v\u00e9ritable joyau parisien. La famille Kretz, r\u00e9f\u00e9rence de l\u2019immobilier de luxe, s\u2019est donc mise en qu\u00eate de la perle rare pour Cris Gomes et son \u00e9pouse Tatiane de Freitas.<\/p>\n<p>Ce jeudi soir, le c\u00e9l\u00e8bre footballeur br\u00e9silien Cris, pass\u00e9 par l\u2019Olympique lyonnais, \u00e9tait \u00e0 l\u2019affiche de l\u2019\u00e9mission \u00ab\u00a0l\u2019Agence, l\u2019immobilier de luxe en famille\u00a0\u00bb, diffus\u00e9e sur TMC. Le couple s\u2019est lanc\u00e9 dans une recherche immobili\u00e8re pour le moins ambitieuse\u00a0: d\u00e9nicher un v\u00e9ritable joyau parisien.<\/p>\n<p>La famille Kretz, r\u00e9f\u00e9rence de l\u2019immobilier de luxe, s\u2019est donc mise en qu\u00eate de la perle rare pour Cris Gomes et son \u00e9pouse Tatiane de Freitas.<\/p>\n<p>International br\u00e9silien, Cris a marqu\u00e9 les Gones en \u00e9voluant \u00e0 l\u2019Olympique lyonnais au poste de d\u00e9fenseur entre\u00a02004 et\u00a02012. Tatiane de Freitas, de son c\u00f4t\u00e9, est cr\u00e9atrice de pr\u00eat-\u00e0-porter et a ouvert sa boutique de maillots de bain dans le 6 e arrondissement de Lyon.<\/p>\n<p>  Le jardin\u00a0: un crit\u00e8re non n\u00e9gociable<\/p>\n<p>Dans <a href=\"https:\/\/www.leprogres.fr\/societe\/2023\/01\/12\/l-agence-revient-ce-jeudi-sur-tmc-ces-celebrites-qui-ont-confie-leur-maison-a-la-famille-kretz\" target=\"_blank\" rel=\"noopener\">l\u2019\u00e9mission familiale<\/a> diffus\u00e9e tous les jeudis soir, la mission est claire pour la famille embl\u00e9matique de l\u2019immobilier de luxe\u00a0: trouver un bien d\u2019exception pour le couple. Mais impossible de conclure sans un crit\u00e8re essentiel aux yeux de Cris et Tatiane\u00a0: un jardin spacieux. Tr\u00e8s spacieux, m\u00eame.<\/p>\n<p>C\u00f4t\u00e9 budget, le couple se fixe une limite \u00e0 20\u00a0millions d\u2019euros. Pour mener cette exploration haut de gamme, ils sont accompagn\u00e9s par Martin et Sandrine, qui leur font d\u00e9couvrir un joyau Art D\u00e9co situ\u00e9 \u00e0 Boulogne. \u00c0 suivre\u2026<\/p>\n","protected":false},"excerpt":{"rendered":"Ce jeudi soir, le c\u00e9l\u00e8bre footballeur br\u00e9silien Cris, pass\u00e9 par l\u2019Olympique lyonnais, \u00e9tait \u00e0 l\u2019affiche de l\u2019\u00e9mission \u00ab\u00a0l\u2019Agence,&hellip;\n","protected":false},"author":2,"featured_media":652599,"comment_status":"","ping_status":"","sticky":false,"template":"","format":"standard","meta":{"footnotes":""},"categories":[8],"tags":[1687,58,33,2757,59,107,63,1011,27,1757,2428,2756,2429,273,104,517,2205],"class_list":{"0":"post-652598","1":"post","2":"type-post","3":"status-publish","4":"format-standard","5":"has-post-thumbnail","7":"category-divertissement","8":"tag-culture-loisirs","9":"tag-divertissement","10":"tag-economie","11":"tag-edition-lyon-villeurbanne","12":"tag-entertainment","13":"tag-fil-info","14":"tag-football","15":"tag-fr","16":"tag-france","17":"tag-insolite","18":"tag-lyon","19":"tag-lyon-bassin","20":"tag-rhone","21":"tag-selection-de-la-redaction","22":"tag-societe","23":"tag-sport","24":"tag-television-medias"},"share_on_mastodon":{"url":"https:\/\/pubeurope.com\/@fr\/115867358552585659","error":""},"_links":{"self":[{"href":"https:\/\/www.europesays.com\/fr\/wp-json\/wp\/v2\/posts\/652598","targetHints":{"allow":["GET"]}}],"collection":[{"href":"https:\/\/www.europesays.com\/fr\/wp-json\/wp\/v2\/posts"}],"about":[{"href":"https:\/\/www.europesays.com\/fr\/wp-json\/wp\/v2\/types\/post"}],"author":[{"embeddable":true,"href":"https:\/\/www.europesays.com\/fr\/wp-json\/wp\/v2\/users\/2"}],"replies":[{"embeddable":true,"href":"https:\/\/www.europesays.com\/fr\/wp-json\/wp\/v2\/comments?post=652598"}],"version-history":[{"count":0,"href":"https:\/\/www.europesays.com\/fr\/wp-json\/wp\/v2\/posts\/652598\/revisions"}],"wp:featuredmedia":[{"embeddable":true,"href":"https:\/\/www.europesays.com\/fr\/wp-json\/wp\/v2\/media\/652599"}],"wp:attachment":[{"href":"https:\/\/www.europesays.com\/fr\/wp-json\/wp\/v2\/media?parent=652598"}],"wp:term":[{"taxonomy":"category","embeddable":true,"href":"https:\/\/www.europesays.com\/fr\/wp-json\/wp\/v2\/categories?post=652598"},{"taxonomy":"post_tag","embeddable":true,"href":"https:\/\/www.europesays.com\/fr\/wp-json\/wp\/v2\/tags?post=652598"}],"curies":[{"name":"wp","href":"https:\/\/api.w.org\/{rel}","templated":true}]}}