{"id":652604,"date":"2026-01-09T21:54:09","date_gmt":"2026-01-09T21:54:09","guid":{"rendered":"https:\/\/www.europesays.com\/fr\/652604\/"},"modified":"2026-01-09T21:54:09","modified_gmt":"2026-01-09T21:54:09","slug":"le-monde-agricole-ne-decolere-pas-contre-laccord-mercosur-vote-a-bruxelles-boursorama","status":"publish","type":"post","link":"https:\/\/www.europesays.com\/fr\/652604\/","title":{"rendered":"Le monde agricole ne d\u00e9col\u00e8re pas contre l&#039;accord Mercosur, vot\u00e9 \u00e0 Bruxelles &#8211; Boursorama"},"content":{"rendered":"<ol>\n<li><a href=\"https:\/\/news.google.com\/rss\/articles\/CBMi-wFBVV95cUxNR0tTS2VYazhmdUdMbnJNVnJvY1hicmI4MVEwak1OcERvbktVa041WTNQX3I4QVpWRU5rZS1mVkctYjVXVno4ZmJXczJLQ09GQ3QtMFpSTG5oYmpreC13ZUtjRTJvbWJ0VWNlU0tuSUh4Z1N4TE12cFAzVTJtSHYtZU1BdkR2V0VjQW9LbjFjeVhJNHE1SHNBWmJURDN6VkR6bW0tVDR1cDdkckFtTGlwLTlHOTRlM19sbHdYbFJTaFJoWGhIRTRSV0x0VHNvdnFjWjJGTldJWlVrUmM1TkdqR05YNEtxYjBZQVd4LU9rOUFiRjFIbnJOMXRKVdIBgAJBVV95cUxPWUs0NkxOVmJneHQ4bTlBUlExYkFaTlRMQl90SlN4TXI4OUd2U3BSd2RBMGZsczR1OGN2WXJSYk9MbHd5TjRQeGZOWmk3d2tYb1dUZTdOUFF6Ym5CZEFzQzY5NnlBdDh6czlSODZ2ajduNFdLdjFlQk5uV0I3ZUNVS04ybGIzMDR5ZjRpQUFybmNCZDc5RHVFX2dNWVpSdmlXYmtZWFg2cVo2NERod1dvdWdEaEFLM0Q1eHdYdFd5MElmUThXVXNWREt4X1dKcHpsNjhoNE1PaGlFZlJJXzBWVk94WFpMYTZieVRHY2kyRXh0NTA5TXVrRkNuVkwzV21Y?oc=5\" target=\"_blank\" rel=\"noopener\">Le monde agricole ne d\u00e9col\u00e8re pas contre l&rsquo;accord Mercosur, vot\u00e9 \u00e0 Bruxelles<\/a>&nbsp;&nbsp;Boursorama<\/li>\n<li><a href=\"https:\/\/news.google.com\/rss\/articles\/CBMiiAJBVV95cUxQbmNCSE9KcFpwTURySHRsZXEzcGZuVTFjZFIyeU84NWZ6emhubEktdFJtSlVHQW5yUndRdkRfbktpZnZST1lKbWRCNzBqbVlFU3dvSG5KbTNXQWY5YzN2ejR5WVVVSDFwdzA5SFlCX1pVLV9pbElxU0lXbHoxOUZCRE1HbWdVREJ2QzlXdmI0U0pTd1d1NncwUDE5UGVYcDFQTldyc0xJdWc5Wmx6TjJkTUxOOGZVWk5rMlYyRE9pNmVRVHNzQVcwbGwxV2NhcE5FUGpZdi1ranFoekRoMnl0al9HS2xvY0o2MmZzWDZURXk5UURvRkxhSkQ3OTVGWmQ1WHA0ZTZuUE8?oc=5\" target=\"_blank\" rel=\"noopener\">UE-Mercosur : la Commission envisage une entr\u00e9e en vigueur du texte, sans attendre la ratification du Parlement<\/a>&nbsp;&nbsp;Le Monde.fr<\/li>\n<li><a href=\"https:\/\/news.google.com\/rss\/articles\/CBMikgJBVV95cUxOeFoxemQxNlZUUVRrcWNjblR5TGNqQkpFMTNsb0ZIUEV4YVNEcmZ0NVhQeWF6dmFGbWJ2TjVoenhRd09xbURQUjhSVXZFUi03ZzFtbnl4Uk5xeHlXY29OaHM1VVlacHRpUVlrNlhtelZLUTEwQjh0VXFSS1YtdlNDT0xMOWdQcHFtTXNGQ0ZTSHVKSlZLMWRPeUl2NFRCLThLMHV4eFRTa3prNTlDbEREd0F1RmlZQjVyWG1OT3dLeDJZR0dRNWl2dWtMOXE1c25aelV6cUxsTmxla0R6S0ZleW5fY3hvdENuYTdsekt1QlBDN2ZZZ0QwQTB2OW1rMm5YaTltLXhkVExsOG9MRGQyRFlB?oc=5\" target=\"_blank\" rel=\"noopener\">\u00ab C\u2019est pour dire qu\u2019on va arriver \u00bb : le feu de la col\u00e8re des agriculteurs repart \u00e0 Callac<\/a>&nbsp;&nbsp;Ouest-France<\/li>\n<li><a href=\"https:\/\/news.google.com\/rss\/articles\/CBMiywFBVV95cUxQSjlZLVJBLThXRTZXYnh2cnY4ZDFOWDVJRFRqTFRRc3BxdkFrbk41ZlRCaThuSWJNMFg5MUtzMzFHYWl0eEcxbi1BemNCR001Y19jZDA1dDNFMFhRbXpGTWZKUTFISVhrNDA0UDFmVDhuRV9SXzd1VXZYMGJ5Q0JaVHJXa3hDZFZubjFsTjA3Qnh3TVowUGZKSlU5UFh3TjFmcU1iUUw3NHNkLXNackxpODZXdlYxYVVXQm9uTFhNdzZKcU1IdUFfd0NQZw?oc=5\" target=\"_blank\" rel=\"noopener\">L\u2019accord avec le Mercosur valid\u00e9 par une majorit\u00e9 des pays de l\u2019UE<\/a>&nbsp;&nbsp;20 Minutes<\/li>\n<li><a href=\"https:\/\/news.google.com\/rss\/articles\/CBMi0wFBVV95cUxOdUlSVVhEQzhGS3BsX21fXzZid1hQcDV1U2VDRV8xT2dIQTZxMVBpVzFNcy1RODB3cEtSRVg0RWtUbnNvb1ItRHRXS3RBY0YwOHQxbThWMjd4ZVROa2RfT0tNNTVHMnIxVEo1OFdrUTJmaWlwb01HRnpuN3Nfb05wWmhoWERudWlCWVZKeXFQSWJ6Y290WWpmUHJTRW5LUC04cFJaOGVKOHphTG9MSV9vVzZrallvNGhBMHNQNWlKTVVBTnFIc3cwVnYyeDNFSW1nQ20w?oc=5\" target=\"_blank\" rel=\"noopener\">Mercosur : le coup de force de l\u2019Allemagne qui court-circuite le Parlement europ\u00e9en<\/a>&nbsp;&nbsp;Le Point<\/li>\n<\/ol>\n","protected":false},"excerpt":{"rendered":"Le monde agricole ne d\u00e9col\u00e8re pas contre l&rsquo;accord Mercosur, vot\u00e9 \u00e0 Bruxelles&nbsp;&nbsp;Boursorama UE-Mercosur : la Commission envisage une&hellip;\n","protected":false},"author":2,"featured_media":395849,"comment_status":"","ping_status":"","sticky":false,"template":"","format":"standard","meta":{"footnotes":""},"categories":[5],"tags":[11,1011,27,14,12,28],"class_list":{"0":"post-652604","1":"post","2":"type-post","3":"status-publish","4":"format-standard","5":"has-post-thumbnail","7":"category-international","8":"tag-actualites","9":"tag-fr","10":"tag-france","11":"tag-international","12":"tag-news","13":"tag-world"},"share_on_mastodon":{"url":"https:\/\/pubeurope.com\/@fr\/115867370370005143","error":""},"_links":{"self":[{"href":"https:\/\/www.europesays.com\/fr\/wp-json\/wp\/v2\/posts\/652604","targetHints":{"allow":["GET"]}}],"collection":[{"href":"https:\/\/www.europesays.com\/fr\/wp-json\/wp\/v2\/posts"}],"about":[{"href":"https:\/\/www.europesays.com\/fr\/wp-json\/wp\/v2\/types\/post"}],"author":[{"embeddable":true,"href":"https:\/\/www.europesays.com\/fr\/wp-json\/wp\/v2\/users\/2"}],"replies":[{"embeddable":true,"href":"https:\/\/www.europesays.com\/fr\/wp-json\/wp\/v2\/comments?post=652604"}],"version-history":[{"count":0,"href":"https:\/\/www.europesays.com\/fr\/wp-json\/wp\/v2\/posts\/652604\/revisions"}],"wp:featuredmedia":[{"embeddable":true,"href":"https:\/\/www.europesays.com\/fr\/wp-json\/wp\/v2\/media\/395849"}],"wp:attachment":[{"href":"https:\/\/www.europesays.com\/fr\/wp-json\/wp\/v2\/media?parent=652604"}],"wp:term":[{"taxonomy":"category","embeddable":true,"href":"https:\/\/www.europesays.com\/fr\/wp-json\/wp\/v2\/categories?post=652604"},{"taxonomy":"post_tag","embeddable":true,"href":"https:\/\/www.europesays.com\/fr\/wp-json\/wp\/v2\/tags?post=652604"}],"curies":[{"name":"wp","href":"https:\/\/api.w.org\/{rel}","templated":true}]}}