{"id":652609,"date":"2026-01-09T21:57:10","date_gmt":"2026-01-09T21:57:10","guid":{"rendered":"https:\/\/www.europesays.com\/fr\/652609\/"},"modified":"2026-01-09T21:57:10","modified_gmt":"2026-01-09T21:57:10","slug":"onet-le-chateau-toutes-sportives-pour-faire-du-sport-autrement","status":"publish","type":"post","link":"https:\/\/www.europesays.com\/fr\/652609\/","title":{"rendered":"Onet-le-Ch\u00e2teau. \u00ab\u00a0Toutes sportives\u00a0\u00bb, pour faire du sport autrement\u2026"},"content":{"rendered":"<p>Ce vendredi, comme tous les vendredis de 14 heures \u00e0 15 h 15, ces dames avaient rendez-vous avec Ambre ou Anthony dans la grande salle du Patio-centre social, pour leur s\u00e9ance d\u2019activit\u00e9 multisport.<\/p>\n<p>Un rendez-vous privil\u00e9gi\u00e9 pour partager un moment convivial entre elles, pour d\u00e9couvrir ou s\u2019initier \u00e0 une multitude d\u2019activit\u00e9s diff\u00e9rentes \u00e0 chaque session, de fa\u00e7on ludique et sans comp\u00e9tition, rien que pour le plaisir et l\u2019envie de se donner les moyens d\u2019un mieux-\u00eatre, mais chacune \u00e0 son rythme\u2026<\/p>\n<p>De la m\u00eame fa\u00e7on, les deux coachs sportifs de l\u2019Ufolep animent \u00e9galement des sessions pour les enfants.<\/p>\n<p>C\u2019est \u00ab\u00a0l\u2019\u00e9cole du sport\u00a0\u00bb, qui a lieu, toujours dans la grande salle du Patio-centre social, mais cette fois-ci, le mercredi : de 13 h 30 \u00e0 14 h 30 pour les enfants de 9 \u00e0 12 ans et de 14 h 45 \u00e0 15 h 45 pour les enfants de 5 \u00e0 8 ans. Avec toujours les m\u00eames objectifs : la d\u00e9couverte et l\u2019initiation de sports et d\u2019activit\u00e9s physiques et ce, dans un cadre ludique et bienveillant.<\/p>\n<p>Pour en savoir plus : Ufolep 07 82 59 43 10.<\/p>\n","protected":false},"excerpt":{"rendered":"Ce vendredi, comme tous les vendredis de 14 heures \u00e0 15 h 15, ces dames avaient rendez-vous avec&hellip;\n","protected":false},"author":2,"featured_media":652610,"comment_status":"","ping_status":"","sticky":false,"template":"","format":"standard","meta":{"footnotes":""},"categories":[9653],"tags":[1111,11,2430,18483,1777,674,1011,27,12,69698,25,4001,801,1857],"class_list":{"0":"post-652609","1":"post","2":"type-post","3":"status-publish","4":"format-standard","5":"has-post-thumbnail","7":"category-saint-etienne","8":"tag-actu","9":"tag-actualites","10":"tag-auvergne-rhone-alpes","11":"tag-aveyron","12":"tag-eu","13":"tag-europe","14":"tag-fr","15":"tag-france","16":"tag-news","17":"tag-onetlechateau","18":"tag-republique-francaise","19":"tag-saint-etienne","20":"tag-social","21":"tag-sociu00e9tu00e9"},"share_on_mastodon":{"url":"https:\/\/pubeurope.com\/@fr\/115867382120822192","error":""},"_links":{"self":[{"href":"https:\/\/www.europesays.com\/fr\/wp-json\/wp\/v2\/posts\/652609","targetHints":{"allow":["GET"]}}],"collection":[{"href":"https:\/\/www.europesays.com\/fr\/wp-json\/wp\/v2\/posts"}],"about":[{"href":"https:\/\/www.europesays.com\/fr\/wp-json\/wp\/v2\/types\/post"}],"author":[{"embeddable":true,"href":"https:\/\/www.europesays.com\/fr\/wp-json\/wp\/v2\/users\/2"}],"replies":[{"embeddable":true,"href":"https:\/\/www.europesays.com\/fr\/wp-json\/wp\/v2\/comments?post=652609"}],"version-history":[{"count":0,"href":"https:\/\/www.europesays.com\/fr\/wp-json\/wp\/v2\/posts\/652609\/revisions"}],"wp:featuredmedia":[{"embeddable":true,"href":"https:\/\/www.europesays.com\/fr\/wp-json\/wp\/v2\/media\/652610"}],"wp:attachment":[{"href":"https:\/\/www.europesays.com\/fr\/wp-json\/wp\/v2\/media?parent=652609"}],"wp:term":[{"taxonomy":"category","embeddable":true,"href":"https:\/\/www.europesays.com\/fr\/wp-json\/wp\/v2\/categories?post=652609"},{"taxonomy":"post_tag","embeddable":true,"href":"https:\/\/www.europesays.com\/fr\/wp-json\/wp\/v2\/tags?post=652609"}],"curies":[{"name":"wp","href":"https:\/\/api.w.org\/{rel}","templated":true}]}}