{"id":652611,"date":"2026-01-09T21:58:12","date_gmt":"2026-01-09T21:58:12","guid":{"rendered":"https:\/\/www.europesays.com\/fr\/652611\/"},"modified":"2026-01-09T21:58:12","modified_gmt":"2026-01-09T21:58:12","slug":"saint-etienne-le-molard-bientot-le-recensement-sur-la-commune","status":"publish","type":"post","link":"https:\/\/www.europesays.com\/fr\/652611\/","title":{"rendered":"Saint-\u00c9tienne-le-Molard. Bient\u00f4t le recensement sur la commune"},"content":{"rendered":"<p>La commune r\u00e9alise le recensement de sa population pour mieux conna\u00eetre son \u00e9volution, ses besoins et ainsi d\u00e9velopper de petits et grands projets pour y r\u00e9pondre.<\/p>\n<p>Il d\u00e9butera le jeudi 15\u00a0janvier. Une lettre du maire sera d\u00e9pos\u00e9e dans votre bo\u00eete aux lettres pour vous informer de l\u2019op\u00e9ration. Puis, un agent recenseur, recrut\u00e9 par la commune, vous fournira une notice internet, soit dans votre bo\u00eete aux lettres, soit en main propre.<\/p>\n<p class=\"note\">Pour contacter la mairie, vous pouvez appeler au 04.77.97.57.05 ou envoyer un e-mail \u00e0 l\u2019adresse suivante\u00a0: mairie.lemolard@wanadoo.fr<\/p>\n","protected":false},"excerpt":{"rendered":"La commune r\u00e9alise le recensement de sa population pour mieux conna\u00eetre son \u00e9volution, ses besoins et ainsi d\u00e9velopper&hellip;\n","protected":false},"author":2,"featured_media":652612,"comment_status":"","ping_status":"","sticky":false,"template":"","format":"standard","meta":{"footnotes":""},"categories":[9653],"tags":[1111,11,2430,41738,4523,7359,1777,674,1011,27,12,25,4001,49670,104],"class_list":{"0":"post-652611","1":"post","2":"type-post","3":"status-publish","4":"format-standard","5":"has-post-thumbnail","7":"category-saint-etienne","8":"tag-actu","9":"tag-actualites","10":"tag-auvergne-rhone-alpes","11":"tag-boen-sur-lignon-bassin","12":"tag-conseils-pratiques","13":"tag-edition-loire-centre","14":"tag-eu","15":"tag-europe","16":"tag-fr","17":"tag-france","18":"tag-news","19":"tag-republique-francaise","20":"tag-saint-etienne","21":"tag-saint-etienne-le-molard","22":"tag-societe"},"share_on_mastodon":{"url":"https:\/\/pubeurope.com\/@fr\/115867386100295757","error":""},"_links":{"self":[{"href":"https:\/\/www.europesays.com\/fr\/wp-json\/wp\/v2\/posts\/652611","targetHints":{"allow":["GET"]}}],"collection":[{"href":"https:\/\/www.europesays.com\/fr\/wp-json\/wp\/v2\/posts"}],"about":[{"href":"https:\/\/www.europesays.com\/fr\/wp-json\/wp\/v2\/types\/post"}],"author":[{"embeddable":true,"href":"https:\/\/www.europesays.com\/fr\/wp-json\/wp\/v2\/users\/2"}],"replies":[{"embeddable":true,"href":"https:\/\/www.europesays.com\/fr\/wp-json\/wp\/v2\/comments?post=652611"}],"version-history":[{"count":0,"href":"https:\/\/www.europesays.com\/fr\/wp-json\/wp\/v2\/posts\/652611\/revisions"}],"wp:featuredmedia":[{"embeddable":true,"href":"https:\/\/www.europesays.com\/fr\/wp-json\/wp\/v2\/media\/652612"}],"wp:attachment":[{"href":"https:\/\/www.europesays.com\/fr\/wp-json\/wp\/v2\/media?parent=652611"}],"wp:term":[{"taxonomy":"category","embeddable":true,"href":"https:\/\/www.europesays.com\/fr\/wp-json\/wp\/v2\/categories?post=652611"},{"taxonomy":"post_tag","embeddable":true,"href":"https:\/\/www.europesays.com\/fr\/wp-json\/wp\/v2\/tags?post=652611"}],"curies":[{"name":"wp","href":"https:\/\/api.w.org\/{rel}","templated":true}]}}