{"id":652613,"date":"2026-01-09T21:59:32","date_gmt":"2026-01-09T21:59:32","guid":{"rendered":"https:\/\/www.europesays.com\/fr\/652613\/"},"modified":"2026-01-09T21:59:32","modified_gmt":"2026-01-09T21:59:32","slug":"retour-sur-la-journee-parite-du-cran-projection-du-film-radioactive-factuel","status":"publish","type":"post","link":"https:\/\/www.europesays.com\/fr\/652613\/","title":{"rendered":"Retour sur la journ\u00e9e parit\u00e9 du CRAN : projection du film Radioactive &#8211; Factuel"},"content":{"rendered":"<p>Temps de lecture : 2 minutes<\/p>\n<p class=\"MsoNormal\">Une cinquantaine de personnes a particip\u00e9 \u00e0 la demi-journ\u00e9e de sensibilisation \u00e0 la parit\u00e9 dans l\u2019enseignement sup\u00e9rieur et la recherche organis\u00e9e par la Commission Parit\u00e9 du CRAN jeudi 27 novembre 2025 \u00e0 la Facult\u00e9 des Sciences et Technologies. Cette ann\u00e9e, il \u00e9tait propos\u00e9 de visionner le film Radioactive, r\u00e9alis\u00e9 par Marjane Satrapi en 2019, rendant hommage \u00e0 Marie Curie.<\/p>\n<p class=\"MsoNormal\">Le film retrace la vie de Maria Sklodowska, n\u00e9e \u00e0 Varsovie en 1867, venue \u00e9tudier les sciences physiques \u00e0 Paris. Progressivement, elle d\u00e9veloppe ses travaux de recherche, rencontre Pierre Curie, obtient un premier Prix Nobel de Physique en 1903, puis un second de Chimie en 1911, devenant ainsi la seule personne, femmes et hommes confondus, \u00e0 avoir obtenu deux Prix Nobel dans deux disciplines diff\u00e9rentes jusqu\u2019\u00e0 pr\u00e9sent. Le film rend hommage \u00e0 sa pers\u00e9v\u00e9rance, \u00e0 son courage et aux nombreuses avanc\u00e9es m\u00e9dicales que ses travaux de recherche ont permis de r\u00e9aliser, sur le th\u00e9\u00e2tre de la Premi\u00e8re Guerre mondiale d\u2019abord, puis en mati\u00e8re de traitement des cancers, autrement appel\u00e9e \u00ab curieth\u00e9rapie \u00bb.<\/p>\n<p class=\"MsoNormal\">Cette projection fut l\u2019occasion de rappeler les in\u00e9galit\u00e9s qui perdurent dans le monde de l\u2019enseignement sup\u00e9rieur et de la recherche, o\u00f9 les femmes sont minoritaires parmi les \u00e9tudiantes en \u00ab sciences, techniques et ing\u00e9nierie \u00bb. Les in\u00e9galit\u00e9s sont \u00e9galement pr\u00e9sentes en mati\u00e8re d\u2019avancement de carri\u00e8re : le rapport social unique de l\u2019Universit\u00e9 de Lorraine indique qu\u2019en 2023, les femmes repr\u00e9sentaient 41 % des Ma\u00eetres et Ma\u00eetresses de conf\u00e9rences et 23 % des Professeures et Professeurs des universit\u00e9s. Par ailleurs, la Fondation Nobel pr\u00e9cise que les femmes repr\u00e9sentent 6,3 % des laur\u00e9ats du Prix Nobel depuis sa cr\u00e9ation en 1901.<\/p>\n<p>Gr\u00e2ce au soutien technique du Service audiovisuel et multim\u00e9dia de la Sous-direction des usages du num\u00e9rique, le film a pu \u00eatre projet\u00e9 dans d\u2019excellentes conditions sonores et visuelles au sein de l\u2019amphith\u00e9\u00e2tre 8.<\/p>\n<p class=\"MsoNormal\">Ce film rappelle que les femmes ont toute leur place en science !<\/p>\n<p><img fetchpriority=\"high\" decoding=\"async\" width=\"230\" height=\"300\" src=\"https:\/\/www.europesays.com\/fr\/wp-content\/uploads\/2026\/01\/2025_Journee_Parite_Photo_amphi_projection_film-e1767971988544-230x300.jpg\" alt=\"\" class=\"wp-image-71910\"  \/><\/p>\n","protected":false},"excerpt":{"rendered":"Temps de lecture : 2 minutes Une cinquantaine de personnes a particip\u00e9 \u00e0 la demi-journ\u00e9e de sensibilisation \u00e0&hellip;\n","protected":false},"author":2,"featured_media":652614,"comment_status":"","ping_status":"","sticky":false,"template":"","format":"standard","meta":{"footnotes":""},"categories":[9635],"tags":[1111,11,1777,674,1011,27,775,1702,12,25],"class_list":{"0":"post-652613","1":"post","2":"type-post","3":"status-publish","4":"format-standard","5":"has-post-thumbnail","7":"category-nancy","8":"tag-actu","9":"tag-actualites","10":"tag-eu","11":"tag-europe","12":"tag-fr","13":"tag-france","14":"tag-grand-est","15":"tag-nancy","16":"tag-news","17":"tag-republique-francaise"},"share_on_mastodon":{"url":"https:\/\/pubeurope.com\/@fr\/115867390104062861","error":""},"_links":{"self":[{"href":"https:\/\/www.europesays.com\/fr\/wp-json\/wp\/v2\/posts\/652613","targetHints":{"allow":["GET"]}}],"collection":[{"href":"https:\/\/www.europesays.com\/fr\/wp-json\/wp\/v2\/posts"}],"about":[{"href":"https:\/\/www.europesays.com\/fr\/wp-json\/wp\/v2\/types\/post"}],"author":[{"embeddable":true,"href":"https:\/\/www.europesays.com\/fr\/wp-json\/wp\/v2\/users\/2"}],"replies":[{"embeddable":true,"href":"https:\/\/www.europesays.com\/fr\/wp-json\/wp\/v2\/comments?post=652613"}],"version-history":[{"count":0,"href":"https:\/\/www.europesays.com\/fr\/wp-json\/wp\/v2\/posts\/652613\/revisions"}],"wp:featuredmedia":[{"embeddable":true,"href":"https:\/\/www.europesays.com\/fr\/wp-json\/wp\/v2\/media\/652614"}],"wp:attachment":[{"href":"https:\/\/www.europesays.com\/fr\/wp-json\/wp\/v2\/media?parent=652613"}],"wp:term":[{"taxonomy":"category","embeddable":true,"href":"https:\/\/www.europesays.com\/fr\/wp-json\/wp\/v2\/categories?post=652613"},{"taxonomy":"post_tag","embeddable":true,"href":"https:\/\/www.europesays.com\/fr\/wp-json\/wp\/v2\/tags?post=652613"}],"curies":[{"name":"wp","href":"https:\/\/api.w.org\/{rel}","templated":true}]}}