{"id":652623,"date":"2026-01-09T22:04:11","date_gmt":"2026-01-09T22:04:11","guid":{"rendered":"https:\/\/www.europesays.com\/fr\/652623\/"},"modified":"2026-01-09T22:04:11","modified_gmt":"2026-01-09T22:04:11","slug":"montpellier-a-pris-de-la-consistance-en-ce-debut-dannee-2026","status":"publish","type":"post","link":"https:\/\/www.europesays.com\/fr\/652623\/","title":{"rendered":"Montpellier a \u00ab\u00a0pris de la consistance\u00a0\u00bb en ce d\u00e9but d\u2019ann\u00e9e 2026"},"content":{"rendered":"<p><strong>Tours\u00a0&#8211; Montpellier<\/strong><\/p>\n<p>C\u2019est une \u00e9quipe de Montpellier en pleine confiance qui a rejoint Tours, ce vendredi. Vainqueur du derby face \u00e0 S\u00e8te entre les f\u00eates (3-1), le MHSC est parti fort, tr\u00e8s fort m\u00eame \u00e0 l\u2019assaut de 2026\u00a0! Apr\u00e8s \u00eatre all\u00e9 s\u2019imposer, en quatre manches, \u00e0 Tourcoing, il s\u2019est offert Varsovie, ce mercredi 7\u00a0janvier, en Ligue des champions (3-2).<\/p>\n<p>\u00ab\u00a0On a produit du grand volley-ball\u00a0\u00bb<\/p>\n<p>Un succ\u00e8s qui lui ouvre quelques perspectives dans cette coupe d\u2019Europe o\u00f9 il \u00e9volue dans un groupe compos\u00e9 de Civitanova, Varsovie donc et Louvain, mais qui surtout valide pas mal de choses. \u00ab\u00a0C\u2019est une tr\u00e8s belle victoire, sur tous les plans, appr\u00e9cie Lo\u00efc Le Marrec, parce que c\u2019est Varsovie en face, un gros club europ\u00e9en, et puis parce qu\u2019on a produit du grand volley-ball. Les mecs individuellement ont tr\u00e8s bien jou\u00e9, mais c\u2019est aussi vraiment une belle performance collective&#8230;. <\/p>\n<p>    Cet article a \u00e9t\u00e9 tronqu\u00e9. Abonnez-vous pour lire l&rsquo;article complet sur notre site.<\/p>\n<p>\u00a0\u00bb<\/p>\n<p style=\"margin: 0 !important; padding: 0 !important; font-size: 12px !important;\">Cet article a \u00e9t\u00e9 tronqu\u00e9. Abonnez-vous pour lire l&rsquo;article complet.<\/p>\n<p>    <a href=\"https:\/\/www.lanouvellerepublique.fr\/abonnements\" style=\"display: inline-block; margin-top: 5px !important; padding: 6px 12px !important; background: #cb1c27; color: white; text-decoration: none; border-radius: 4px; font-size: 12px !important;\" target=\"_blank\" rel=\"noopener\"><br \/>\n      S&rsquo;abonner<br \/>\n    <\/a><\/p>\n","protected":false},"excerpt":{"rendered":"Tours\u00a0&#8211; Montpellier C\u2019est une \u00e9quipe de Montpellier en pleine confiance qui a rejoint Tours, ce vendredi. Vainqueur du&hellip;\n","protected":false},"author":2,"featured_media":652624,"comment_status":"","ping_status":"","sticky":false,"template":"","format":"standard","meta":{"footnotes":""},"categories":[9599],"tags":[1111,11,1777,674,1011,27,1387,1655,2208,12,2680,25,60,1390,1471,2767,1470],"class_list":{"0":"post-652623","1":"post","2":"type-post","3":"status-publish","4":"format-standard","5":"has-post-thumbnail","7":"category-montpellier","8":"tag-actu","9":"tag-actualites","10":"tag-eu","11":"tag-europe","12":"tag-fr","13":"tag-france","14":"tag-indre-et-loire","15":"tag-ligue-a","16":"tag-montpellier","17":"tag-news","18":"tag-occitanie","19":"tag-republique-francaise","20":"tag-sports","21":"tag-tours","22":"tag-tours-volley-ball","23":"tag-tvb-37","24":"tag-volley"},"share_on_mastodon":{"url":"https:\/\/pubeurope.com\/@fr\/115867409632583381","error":""},"_links":{"self":[{"href":"https:\/\/www.europesays.com\/fr\/wp-json\/wp\/v2\/posts\/652623","targetHints":{"allow":["GET"]}}],"collection":[{"href":"https:\/\/www.europesays.com\/fr\/wp-json\/wp\/v2\/posts"}],"about":[{"href":"https:\/\/www.europesays.com\/fr\/wp-json\/wp\/v2\/types\/post"}],"author":[{"embeddable":true,"href":"https:\/\/www.europesays.com\/fr\/wp-json\/wp\/v2\/users\/2"}],"replies":[{"embeddable":true,"href":"https:\/\/www.europesays.com\/fr\/wp-json\/wp\/v2\/comments?post=652623"}],"version-history":[{"count":0,"href":"https:\/\/www.europesays.com\/fr\/wp-json\/wp\/v2\/posts\/652623\/revisions"}],"wp:featuredmedia":[{"embeddable":true,"href":"https:\/\/www.europesays.com\/fr\/wp-json\/wp\/v2\/media\/652624"}],"wp:attachment":[{"href":"https:\/\/www.europesays.com\/fr\/wp-json\/wp\/v2\/media?parent=652623"}],"wp:term":[{"taxonomy":"category","embeddable":true,"href":"https:\/\/www.europesays.com\/fr\/wp-json\/wp\/v2\/categories?post=652623"},{"taxonomy":"post_tag","embeddable":true,"href":"https:\/\/www.europesays.com\/fr\/wp-json\/wp\/v2\/tags?post=652623"}],"curies":[{"name":"wp","href":"https:\/\/api.w.org\/{rel}","templated":true}]}}