{"id":652646,"date":"2026-01-09T22:23:10","date_gmt":"2026-01-09T22:23:10","guid":{"rendered":"https:\/\/www.europesays.com\/fr\/652646\/"},"modified":"2026-01-09T22:23:10","modified_gmt":"2026-01-09T22:23:10","slug":"des-vents-violents-frappent-toulouse-le-toit-dun-magasin-de-bricolage-senvole","status":"publish","type":"post","link":"https:\/\/www.europesays.com\/fr\/652646\/","title":{"rendered":"des vents violents frappent Toulouse, le toit d\u2019un magasin de bricolage s\u2019envole"},"content":{"rendered":"<p>                    Par<br \/>\n        <strong><br \/>\n            <a href=\"https:\/\/actu.fr\/auteur\/lea-afonso\" title=\"Consulter tous les articles de L\u00e9a Afonso\" target=\"_blank\" rel=\"noopener\">L\u00e9a Afonso<\/a><br \/>\n                    <\/strong><\/p>\n<p>        Publi\u00e9 le<\/p>\n<p>            9 janv. 2026 \u00e0 19h58        <\/p>\n<p>La <a href=\"https:\/\/actu.fr\/occitanie\/toulouse_31555\/tempete-gorretti-des-rafales-de-vent-a-90-km-h-attendues-a-toulouse-et-en-haute-garonne_63673201.html\" target=\"_blank\" rel=\"noopener\">temp\u00eate Goretti<\/a> traverse <a href=\"https:\/\/actu.fr\/toulouse\" target=\"_blank\" rel=\"noopener\">Toulouse<\/a> ce vendredi 9\u00a0janvier 2026. Elle s\u2019accompagne de <strong>vents violents et de fortes pluies<\/strong>, comme l\u2019ont constat\u00e9 de nombreux Toulousains. Dans une<strong> zone industrielle du sud de la ville<\/strong>, le toit d\u2019un magasin de bricolage s\u2019est partiellement envol\u00e9. Voici ce que l\u2019on sait.<\/p>\n<p>Une partie du toit arrach\u00e9e<\/p>\n<p class=\" wall-content\">Depuis 18h09 cet apr\u00e8s-midi, les sapeurs-pompiers de la Haute-Garonne sont mobilis\u00e9s suite \u00e0<strong> l\u2019arrachement d\u2019une partie du toit d\u2019un magasin de bricolage<\/strong> Point P, provoqu\u00e9 par les vents violents. L\u2019\u00e9tablissement est situ\u00e9 dans la zone industrielle de Thibaud, au sud de Toulouse.<\/p>\n<p class=\" wall-content\">Selon les informations communiqu\u00e9es par les pompiers, la surface de la toiture concern\u00e9e est estim\u00e9e \u00e0 environ<strong> 1\u2009500 m\u00b2.<\/strong><\/p>\n<p>Aucune victime \u00e0 d\u00e9plorer<\/p>\n<p class=\" wall-content\"><strong>Aucune victime<\/strong> n\u2019est \u00e0 d\u00e9plorer \u00e0 ce stade. Les secours sont toutefois toujours sur place afin de s\u00e9curiser la zone. Des drones ont \u00e9galement \u00e9t\u00e9 d\u00e9ploy\u00e9s pour \u00e9valuer les d\u00e9g\u00e2ts et surveiller l\u2019\u00e9volution de la situation.<\/p>\n<p class=\" wall-content\">Personnalisez votre actualit\u00e9 en ajoutant vos villes et m\u00e9dias en favori avec <a href=\"https:\/\/moncompte.actu.fr\" title=\"D\u00e9couvez Mon Actu\" rel=\"nofollow noopener\" data-trk=\"{&quot;cta&quot;:{&quot;action&quot;:&quot;https:\\\/\\\/moncompte.actu.fr&quot;,&quot;category&quot;:&quot;mon compte&quot;,&quot;from&quot;:&quot;article footer&quot;,&quot;name&quot;:&quot;Mon actu&quot;,&quot;type&quot;:&quot;cta&quot;}}\" target=\"_blank\">Mon Actu<\/a>.<\/p>\n","protected":false},"excerpt":{"rendered":"Par L\u00e9a Afonso Publi\u00e9 le 9 janv. 2026 \u00e0 19h58 La temp\u00eate Goretti traverse Toulouse ce vendredi 9\u00a0janvier&hellip;\n","protected":false},"author":2,"featured_media":652647,"comment_status":"","ping_status":"","sticky":false,"template":"","format":"standard","meta":{"footnotes":""},"categories":[2816],"tags":[1111,11,1777,674,118,1011,27,12,2680,1311,25,2312],"class_list":{"0":"post-652646","1":"post","2":"type-post","3":"status-publish","4":"format-standard","5":"has-post-thumbnail","7":"category-toulouse","8":"tag-actu","9":"tag-actualites","10":"tag-eu","11":"tag-europe","12":"tag-faits-divers","13":"tag-fr","14":"tag-france","15":"tag-news","16":"tag-occitanie","17":"tag-pompiers","18":"tag-republique-francaise","19":"tag-toulouse"},"share_on_mastodon":{"url":"https:\/\/pubeurope.com\/@fr\/115867484395276220","error":""},"_links":{"self":[{"href":"https:\/\/www.europesays.com\/fr\/wp-json\/wp\/v2\/posts\/652646","targetHints":{"allow":["GET"]}}],"collection":[{"href":"https:\/\/www.europesays.com\/fr\/wp-json\/wp\/v2\/posts"}],"about":[{"href":"https:\/\/www.europesays.com\/fr\/wp-json\/wp\/v2\/types\/post"}],"author":[{"embeddable":true,"href":"https:\/\/www.europesays.com\/fr\/wp-json\/wp\/v2\/users\/2"}],"replies":[{"embeddable":true,"href":"https:\/\/www.europesays.com\/fr\/wp-json\/wp\/v2\/comments?post=652646"}],"version-history":[{"count":0,"href":"https:\/\/www.europesays.com\/fr\/wp-json\/wp\/v2\/posts\/652646\/revisions"}],"wp:featuredmedia":[{"embeddable":true,"href":"https:\/\/www.europesays.com\/fr\/wp-json\/wp\/v2\/media\/652647"}],"wp:attachment":[{"href":"https:\/\/www.europesays.com\/fr\/wp-json\/wp\/v2\/media?parent=652646"}],"wp:term":[{"taxonomy":"category","embeddable":true,"href":"https:\/\/www.europesays.com\/fr\/wp-json\/wp\/v2\/categories?post=652646"},{"taxonomy":"post_tag","embeddable":true,"href":"https:\/\/www.europesays.com\/fr\/wp-json\/wp\/v2\/tags?post=652646"}],"curies":[{"name":"wp","href":"https:\/\/api.w.org\/{rel}","templated":true}]}}