{"id":652652,"date":"2026-01-09T22:28:11","date_gmt":"2026-01-09T22:28:11","guid":{"rendered":"https:\/\/www.europesays.com\/fr\/652652\/"},"modified":"2026-01-09T22:28:11","modified_gmt":"2026-01-09T22:28:11","slug":"a-marseille-la-scene-rock-locale-se-porte-bien","status":"publish","type":"post","link":"https:\/\/www.europesays.com\/fr\/652652\/","title":{"rendered":"\u00c0 Marseille, \u00ab\u00a0la sc\u00e8ne rock locale se porte bien\u00a0\u00bb"},"content":{"rendered":"<p>En ce soir glacial de novembre, sur le flanc sud de la place Jean-Jaur\u00e8s (6e), le trottoir est bond\u00e9. Une foule dense essaie de se faufiler dans l\u2019Interm\u00e9diaire, bar et sc\u00e8ne musicale embl\u00e9matique de La Plaine. Derri\u00e8re le comptoir, Ana\u00eblle tire les premi\u00e8res bi\u00e8res de la soir\u00e9e. Elle a repris l\u2019Interm\u00e9diaire en\u00a02019 quand le lieu \u00e9tait en faillite. Quelques mois plus t\u00f4t, les effondrements de la rue d\u2019Aubagne avaient oblig\u00e9 La Machine \u00e0 Coudre, haut lieu de la sc\u00e8ne punk rock marseillaise dans le quartier de Noailles, \u00e0 tirer le rideau. \u00ab\u00a0Il y a vraiment eu un besoin. C\u2019\u00e9tait peut-\u00eatre le creux de la vague\u00a0\u00bb, se rem\u00e9more-t-elle.<strong>\u00a0<\/strong><\/p>\n<p>Depuis, Ana\u00eblle organise entre cinq et six soir\u00e9es rock par semaine. \u00ab\u00a0Mais ce soir c\u2019est une soir\u00e9e particuli\u00e8re qui me tient vraiment \u00e0 c\u0153ur\u00a0\u00bb, l\u00e2che, sourire aux l\u00e8vres, l\u2019ancienne institutrice. Au programme, un concert 100% marseillais r\u00e9unissant le trio punk f\u00e9minin Las Grimas, le quatuor encagoul\u00e9 Beep Bip, les guitares \u00e9lectriques et les synth\u00e9tiseurs du groupe Crache ainsi que Technopolice, \u00ab\u00a0moteur du mouvement\u00a0\u00bb dans le giron de La Flemme. Au-dessus d\u2019une sc\u00e8ne mal \u00e9clair\u00e9e, des lettres gonflables argent\u00e9es \u00ab\u00a0TECHNO POLICE\u00a0\u00bb annoncent la venue du groupe &#8230;<\/p>\n","protected":false},"excerpt":{"rendered":"En ce soir glacial de novembre, sur le flanc sud de la place Jean-Jaur\u00e8s (6e), le trottoir est&hellip;\n","protected":false},"author":2,"featured_media":652653,"comment_status":"","ping_status":"","sticky":false,"template":"","format":"standard","meta":{"footnotes":""},"categories":[2814],"tags":[5734,1111,11,12008,251,1777,674,1011,27,4743,34681,884,12,5396,882,25,7040,7347],"class_list":{"0":"post-652652","1":"post","2":"type-post","3":"status-publish","4":"format-standard","5":"has-post-thumbnail","7":"category-marseille","8":"tag-5734","9":"tag-actu","10":"tag-actualites","11":"tag-bien","12":"tag-culture","13":"tag-eu","14":"tag-europe","15":"tag-fr","16":"tag-france","17":"tag-la","18":"tag-locale","19":"tag-marseille","20":"tag-news","21":"tag-porte","22":"tag-provence-alpes-cote-dazur","23":"tag-republique-francaise","24":"tag-rock","25":"tag-scene"},"share_on_mastodon":{"url":"https:\/\/pubeurope.com\/@fr\/115867504103857055","error":""},"_links":{"self":[{"href":"https:\/\/www.europesays.com\/fr\/wp-json\/wp\/v2\/posts\/652652","targetHints":{"allow":["GET"]}}],"collection":[{"href":"https:\/\/www.europesays.com\/fr\/wp-json\/wp\/v2\/posts"}],"about":[{"href":"https:\/\/www.europesays.com\/fr\/wp-json\/wp\/v2\/types\/post"}],"author":[{"embeddable":true,"href":"https:\/\/www.europesays.com\/fr\/wp-json\/wp\/v2\/users\/2"}],"replies":[{"embeddable":true,"href":"https:\/\/www.europesays.com\/fr\/wp-json\/wp\/v2\/comments?post=652652"}],"version-history":[{"count":0,"href":"https:\/\/www.europesays.com\/fr\/wp-json\/wp\/v2\/posts\/652652\/revisions"}],"wp:featuredmedia":[{"embeddable":true,"href":"https:\/\/www.europesays.com\/fr\/wp-json\/wp\/v2\/media\/652653"}],"wp:attachment":[{"href":"https:\/\/www.europesays.com\/fr\/wp-json\/wp\/v2\/media?parent=652652"}],"wp:term":[{"taxonomy":"category","embeddable":true,"href":"https:\/\/www.europesays.com\/fr\/wp-json\/wp\/v2\/categories?post=652652"},{"taxonomy":"post_tag","embeddable":true,"href":"https:\/\/www.europesays.com\/fr\/wp-json\/wp\/v2\/tags?post=652652"}],"curies":[{"name":"wp","href":"https:\/\/api.w.org\/{rel}","templated":true}]}}