{"id":652658,"date":"2026-01-09T22:31:14","date_gmt":"2026-01-09T22:31:14","guid":{"rendered":"https:\/\/www.europesays.com\/fr\/652658\/"},"modified":"2026-01-09T22:31:14","modified_gmt":"2026-01-09T22:31:14","slug":"lyon-est-le-club-ideal-pour-rebondir-en-vue-du-mondial-2026","status":"publish","type":"post","link":"https:\/\/www.europesays.com\/fr\/652658\/","title":{"rendered":"Lyon est le \u00ab\u00a0club id\u00e9al\u00a0\u00bb pour rebondir en vue du Mondial-2026"},"content":{"rendered":"<p class=\"rev-margin-0 rev-text-xs-normal\">L&rsquo;attaquant br\u00e9silien Endrick, recrue de l&rsquo;Olympique lyonnais, lors de sa pr\u00e9sentation officielle, le 5 janvier 2026<\/p>\n<p class=\"rev-margin-0 rev-text-xs-bold\">PHOTO AFP \/ OLIVIER CHASSIGNOLE<\/p>\n<p>\u00ab\u00a0Je vais me battre\u00a0\u00bb pour jouer ce Mondial (du 11 juin au 19 juillet au Mexique, au Canada et aux Etats-Unis), a affirm\u00e9 l&rsquo;espoir de 19 ans, qui n&rsquo;a pas \u00e9t\u00e9 appel\u00e9 en \u00e9quipe nationale depuis l&rsquo;arriv\u00e9e du s\u00e9lectionneur italien Carlo Ancelotti \u00e0 la t\u00eate des quintuples champions du monde en mai dernier.<\/p>\n<p>Pr\u00eat\u00e9 par le Real Madrid jusqu&rsquo;\u00e0 la fin de la saison et sans option d&rsquo;achat, Endrick devrait faire ses d\u00e9buts avec l&rsquo;OL dimanche face \u00e0 Lille, en seizi\u00e8mes de finale de Coupe de France.<\/p>\n<p>\u00ab\u00a0J&rsquo;ai trouv\u00e9 le club id\u00e9al et j&rsquo;ai h\u00e2te de jouer\u00a0\u00bb, a affirm\u00e9 le Br\u00e9silien, \u00e0 l&rsquo;occasion d&rsquo;un \u00e9change de messages par \u00e9crit avec l&rsquo;AFP.<\/p>\n<p>QUESTION: Avez-vous parl\u00e9 avec Ancelotti de votre d\u00e9cision de rejoindre l&rsquo;OL? Si oui, qu&rsquo;en a-t-il pens\u00e9? <\/p>\n<p>R\u00c9PONSE: \u00ab\u00a0Il m&rsquo;avait d\u00e9j\u00e0 conseill\u00e9 d&rsquo;aller chercher plus de temps de jeu, surtout apr\u00e8s mon r\u00e9tablissement (d&rsquo;une blessure \u00e0 la cuisse droite en fin de saison derni\u00e8re). J&rsquo;ai trouv\u00e9 le club id\u00e9al et j&rsquo;ai h\u00e2te de jouer.\u00a0\u00bb<\/p>\n<p>Q: Vous vous voyez porter le maillot de la Sele\u00e7ao \u00e0 la Coupe du monde 2026? <\/p>\n<p>\u00ab\u00a0Je vais me battre pour y arriver. Je l&rsquo;ai d\u00e9j\u00e0 port\u00e9 \u00e0 la Copa Am\u00e9rica (en 2024) et je ne peux pas renoncer \u00e0 l&rsquo;envie d&rsquo;\u00eatre \u00e0 la Coupe du monde.\u00a0\u00bb<\/p>\n<p>Q: \u00c0 quel moment avez-vous pens\u00e9 \u00e0 changer d&rsquo;air? <\/p>\n<p>R: \u00ab\u00a0D\u00e8s le d\u00e9but de la saison, je savais qu&rsquo;il faudrait que je cherche un endroit o\u00f9 je pourrais jouer davantage (ndlr: il a disput\u00e9 seulement 11 minutes en Liga avec le Real sous la houlette de Xabi Alonso), mais il fallait d&rsquo;abord que je me remette de la blessure qui m&rsquo;a tenu \u00e9loign\u00e9 de la Coupe du monde des clubs aux \u00c9tats-Unis. Une fois r\u00e9tabli, il ne restait plus qu&rsquo;\u00e0 attendre l&rsquo;ouverture du mercato.\u00a0\u00bb<\/p>\n<p>Q: Pourquoi avoir choisi l&rsquo;OL? Avez-vous re\u00e7u d&rsquo;autres propositions?<\/p>\n<p>R: \u00ab\u00a0Oui. Dieu merci, plusieurs clubs de tous les grands championnats europ\u00e9ens \u00e9taient int\u00e9ress\u00e9s. Mais l&rsquo;OL avait tout: le style de jeu, l&rsquo;effectif, les comp\u00e9titions \u00e0 disputer, le staff technique, la direction, les supporters et l&rsquo;histoire des Br\u00e9siliens au club. Quand ils m&rsquo;ont pr\u00e9sent\u00e9 tout cela, j&rsquo;ai simplement remerci\u00e9 les autres propositions qui arrivaient, car je savais que je ne trouverais pas mieux.\u00a0\u00bb <\/p>\n<p>Q: Comment avez-vous g\u00e9r\u00e9 le fait d&rsquo;avoir tr\u00e8s peu jou\u00e9 ces derniers mois avec le Real Madrid ? <\/p>\n<p>R: \u00ab\u00a0Avec s\u00e9rieux. J&rsquo;ai travaill\u00e9 comme jamais. Si j&rsquo;avais une minute, \u00e7a devait \u00eatre la meilleure minute de ma vie. Pour montrer que j&rsquo;en voulais plus. Par respect pour mes co\u00e9quipiers. Dans un club comme le Real, on aide l&rsquo;\u00e9quipe pas seulement au moment des matches. \u00c0 chaque entra\u00eenement, on aide aussi ceux qui vont jouer. \u00c0 faire monter le niveau des s\u00e9ances. Nous sommes un groupe, pr\u00e8s de trente joueurs, et seuls onze commencent les matches. Une \u00e9quipe championne se construit chaque jour, pas seulement en match\u00a0\u00bb.<\/p>\n","protected":false},"excerpt":{"rendered":"L&rsquo;attaquant br\u00e9silien Endrick, recrue de l&rsquo;Olympique lyonnais, lors de sa pr\u00e9sentation officielle, le 5 janvier 2026 PHOTO AFP&hellip;\n","protected":false},"author":2,"featured_media":652659,"comment_status":"","ping_status":"","sticky":false,"template":"","format":"standard","meta":{"footnotes":""},"categories":[1889],"tags":[5734,1111,11,2430,5244,64783,932,1777,674,1011,27,329,43080,2428,12,471,75614,25],"class_list":{"0":"post-652658","1":"post","2":"type-post","3":"status-publish","4":"format-standard","5":"has-post-thumbnail","7":"category-lyon","8":"tag-5734","9":"tag-actu","10":"tag-actualites","11":"tag-auvergne-rhone-alpes","12":"tag-club","13":"tag-endrick","14":"tag-est","15":"tag-eu","16":"tag-europe","17":"tag-fr","18":"tag-france","19":"tag-france-monde","20":"tag-ideal","21":"tag-lyon","22":"tag-news","23":"tag-pour","24":"tag-rebondir","25":"tag-republique-francaise"},"share_on_mastodon":{"url":"https:\/\/pubeurope.com\/@fr\/115867515762189780","error":""},"_links":{"self":[{"href":"https:\/\/www.europesays.com\/fr\/wp-json\/wp\/v2\/posts\/652658","targetHints":{"allow":["GET"]}}],"collection":[{"href":"https:\/\/www.europesays.com\/fr\/wp-json\/wp\/v2\/posts"}],"about":[{"href":"https:\/\/www.europesays.com\/fr\/wp-json\/wp\/v2\/types\/post"}],"author":[{"embeddable":true,"href":"https:\/\/www.europesays.com\/fr\/wp-json\/wp\/v2\/users\/2"}],"replies":[{"embeddable":true,"href":"https:\/\/www.europesays.com\/fr\/wp-json\/wp\/v2\/comments?post=652658"}],"version-history":[{"count":0,"href":"https:\/\/www.europesays.com\/fr\/wp-json\/wp\/v2\/posts\/652658\/revisions"}],"wp:featuredmedia":[{"embeddable":true,"href":"https:\/\/www.europesays.com\/fr\/wp-json\/wp\/v2\/media\/652659"}],"wp:attachment":[{"href":"https:\/\/www.europesays.com\/fr\/wp-json\/wp\/v2\/media?parent=652658"}],"wp:term":[{"taxonomy":"category","embeddable":true,"href":"https:\/\/www.europesays.com\/fr\/wp-json\/wp\/v2\/categories?post=652658"},{"taxonomy":"post_tag","embeddable":true,"href":"https:\/\/www.europesays.com\/fr\/wp-json\/wp\/v2\/tags?post=652658"}],"curies":[{"name":"wp","href":"https:\/\/api.w.org\/{rel}","templated":true}]}}