{"id":652666,"date":"2026-01-09T22:36:12","date_gmt":"2026-01-09T22:36:12","guid":{"rendered":"https:\/\/www.europesays.com\/fr\/652666\/"},"modified":"2026-01-09T22:36:12","modified_gmt":"2026-01-09T22:36:12","slug":"quinte-du-samedi-10-janvier-2026-a-vincennes-les-pronostics","status":"publish","type":"post","link":"https:\/\/www.europesays.com\/fr\/652666\/","title":{"rendered":"Quint\u00e9 du samedi 10 janvier 2026 \u00e0 Vincennes : les pronostics"},"content":{"rendered":"<p class=\"article-p mdl\">Retrouvez les pronostics de Dominique Cordier pour le Quint\u00e9 du samedi 10 janvier 2026 \u00e0 Vincennes, le Prix du Forez. <strong>D\u00e9part \u00e0 15h15. 14 partants<\/strong>. Trot attel\u00e9. Groupe III. 2.700 m\u00e8tres. Grande piste. Trotteurs de 7 \u00e0 11 ans.<\/p>\n<p class=\"article-p mdl\">Dans ce quint\u00e9 de haute de facture, notre confiance ira sans h\u00e9sitation aux deux repr\u00e9sentants de Nicolas Bazire ayant une chance, \u00e0 savoir le 6 Jingle du Pont, que drive le jeune entra\u00eeneur, et le <strong>12 Hubble du Vivier<\/strong>, confi\u00e9 \u00e0 Alexandre Abrivard.<\/p>\n<p class=\"article-p mdl\">Le troisi\u00e8me trotteur d\u00e9pendant de cet entra\u00eenement, le<strong> 10 Hymne du Gers<\/strong>, court off, avec une \u00e9moji rouge, et sera revu ult\u00e9rieurement. En haut de tableau, le<strong> 2 Isofou du Ch\u00eane<\/strong> peut leur donner la r\u00e9partie, tout comme, au plafond des gains, le <strong>14 Hulysse Digeo<\/strong>, moins tranchant lors de ses derni\u00e8res courses cependant.<\/p>\n<p class=\"article-p mdl\">L\u2019outsider de RTL, le<strong> 11 Igrec de Celland<\/strong>, n\u2019a pas \u00e9t\u00e9 revu \u00e0 Vincennes depuis le mois de mai 2025. Petit par la taille, mais grand par le talent, il peut venir pimenter les rapports de ce quint\u00e9, plus si affinit\u00e9s&#8230;<\/p>\n<p>            Les pronostics<\/p>\n<p class=\"article-p mdl\">6. Jingle du Pont<br \/>12. Hubble du Vivier<br \/>2. Isofou du Ch\u00eane<br \/>14. Hulysse Digeo<br \/>11. Igrec de Celland<br \/>1. Hurricane Carter<br \/>8. Id\u00e9al du Rocher<\/p>\n<p>            L&rsquo;outsider de RTL<\/p>\n<p class=\"article-p mdl\">11. Igrec De Celland<\/p>\n<p>            R\u00e9sultats du jeudi 8 janvier 2026 \u00e0 Cagnes-sur-Mer :<\/p>\n<p class=\"article-p mdl\">Le favori de RTL termine 2e, l\u2019outsider de RTL 8e. La s\u00e9lection indique le Quint\u00e9.<\/p>\n<p>    La r\u00e9daction vous recommande<\/p>\n<p class=\"s-newsletter__title\">\n                L\u2019actualit\u00e9 par la r\u00e9daction de RTL dans votre bo\u00eete mail.\n            <\/p>\n<p class=\"s-newsletter__subtitle\">\n                Gr\u00e2ce \u00e0 votre compte RTL abonnez-vous \u00e0 la newsletter RTL info pour suivre toute l&rsquo;actualit\u00e9 au quotidien\n            <\/p>\n<p>\n                                    Lire la suite\n                                <\/p>\n","protected":false},"excerpt":{"rendered":"Retrouvez les pronostics de Dominique Cordier pour le Quint\u00e9 du samedi 10 janvier 2026 \u00e0 Vincennes, le Prix&hellip;\n","protected":false},"author":2,"featured_media":3836,"comment_status":"","ping_status":"","sticky":false,"template":"","format":"standard","meta":{"footnotes":""},"categories":[1888],"tags":[11,2621,2622,1777,674,107,2619,1011,27,12,626,2623,362,25],"class_list":{"0":"post-652666","1":"post","2":"type-post","3":"status-publish","4":"format-standard","5":"has-post-thumbnail","7":"category-paris","8":"tag-actualites","9":"tag-chevaux","10":"tag-courses","11":"tag-eu","12":"tag-europe","13":"tag-fil-info","14":"tag-fil-sport","15":"tag-fr","16":"tag-france","17":"tag-news","18":"tag-paris","19":"tag-quinte","20":"tag-replay","21":"tag-republique-francaise"},"share_on_mastodon":{"url":"https:\/\/pubeurope.com\/@fr\/115867535560773605","error":""},"_links":{"self":[{"href":"https:\/\/www.europesays.com\/fr\/wp-json\/wp\/v2\/posts\/652666","targetHints":{"allow":["GET"]}}],"collection":[{"href":"https:\/\/www.europesays.com\/fr\/wp-json\/wp\/v2\/posts"}],"about":[{"href":"https:\/\/www.europesays.com\/fr\/wp-json\/wp\/v2\/types\/post"}],"author":[{"embeddable":true,"href":"https:\/\/www.europesays.com\/fr\/wp-json\/wp\/v2\/users\/2"}],"replies":[{"embeddable":true,"href":"https:\/\/www.europesays.com\/fr\/wp-json\/wp\/v2\/comments?post=652666"}],"version-history":[{"count":0,"href":"https:\/\/www.europesays.com\/fr\/wp-json\/wp\/v2\/posts\/652666\/revisions"}],"wp:featuredmedia":[{"embeddable":true,"href":"https:\/\/www.europesays.com\/fr\/wp-json\/wp\/v2\/media\/3836"}],"wp:attachment":[{"href":"https:\/\/www.europesays.com\/fr\/wp-json\/wp\/v2\/media?parent=652666"}],"wp:term":[{"taxonomy":"category","embeddable":true,"href":"https:\/\/www.europesays.com\/fr\/wp-json\/wp\/v2\/categories?post=652666"},{"taxonomy":"post_tag","embeddable":true,"href":"https:\/\/www.europesays.com\/fr\/wp-json\/wp\/v2\/tags?post=652666"}],"curies":[{"name":"wp","href":"https:\/\/api.w.org\/{rel}","templated":true}]}}