{"id":652669,"date":"2026-01-09T22:38:11","date_gmt":"2026-01-09T22:38:11","guid":{"rendered":"https:\/\/www.europesays.com\/fr\/652669\/"},"modified":"2026-01-09T22:38:11","modified_gmt":"2026-01-09T22:38:11","slug":"un-missile-russe-orechnik-tire-sur-lukraine-macron-merz-et-starmer-denoncent-une-escalade-inacceptable","status":"publish","type":"post","link":"https:\/\/www.europesays.com\/fr\/652669\/","title":{"rendered":"Un missile russe Orechnik tir\u00e9 sur l&rsquo;Ukraine : Macron, Merz et Starmer d\u00e9noncent une \u00ab\u00a0escalade inacceptable\u00a0\u00bb"},"content":{"rendered":"<p>Le Royaume-Uni, l&rsquo;Allemagne et la France ont condamn\u00e9 l&rsquo;attaque men\u00e9e par la Russie contre l&rsquo;Ukraine \u00e0 l&rsquo;aide du missile balistique hypersonique de port\u00e9e interm\u00e9diaire Orechnik, la qualifiant d'\u00a0\u00bbune escalade inacceptable\u00a0\u00bb.<\/p>\n<p>\u00ab\u00a0Il \u00e9tait \u00e9vident que la Russie s&rsquo;appuyait sur des accusations fabriqu\u00e9es de toutes pi\u00e8ces pour justifier cette attaque\u00a0\u00bb, a d\u00e9clar\u00e9 Keir Starmer \u00e0 ses homologues fran\u00e7ais et allemand lors d&rsquo;un \u00e9change t\u00e9l\u00e9phonique, selon un porte-parole du gouvernement britannique.<\/p>\n<p>Dans la nuit de vendredi \u00e0 samedi, Moscou a tir\u00e9 un missile Orechnik visant des infrastructures critiques \u00e0 Lviv, dans l&rsquo;ouest de l\u2019Ukraine, \u00e0 une soixantaine de kilom\u00e8tres de la fronti\u00e8re avec l\u2019Union europ\u00e9enne et l\u2019OTAN.<\/p>\n<p>Le ministre ukrainien des affaires \u00e9trang\u00e8res, Andrii Sybiha, a d\u00e9clar\u00e9 que Kyiv engagerait des d\u00e9marches internationales en r\u00e9action \u00e0 l&rsquo;utilisation de ce missile, notamment en demandant la convocation en urgence du Conseil de s\u00e9curit\u00e9 des Nations unies ainsi que du Conseil Ukraine-OTAN.<\/p>\n<p>\u00ab\u00a0Une frappe de ce type \u00e0 proximit\u00e9 des fronti\u00e8res de l&rsquo;Union europ\u00e9enne et de l&rsquo;OTAN repr\u00e9sente une grave menace pour la s\u00e9curit\u00e9 du continent europ\u00e9en et un v\u00e9ritable test pour la communaut\u00e9 transatlantique. Nous exigeons des r\u00e9ponses fermes face aux actions irresponsables de la Russie\u00a0\u00bb, a-t-il \u00e9crit sur X.<\/p>\n<p>La cheffe de la diplomatie europ\u00e9enne, Kaja Kallas, a estim\u00e9 que le lancement du missile Orechnik constituait \u00ab\u00a0un avertissement pour l&rsquo;Europe et les \u00c9tats-Unis\u00a0\u00bb.<\/p>\n<p>\u00ab\u00a0Poutine ne veut pas la paix. La r\u00e9ponse de la Russie \u00e0 la diplomatie, ce sont davantage de missiles et de destructions\u00a0\u00bb, a-t-elle d\u00e9clar\u00e9 sur X.<\/p>\n<p>La Russie a confirm\u00e9 avoir utilis\u00e9 le missile Orechnik, pr\u00e9sentant le tir de ce missile balistique de port\u00e9e interm\u00e9diaire (IRBM) comme une \u00ab\u00a0riposte\u00a0\u00bb \u00e0 une tentative pr\u00e9sum\u00e9e de l\u2019Ukraine de frapper, le mois dernier, la r\u00e9sidence de Vladimir Poutine \u2013 une accusation d\u00e9mentie par Kyiv et Washington.<\/p>\n<p>La CIA a estim\u00e9 que l\u2019Ukraine n&rsquo;avait pas cibl\u00e9 la r\u00e9sidence de Vladimir Poutine, selon des responsables am\u00e9ricains. Le pr\u00e9sident am\u00e9ricain Donald Trump a \u00e9galement appuy\u00e9 ces affirmations, indiquant que <a href=\"https:\/\/fr.euronews.com\/2026\/01\/05\/trump-lukraine-na-pas-vise-la-residence-de-poutine-comme-le-pretend-le-kremlin\" target=\"_blank\" rel=\"noopener\"><strong>l&rsquo;attaque n&rsquo;avait pas eu lieu<\/strong><\/a>.<\/p>\n<p>Kirill Dmitriev, proche collaborateur du pr\u00e9sident russe et principal n\u00e9gociateur du Kremlin avec les \u00c9tats-Unis, a r\u00e9agi aux propos de Kaja Kallas sur le r\u00e9seau social X \u2013 une plateforme officiellement interdite en Russie \u2013 en prof\u00e9rant menaces et insultes.<\/p>\n<p>\u00ab\u00a0Kaja Kallas n&rsquo;est ni tr\u00e8s intelligente ni tr\u00e8s bien inform\u00e9e, mais m\u00eame elle devrait savoir qu\u2019il n&rsquo;existe pas de d\u00e9fenses a\u00e9riennes capables d&rsquo;intercepter le missile hypersonique Orechnik, qui vole \u00e0 Mach 10\u00a0\u00bb, a dit Dmitriev. <\/p>\n<p>Deuxi\u00e8me frappe russe au missile Orechnik<\/p>\n<p>L&rsquo;Orechnik \u2013 dont le nom signifie \u00ab\u00a0noisetier\u00a0\u00bb en russe \u2013 est l&rsquo;une des armes les plus r\u00e9centes de Moscou, que la Russie met en avant pour son potentiel strat\u00e9gique.<\/p>\n<p>Ces missiles peuvent \u00eatre dot\u00e9s de charges nucl\u00e9aires et sont con\u00e7us pour atteindre des cibles \u00e0 tr\u00e8s longue distance.<\/p>\n<p>D&rsquo;apr\u00e8s les premiers rapports, l\u2019Orechnik utilis\u00e9 lors de la frappe de vendredi transportait des ogives inertes, laissant penser que ce lancement avait avant tout une valeur symbolique.<\/p>\n<p>Moscou avait d\u00e9j\u00e0 utilis\u00e9 ce missile <a href=\"https:\/\/fr.euronews.com\/my-europe\/2025\/08\/01\/poutine-menace-lukraine-et-leurope-en-deployant-un-missile-hypersonique-au-belarus\" target=\"_blank\" rel=\"noopener\"><strong>en novembre 2024<\/strong><\/a> pour frapper Dnipro, marquant le tout premier d\u00e9ploiement op\u00e9rationnel de l&rsquo;Orechnik.<\/p>\n<p>Les m\u00e9dias d\u2019\u00c9tat russes ont indiqu\u00e9 que ce missile mettrait seulement 11 minutes pour atteindre une base a\u00e9rienne en Pologne et 17 minutes pour atteindre le si\u00e8ge de l&rsquo;OTAN \u00e0 Bruxelles.<\/p>\n<p>Le chef de l&rsquo;administration r\u00e9gionale de Lviv a indiqu\u00e9 vendredi que les frappes russes avaient endommag\u00e9 une infrastructure essentielle, sans fournir davantage de pr\u00e9cisions.<\/p>\n<p>Des informations non v\u00e9rifi\u00e9es circulant sur les r\u00e9seaux sociaux sugg\u00e8rent que Moscou aurait vis\u00e9 une importante installation souterraine de stockage de gaz.<\/p>\n<p>Le service de s\u00e9curit\u00e9 ukrainien (SBU) a publi\u00e9 des photos montrant des fragments d&rsquo;un missile Oreshnik r\u00e9cup\u00e9r\u00e9s dans la r\u00e9gion de Lviv.<\/p>\n<p>Le SBU a pr\u00e9cis\u00e9 qu&rsquo;il enqu\u00eatait sur l&rsquo;utilisation de cette arme par la Russie contre des infrastructures civiles, consid\u00e9r\u00e9e comme un crime de guerre selon l&rsquo;article 438 du code p\u00e9nal ukrainien.<\/p>\n<p><strong>La moiti\u00e9 de Kyiv priv\u00e9e de chauffage<\/strong><\/p>\n<p>Dans la nuit de vendredi \u00e0 samedi, une attaque massive de missiles et de drones russes a fait quatre morts et 24 bless\u00e9s \u00e0 Kyiv. Parmi les victimes, un secouriste a perdu la vie lors d&rsquo;une double frappe dans le district de Darnytskyi, a pr\u00e9cis\u00e9 le maire Vitali Klitschko, ajoutant que quatre autres secouristes ont \u00e9t\u00e9 bless\u00e9s alors qu&rsquo;ils portaient assistance \u00e0 des habitants.<\/p>\n<p>L&rsquo;attaque a \u00e9galement priv\u00e9 de chauffage pr\u00e8s de la moiti\u00e9 des immeubles r\u00e9sidentiels de Kyiv, soit environ 6 000 logements, alors que les temp\u00e9ratures descendaient jusqu\u2019\u00e0 -16 \u00b0C, a indiqu\u00e9 le maire. Les services municipaux ont n\u00e9anmoins r\u00e9tabli l\u2019\u00e9lectricit\u00e9 et le chauffage dans les installations publiques, y compris les h\u00f4pitaux et maternit\u00e9s.<\/p>\n<p>Vitali Klitschko a appel\u00e9 les habitants \u00e0 se reloger temporairement si possible : \u00ab\u00a0J&rsquo;invite ceux qui peuvent quitter temporairement la ville pour des endroits disposant d&rsquo;autres sources d&rsquo;\u00e9nergie et de chaleur \u00e0 le faire&rsquo;, a-t-il d\u00e9clar\u00e9.<\/p>\n<p>La capitale doit \u00e9galement faire face \u00e0 des interruptions de l&rsquo;approvisionnement en eau et des coupures d&rsquo;\u00e9lectricit\u00e9 d&rsquo;urgence. \u00ab\u00a0Nous faisons tout notre possible pour r\u00e9soudre ces probl\u00e8mes rapidement, mais l&rsquo;attaque de la nuit derni\u00e8re a \u00e9t\u00e9 la plus d\u00e9vastatrice pour nos infrastructures critiques\u00a0\u00bb, a soulign\u00e9 le maire.<\/p>\n","protected":false},"excerpt":{"rendered":"Le Royaume-Uni, l&rsquo;Allemagne et la France ont condamn\u00e9 l&rsquo;attaque men\u00e9e par la Russie contre l&rsquo;Ukraine \u00e0 l&rsquo;aide du&hellip;\n","protected":false},"author":2,"featured_media":652670,"comment_status":"","ping_status":"","sticky":false,"template":"","format":"standard","meta":{"footnotes":""},"categories":[1591],"tags":[11,1887,131,2025,3884,12,1885,1886,132],"class_list":{"0":"post-652669","1":"post","2":"type-post","3":"status-publish","4":"format-standard","5":"has-post-thumbnail","7":"category-russie","8":"tag-actualites","9":"tag-federation-de-russie","10":"tag-guerre-en-ukraine","11":"tag-invasion-de-la-russie-en-ukraine","12":"tag-missile-balistique","13":"tag-news","14":"tag-russia","15":"tag-russian-federation","16":"tag-russie"},"share_on_mastodon":{"url":"https:\/\/pubeurope.com\/@fr\/115867543401395389","error":""},"_links":{"self":[{"href":"https:\/\/www.europesays.com\/fr\/wp-json\/wp\/v2\/posts\/652669","targetHints":{"allow":["GET"]}}],"collection":[{"href":"https:\/\/www.europesays.com\/fr\/wp-json\/wp\/v2\/posts"}],"about":[{"href":"https:\/\/www.europesays.com\/fr\/wp-json\/wp\/v2\/types\/post"}],"author":[{"embeddable":true,"href":"https:\/\/www.europesays.com\/fr\/wp-json\/wp\/v2\/users\/2"}],"replies":[{"embeddable":true,"href":"https:\/\/www.europesays.com\/fr\/wp-json\/wp\/v2\/comments?post=652669"}],"version-history":[{"count":0,"href":"https:\/\/www.europesays.com\/fr\/wp-json\/wp\/v2\/posts\/652669\/revisions"}],"wp:featuredmedia":[{"embeddable":true,"href":"https:\/\/www.europesays.com\/fr\/wp-json\/wp\/v2\/media\/652670"}],"wp:attachment":[{"href":"https:\/\/www.europesays.com\/fr\/wp-json\/wp\/v2\/media?parent=652669"}],"wp:term":[{"taxonomy":"category","embeddable":true,"href":"https:\/\/www.europesays.com\/fr\/wp-json\/wp\/v2\/categories?post=652669"},{"taxonomy":"post_tag","embeddable":true,"href":"https:\/\/www.europesays.com\/fr\/wp-json\/wp\/v2\/tags?post=652669"}],"curies":[{"name":"wp","href":"https:\/\/api.w.org\/{rel}","templated":true}]}}