{"id":652671,"date":"2026-01-09T22:39:15","date_gmt":"2026-01-09T22:39:15","guid":{"rendered":"https:\/\/www.europesays.com\/fr\/652671\/"},"modified":"2026-01-09T22:39:15","modified_gmt":"2026-01-09T22:39:15","slug":"hommage-a-crans-montana-mercosur-frappe-en-ukraine-les-informes-de-franceinfo-du-vendredi-9-janvier-2026","status":"publish","type":"post","link":"https:\/\/www.europesays.com\/fr\/652671\/","title":{"rendered":"Hommage \u00e0 Crans-Montana, Mercosur, frappe en Ukraine&#8230; Les inform\u00e9s de franceinfo du vendredi 9 janvier 2026"},"content":{"rendered":"<p class=\"c-chapo \">\n  Tous les soirs, les inform\u00e9s d\u00e9battent de l&rsquo;actualit\u00e9 autour de Victor Matet.\n<\/p>\n<p>      lire plus tard<\/p>\n<p id=\"dialog__title\" class=\"dialog__title\">Pour sauvegarder cet article, connectez-vous ou cr\u00e9ez un compte franceinfo<\/p>\n<p class=\"dialog__description\">Sans paiement. Sans abonnement.<\/p>\n<p>        Fermer la fen\u00eatre d\u2019activation des notifications France Info<\/p>\n<p>      cr\u00e9er votre compte<\/p>\n<p>      se connecter<\/p>\n<p>      :<\/p>\n<p>        Fermer la fen\u00eatre de pr\u00e9sentation<\/p>\n<p>    <img loading=\"lazy\" decoding=\"async\" class=\"signature__image lazyload\" width=\"100\" height=\"100\" data- alt=\"\" src=\"https:\/\/www.europesays.com\/fr\/wp-content\/uploads\/2025\/05\/64a7df4c5fe71_placeholder-36b69ec8.png\"\/><\/p>\n<p>    Publi\u00e9 le 09\/01\/2026 21:40<\/p>\n<p>        Temps de lecture : 2min<\/p>\n<p>    <img decoding=\"async\"  alt=\"Les inform\u00e9s du 9 janvier 2026 (FRANCEINFO \/ RADIO FRANCE)\" width=\"432\" height=\"243\" src=\"https:\/\/www.europesays.com\/fr\/wp-content\/uploads\/2026\/01\/les-informes-du-9-janvier-2026-69616248368b7226048975.jpg\" fetchpriority=\"high\"\/><\/p>\n<p>      Les inform\u00e9s du 9 janvier 2026 (FRANCEINFO \/ RADIO FRANCE)<\/p>\n<p>  Les th\u00e8mes :<\/p>\n<p><strong>L&rsquo;\u00e9motion en Suisse :<\/strong> Neuf jours apr\u00e8s l&rsquo;incendie du bar Le Constellation \u00e0 Crans-Montana, qui a fait 40 morts et 116 bless\u00e9s, une c\u00e9r\u00e9monie a \u00e9t\u00e9 organis\u00e9e dans la commune de Martigny et les cloches ont r\u00e9sonn\u00e9 dans toute la Suisse. Plusieurs chefs d&rsquo;\u00c9tat \u00e9taient pr\u00e9sents, dont Emmanuel Macron. Au m\u00eame moment, les patrons du bar ont \u00e9t\u00e9 entendus par la justice. Jacques Moretti a \u00e9t\u00e9 plac\u00e9 en d\u00e9tention provisoire \u00e0 l&rsquo;issue de cette audition alors que sa femme, Jessica Moretti est rest\u00e9e libre.<\/p>\n<p><strong>La majorit\u00e9 des pays de l&rsquo;UE approuve l&rsquo;accord avec le Mercosur :<\/strong> Alors que les agriculteurs continuent leur mobilisation, \u00e0 Bruxelles, la France a vot\u00e9 contre l&rsquo;accord de libre-\u00e9change avec les pays du Mercosur mais le texte a tout de m\u00eame \u00e9t\u00e9 adopt\u00e9 par la majorit\u00e9 des pays europ\u00e9ens. La ministre de l&rsquo;Agriculture, Annie Genevard, dit entendre la col\u00e8re des agriculteurs 5 sur 5 et a annonc\u00e9 la mise en place d&rsquo;un \u00ab\u00a0paquet de mesures de justice agricole\u00a0\u00bb.<\/p>\n<p><strong>Frappe en Ukraine : <\/strong>Une nouvelle attaque russe a eu lieu dans l&rsquo;ouest du pays, avec un missile nouvelle g\u00e9n\u00e9ration. Kiev, la capitale, a \u00e9galement \u00e9t\u00e9 touch\u00e9e et la moiti\u00e9 de la ville se retrouve d\u00e9sormais sans chauffage, alors que les temp\u00e9ratures vont atteindre les -20 degr\u00e9s. Le maire de la ville, Vitali Klitschko, appelle les habitants \u00e0 se r\u00e9fugier dans des lieux chauds et, si possible, \u00e0 l&rsquo;abri.<\/p>\n<p>Les inform\u00e9s :<\/p>\n<p><strong>Adeline Percept, <\/strong>correspondante \u00e0 Paris de la RTBF, la radio t\u00e9l\u00e9vision belge\u00a0<\/p>\n<p><strong>Rapha\u00ebl Kahane,<\/strong> journaliste et pr\u00e9sentateur de l&rsquo;\u00e9mission \u00ab\u00a0Le monde dans tous ses \u00e9tats\u00a0\u00bb sur France 24<\/p>\n<p><strong>Franck Dedieu,<\/strong> r\u00e9dacteur en chef \u00e0 l&rsquo;hebdomadaire Marianne\u00a0<\/p>\n<p><strong>Paul Ackermann,<\/strong> correspondant en France du journal suisse Le Temps\u00a0<\/p>\n<p><strong>Quentin Calmet,<\/strong> journaliste politique \u00e0 Public S\u00e9nat\u00a0<\/p>\n","protected":false},"excerpt":{"rendered":"Tous les soirs, les inform\u00e9s d\u00e9battent de l&rsquo;actualit\u00e9 autour de Victor Matet. lire plus tard Pour sauvegarder cet&hellip;\n","protected":false},"author":2,"featured_media":652672,"comment_status":"","ping_status":"","sticky":false,"template":"","format":"standard","meta":{"footnotes":""},"categories":[1590],"tags":[11,1777,674,12,220],"class_list":{"0":"post-652671","1":"post","2":"type-post","3":"status-publish","4":"format-standard","5":"has-post-thumbnail","7":"category-ukraine","8":"tag-actualites","9":"tag-eu","10":"tag-europe","11":"tag-news","12":"tag-ukraine"},"share_on_mastodon":{"url":"https:\/\/pubeurope.com\/@fr\/115867547392563439","error":""},"_links":{"self":[{"href":"https:\/\/www.europesays.com\/fr\/wp-json\/wp\/v2\/posts\/652671","targetHints":{"allow":["GET"]}}],"collection":[{"href":"https:\/\/www.europesays.com\/fr\/wp-json\/wp\/v2\/posts"}],"about":[{"href":"https:\/\/www.europesays.com\/fr\/wp-json\/wp\/v2\/types\/post"}],"author":[{"embeddable":true,"href":"https:\/\/www.europesays.com\/fr\/wp-json\/wp\/v2\/users\/2"}],"replies":[{"embeddable":true,"href":"https:\/\/www.europesays.com\/fr\/wp-json\/wp\/v2\/comments?post=652671"}],"version-history":[{"count":0,"href":"https:\/\/www.europesays.com\/fr\/wp-json\/wp\/v2\/posts\/652671\/revisions"}],"wp:featuredmedia":[{"embeddable":true,"href":"https:\/\/www.europesays.com\/fr\/wp-json\/wp\/v2\/media\/652672"}],"wp:attachment":[{"href":"https:\/\/www.europesays.com\/fr\/wp-json\/wp\/v2\/media?parent=652671"}],"wp:term":[{"taxonomy":"category","embeddable":true,"href":"https:\/\/www.europesays.com\/fr\/wp-json\/wp\/v2\/categories?post=652671"},{"taxonomy":"post_tag","embeddable":true,"href":"https:\/\/www.europesays.com\/fr\/wp-json\/wp\/v2\/tags?post=652671"}],"curies":[{"name":"wp","href":"https:\/\/api.w.org\/{rel}","templated":true}]}}