{"id":652673,"date":"2026-01-09T22:40:14","date_gmt":"2026-01-09T22:40:14","guid":{"rendered":"https:\/\/www.europesays.com\/fr\/652673\/"},"modified":"2026-01-09T22:40:14","modified_gmt":"2026-01-09T22:40:14","slug":"les-usa-doivent-posseder-le-groenland-pour-dissuader-la-russie-et-la-chine-dit-trump","status":"publish","type":"post","link":"https:\/\/www.europesays.com\/fr\/652673\/","title":{"rendered":"Les USA doivent poss\u00e9der le Groenland pour dissuader la Russie et la Chine, dit Trump"},"content":{"rendered":"<p>WASHINGTON, 9 janvier (Reuters) &#8211; Les \u00c9tats-Unis ont besoin de poss\u00e9der le Groenland pour emp\u00eacher la Russie ou la Chine de l&rsquo;occuper \u00e0 l&rsquo;avenir, a d\u00e9clar\u00e9 vendredi le pr\u00e9sident am\u00e9ricain Donald Trump.<\/p>\n<p>\n              \u00ab\u00a0Nous allons faire quelque chose au sujet du Groenland, qu&rsquo;ils le veuillent ou non. Car si nous ne le faisons pas, la Russie ou la Chine s&#8217;emparera du Groenland, et nous n&rsquo;allons pas avoir la Russie ou la Chine comme voisin\u00a0\u00bb, a d\u00e9clar\u00e9 Donald Trump aux journalistes lors d&rsquo;une r\u00e9union \u00e0 la Maison blanche avec des dirigeants de compagnies p\u00e9troli\u00e8res.<\/p>\n<p>\n              Le pr\u00e9sident am\u00e9ricain a ajout\u00e9 que les \u00c9tats-Unis devaient acqu\u00e9rir le Groenland bien que son pays soit d\u00e9j\u00e0 pr\u00e9sent militairement sur l&rsquo;\u00eele en vertu d&rsquo;un accord de 1951, car de tels accords ne suffisent pas \u00e0 garantir sa d\u00e9fense.<\/p>\n<p>\n              Le Groenland, qui compte 57.000 habitants, est un territoire autonome du Royaume du Danemark.<\/p>\n<p>\n              \u00ab\u00a0Vous d\u00e9fendez la propri\u00e9t\u00e9. On ne d\u00e9fend pas des baux. Et nous devrons d\u00e9fendre le Groenland. Si nous ne le faisons pas, la Chine ou la Russie le feront\u00a0\u00bb, a d\u00e9clar\u00e9 Donald Trump.<\/p>\n<p>\n              Le pr\u00e9sident et les responsables de la Maison blanche ont discut\u00e9 de divers plans visant \u00e0 placer le Groenland sous le contr\u00f4le des \u00c9tats-Unis, y compris le recours potentiel \u00e0 l&rsquo;arm\u00e9e am\u00e9ricaine et des paiements forfaitaires aux Groenlandais pour les convaincre de quitter le Danemark et de rejoindre potentiellement les \u00c9tats-Unis.<\/p>\n<p>\n              Copenhague et toute l&rsquo;Europe ont critiqu\u00e9 ces derniers jours les commentaires de Donald Trump et d&rsquo;autres responsables am\u00e9ricains affirmant leur droit sur le Groenland. Les \u00c9tats-Unis et le Danemark, partenaires au sein de l&rsquo;Otan, sont li\u00e9s par un accord de d\u00e9fense mutuelle.<\/p>\n<p>\n              Mardi, la France, l&rsquo;Allemagne, l&rsquo;Italie, la Pologne, l&rsquo;Espagne, la Grande-Bretagne et le Danemark ont publi\u00e9 une d\u00e9claration commune affirmant que seuls le Groenland et le Danemark peuvent d\u00e9cider des questions relatives \u00e0 leurs relations.<\/p>\n<p>\n               (Reportage Bo Erickson, r\u00e9dig\u00e9 par Ryan Patrick Jones, version fran\u00e7aise Benjamin Mallet)<\/p>\n","protected":false},"excerpt":{"rendered":"WASHINGTON, 9 janvier (Reuters) &#8211; Les \u00c9tats-Unis ont besoin de poss\u00e9der le Groenland pour emp\u00eacher la Russie ou&hellip;\n","protected":false},"author":2,"featured_media":652674,"comment_status":"","ping_status":"","sticky":false,"template":"","format":"standard","meta":{"footnotes":""},"categories":[1589],"tags":[11,340,73,1866,12,1864,1865,1863,308],"class_list":{"0":"post-652673","1":"post","2":"type-post","3":"status-publish","4":"format-standard","5":"has-post-thumbnail","7":"category-etats-unis","8":"tag-actualites","9":"tag-bourse","10":"tag-etats-unis","11":"tag-etats-unis-damerique","12":"tag-news","13":"tag-united-states","14":"tag-united-states-of-america","15":"tag-us","16":"tag-usa"},"share_on_mastodon":{"url":"https:\/\/pubeurope.com\/@fr\/115867551266480738","error":""},"_links":{"self":[{"href":"https:\/\/www.europesays.com\/fr\/wp-json\/wp\/v2\/posts\/652673","targetHints":{"allow":["GET"]}}],"collection":[{"href":"https:\/\/www.europesays.com\/fr\/wp-json\/wp\/v2\/posts"}],"about":[{"href":"https:\/\/www.europesays.com\/fr\/wp-json\/wp\/v2\/types\/post"}],"author":[{"embeddable":true,"href":"https:\/\/www.europesays.com\/fr\/wp-json\/wp\/v2\/users\/2"}],"replies":[{"embeddable":true,"href":"https:\/\/www.europesays.com\/fr\/wp-json\/wp\/v2\/comments?post=652673"}],"version-history":[{"count":0,"href":"https:\/\/www.europesays.com\/fr\/wp-json\/wp\/v2\/posts\/652673\/revisions"}],"wp:featuredmedia":[{"embeddable":true,"href":"https:\/\/www.europesays.com\/fr\/wp-json\/wp\/v2\/media\/652674"}],"wp:attachment":[{"href":"https:\/\/www.europesays.com\/fr\/wp-json\/wp\/v2\/media?parent=652673"}],"wp:term":[{"taxonomy":"category","embeddable":true,"href":"https:\/\/www.europesays.com\/fr\/wp-json\/wp\/v2\/categories?post=652673"},{"taxonomy":"post_tag","embeddable":true,"href":"https:\/\/www.europesays.com\/fr\/wp-json\/wp\/v2\/tags?post=652673"}],"curies":[{"name":"wp","href":"https:\/\/api.w.org\/{rel}","templated":true}]}}