{"id":652677,"date":"2026-01-09T22:42:18","date_gmt":"2026-01-09T22:42:18","guid":{"rendered":"https:\/\/www.europesays.com\/fr\/652677\/"},"modified":"2026-01-09T22:42:18","modified_gmt":"2026-01-09T22:42:18","slug":"en-allemagne-la-transition-energetique-marque-le-pas","status":"publish","type":"post","link":"https:\/\/www.europesays.com\/fr\/652677\/","title":{"rendered":"En Allemagne, la transition \u00e9nerg\u00e9tique marque le pas"},"content":{"rendered":"<p>Une m\u00e9t\u00e9o moins cl\u00e9mente, avec moins de vent, sur terre comme en mer, mais aussi moins de soleil durant l\u2019ann\u00e9e, et tout se d\u00e9r\u00e8gle. La transition \u00e9nerg\u00e9tique allemande a encore connu quelques rat\u00e9s en 2025. Selon les chiffres provisoires qui viennent d\u2019\u00eatre publi\u00e9s par les autorit\u00e9s, la part des \u00e9nergies renouvelables dans la production d\u2019\u00e9lectricit\u00e9 a stagn\u00e9.<\/p>\n<p>Cet article est r\u00e9serv\u00e9 aux abonn\u00e9s<\/p>\n<p>\n                    Vous souhaitez lire la suite\u00a0? Abonnez-vous sans engagement \u00e0 notre offre num\u00e9rique\n                <\/p>\n<p>                <a href=\"https:\/\/abonnement.la-croix.com\" class=\"default-paywall__subscribe-button\" data-tracking=\"cta_click\" data-tracking-action=\"voir la page abonnement\" data-tracking-category=\"abonnement\" target=\"_blank\" rel=\"noopener\">Je m&rsquo;abonne<\/a><\/p>\n","protected":false},"excerpt":{"rendered":"Une m\u00e9t\u00e9o moins cl\u00e9mente, avec moins de vent, sur terre comme en mer, mais aussi moins de soleil&hellip;\n","protected":false},"author":2,"featured_media":652678,"comment_status":"","ping_status":"","sticky":false,"template":"","format":"standard","meta":{"footnotes":""},"categories":[1587],"tags":[11,672,1804,1805,1803,1777,674,1801,12,1802],"class_list":{"0":"post-652677","1":"post","2":"type-post","3":"status-publish","4":"format-standard","5":"has-post-thumbnail","7":"category-allemagne","8":"tag-actualites","9":"tag-allemagne","10":"tag-bundesrepublik-deutschland","11":"tag-de","12":"tag-deutschland","13":"tag-eu","14":"tag-europe","15":"tag-germany","16":"tag-news","17":"tag-republique-federale-dallemagne"},"share_on_mastodon":{"url":"https:\/\/pubeurope.com\/@fr\/115867559138728606","error":""},"_links":{"self":[{"href":"https:\/\/www.europesays.com\/fr\/wp-json\/wp\/v2\/posts\/652677","targetHints":{"allow":["GET"]}}],"collection":[{"href":"https:\/\/www.europesays.com\/fr\/wp-json\/wp\/v2\/posts"}],"about":[{"href":"https:\/\/www.europesays.com\/fr\/wp-json\/wp\/v2\/types\/post"}],"author":[{"embeddable":true,"href":"https:\/\/www.europesays.com\/fr\/wp-json\/wp\/v2\/users\/2"}],"replies":[{"embeddable":true,"href":"https:\/\/www.europesays.com\/fr\/wp-json\/wp\/v2\/comments?post=652677"}],"version-history":[{"count":0,"href":"https:\/\/www.europesays.com\/fr\/wp-json\/wp\/v2\/posts\/652677\/revisions"}],"wp:featuredmedia":[{"embeddable":true,"href":"https:\/\/www.europesays.com\/fr\/wp-json\/wp\/v2\/media\/652678"}],"wp:attachment":[{"href":"https:\/\/www.europesays.com\/fr\/wp-json\/wp\/v2\/media?parent=652677"}],"wp:term":[{"taxonomy":"category","embeddable":true,"href":"https:\/\/www.europesays.com\/fr\/wp-json\/wp\/v2\/categories?post=652677"},{"taxonomy":"post_tag","embeddable":true,"href":"https:\/\/www.europesays.com\/fr\/wp-json\/wp\/v2\/tags?post=652677"}],"curies":[{"name":"wp","href":"https:\/\/api.w.org\/{rel}","templated":true}]}}