{"id":65269,"date":"2025-04-30T20:52:08","date_gmt":"2025-04-30T20:52:08","guid":{"rendered":"https:\/\/www.europesays.com\/fr\/65269\/"},"modified":"2025-04-30T20:52:08","modified_gmt":"2025-04-30T20:52:08","slug":"deux-adolescents-de-16-et-19-ans-hospitalises-en-reanimation-apres-avoir-contracte-une-meningite","status":"publish","type":"post","link":"https:\/\/www.europesays.com\/fr\/65269\/","title":{"rendered":"deux adolescents de 16 et 19 ans hospitalis\u00e9s en r\u00e9animation apr\u00e8s avoir contract\u00e9 une m\u00e9ningite"},"content":{"rendered":"<p>L\u2019Ille-et-Vilaine est touch\u00e9e par de nombreux cas de m\u00e9ningite depuis plusieurs mois. L\u2019Agence r\u00e9gionale de sant\u00e9 (ARS) travaille \u00e0 identifier les potentiels cas contact.<\/p>\n<p class=\"fig-paragraph\">La r\u00e9gion rennaise\u00a0<a href=\"http:\/\/sante.lefigaro.fr\/medecine\/rennes-une-jeune-femme-de-18-ans-decede-d-une-meningite-a-meningocoque-20250204\" target=\"_blank\" data-fig-type=\"NewsFlash\" rel=\"noopener\" data-gtm-custom-categorie=\"navigation\" data-gtm-custom-action=\"crossclick\" data-gtm-custom-label=\"Contextuel\" data-gtm-event=\"customEventSPE\" data-fig-domain=\"SANTE\">est de nouveau touch\u00e9e par des cas de m\u00e9ningite \u00e0 m\u00e9ningocoques<\/a>. Deux adolescents de 16 et 19 ans contamin\u00e9s par la m\u00e9ningite \u00e0 m\u00e9ningocoques B ont \u00e9t\u00e9 hospitalis\u00e9s en r\u00e9animation respectivement lundi et mercredi au CHU de Rennes, annonce l\u2019Agence r\u00e9gionale de sant\u00e9 (ARS) dans un communiqu\u00e9 transmis au Figaro, confirmant une information de\u00a0<a href=\"https:\/\/www.ouest-france.fr\/bretagne\/info-ouest-france-meningite-a-meningocoques-deux-jeunes-hospitalises-en-reanimation-a-rennes-8514290c-25b0-11f0-8bd9-2e665ca4169a\" target=\"_blank\" rel=\"nofollow noopener\" data-gtm-custom-categorie=\"navigation\" data-gtm-custom-action=\"crossclick\" data-gtm-custom-label=\"Contextuel\" data-gtm-event=\"customEventSPE\">Ouest-France<\/a> .<\/p>\n<p class=\"fig-paragraph\">Les \u00e9quipes de l\u2019ARS \u00abtravaillent \u00e0 l\u2019identification des contacts afin de prendre toutes les mesures n\u00e9cessaires\u00bb. \u00abLe s\u00e9quen\u00e7age des souches de ces deux cas d\u2019infections invasives \u00e0 m\u00e9ningocoques de s\u00e9rogroupe B va \u00eatre fait par le Centre National de R\u00e9f\u00e9rence de l\u2019institut Pasteur\u00bb, pr\u00e9cise l\u2019agence dans son texte.<\/p>\n<p class=\"fig-paragraph\">Ces deux cas ne sont pas une nouveaut\u00e9 en Ille-et-Vilaine. Une adolescente de 18 ans est d\u00e9c\u00e9d\u00e9e \u00e0 Rennes le 5 f\u00e9vrier. Dans la foul\u00e9e, l\u2019ARS de Bretagne avait annonc\u00e9 le 1er mars lancer une campagne de vaccination \u00abde grande ampleur\u00bb pour 100.000 jeunes de 15 \u00e0 24 ans sur le territoire de Rennes m\u00e9tropole apr\u00e8s plusieurs cas\u00a0<a href=\"http:\/\/sante.lefigaro.fr\/social\/sante-publique\/meningite-un-nombre-de-cas-particulierement-eleve-en-france-depuis-janvier-20250313\" target=\"_blank\" data-fig-type=\"NewsFlash\" rel=\"noopener\" data-gtm-custom-categorie=\"navigation\" data-gtm-custom-action=\"crossclick\" data-gtm-custom-label=\"Contextuel\" data-gtm-event=\"customEventSPE\" data-fig-domain=\"SANTE\">de m\u00e9ningites<\/a>. \u00ab\u00c0 ce jour, 64.152 personnes ont re\u00e7u au moins une dose de vaccin\u00bb, pr\u00e9cise l\u2019ARS ce mercredi.<\/p>\n<p class=\"fig-paragraph\">En France, une recrudescence de cas d\u2019Infections invasives \u00e0 m\u00e9ningocoques (IIM), dont celles li\u00e9es au s\u00e9rogroupe B, a \u00e9t\u00e9 observ\u00e9e au cours de la saison 2024-2025 \u00abavec un nombre particuli\u00e8rement \u00e9lev\u00e9 de cas en janvier\u00bb, indique l\u2019ARS dans un communiqu\u00e9. Le territoire de la m\u00e9tropole rennaise, soit pr\u00e8s d\u2019un demi-million d\u2019habitants, se trouve \u00abparticuli\u00e8rement concern\u00e9 par cette situation\u00bb.<\/p>\n<p>Vaccination \u00e9largie<\/p>\n<p class=\"fig-paragraph\">Depuis d\u00e9cembre, l\u2019ARS de Bretagne est \u00abintervenue autour de plusieurs situations d\u2019infections invasives \u00e0 m\u00e9ningocoques de type B en Ille-et-Vilaine, notamment en prenant en charge les cas d\u00e9tect\u00e9s et les personnes contacts\u00bb, avec notamment deux foyers dans une \u00e9cole de commerce rennaise et au sein d\u2019une famille.<\/p>\n<p class=\"fig-paragraph\">La vaccination contre les m\u00e9ningocoques, d\u00e9j\u00e0 \u00e9largie au niveau national depuis janvier, va encore aller plus loin face \u00e0 la flamb\u00e9e des cas de m\u00e9ningites et d\u2019autres infections \u00e0 ces bact\u00e9ries, selon une annonce du minist\u00e8re de la sant\u00e9 le 24 avril. Selon les derniers chiffres donn\u00e9s par Sant\u00e9 publique France, plus de 600 cas d\u2019infections \u00e0 m\u00e9ningocoques ont d\u00e9j\u00e0 \u00e9t\u00e9 recens\u00e9s depuis le d\u00e9but de l\u2019ann\u00e9e, un niveau sans pr\u00e9c\u00e9dent depuis 2010.<\/p>\n<p>\u00a0\u00bb<br \/>\n        data-script=\u00a0\u00bbhttps:\/\/static.lefigaro.fr\/widget-video\/short-ttl\/video\/index.js\u00a0\u00bb<br \/>\n    &gt;<\/p>\n<p class=\"fig-paragraph\">La hausse \u00e9tait d\u00e9j\u00e0 sensible depuis plusieurs ann\u00e9es, ce qui avait conduit les autorit\u00e9s sanitaires \u00e0 d\u00e9j\u00e0 \u00e9largir la vaccination pour r\u00e9pondre \u00e0 la mont\u00e9e en puissance de nouvelles souches: A, Y et W, cette derni\u00e8re \u00e9tant particuli\u00e8rement meurtri\u00e8re. Elles ont quasiment supplant\u00e9 le m\u00e9ningocoque C, qui \u00e9tait cibl\u00e9 de mani\u00e8re unique par un vaccin. Toutefois, la souche B &#8211; cible d\u2019un autre vaccin &#8211; reste la plus r\u00e9pandue.<\/p>\n","protected":false},"excerpt":{"rendered":"L\u2019Ille-et-Vilaine est touch\u00e9e par de nombreux cas de m\u00e9ningite depuis plusieurs mois. L\u2019Agence r\u00e9gionale de sant\u00e9 (ARS) travaille&hellip;\n","protected":false},"author":2,"featured_media":65270,"comment_status":"","ping_status":"","sticky":false,"template":"","format":"standard","meta":{"footnotes":""},"categories":[2821],"tags":[1111,11,442,829,228,440,441,436,1777,674,1011,27,226,12,439,229,584,25,435,437,227,438],"class_list":{"0":"post-65269","1":"post","2":"type-post","3":"status-publish","4":"format-standard","5":"has-post-thumbnail","7":"category-rennes","8":"tag-actu","9":"tag-actualites","10":"tag-administration-de-la-sante","11":"tag-bretagne","12":"tag-diagnostic","13":"tag-droit-a-la-sante","14":"tag-education-sanitaire-education-sanitaire-individuelle-et-collective","15":"tag-environnement","16":"tag-eu","17":"tag-europe","18":"tag-fr","19":"tag-france","20":"tag-maladie","21":"tag-news","22":"tag-niveau-de-vie","23":"tag-pathologie","24":"tag-rennes","25":"tag-republique-francaise","26":"tag-sante-de-la-population","27":"tag-services-medicaux","28":"tag-traitement","29":"tag-traitement-preventif"},"share_on_mastodon":{"url":"https:\/\/pubeurope.com\/@fr\/114428899719883176","error":""},"_links":{"self":[{"href":"https:\/\/www.europesays.com\/fr\/wp-json\/wp\/v2\/posts\/65269","targetHints":{"allow":["GET"]}}],"collection":[{"href":"https:\/\/www.europesays.com\/fr\/wp-json\/wp\/v2\/posts"}],"about":[{"href":"https:\/\/www.europesays.com\/fr\/wp-json\/wp\/v2\/types\/post"}],"author":[{"embeddable":true,"href":"https:\/\/www.europesays.com\/fr\/wp-json\/wp\/v2\/users\/2"}],"replies":[{"embeddable":true,"href":"https:\/\/www.europesays.com\/fr\/wp-json\/wp\/v2\/comments?post=65269"}],"version-history":[{"count":0,"href":"https:\/\/www.europesays.com\/fr\/wp-json\/wp\/v2\/posts\/65269\/revisions"}],"wp:featuredmedia":[{"embeddable":true,"href":"https:\/\/www.europesays.com\/fr\/wp-json\/wp\/v2\/media\/65270"}],"wp:attachment":[{"href":"https:\/\/www.europesays.com\/fr\/wp-json\/wp\/v2\/media?parent=65269"}],"wp:term":[{"taxonomy":"category","embeddable":true,"href":"https:\/\/www.europesays.com\/fr\/wp-json\/wp\/v2\/categories?post=65269"},{"taxonomy":"post_tag","embeddable":true,"href":"https:\/\/www.europesays.com\/fr\/wp-json\/wp\/v2\/tags?post=65269"}],"curies":[{"name":"wp","href":"https:\/\/api.w.org\/{rel}","templated":true}]}}