{"id":652695,"date":"2026-01-09T22:55:10","date_gmt":"2026-01-09T22:55:10","guid":{"rendered":"https:\/\/www.europesays.com\/fr\/652695\/"},"modified":"2026-01-09T22:55:10","modified_gmt":"2026-01-09T22:55:10","slug":"steve-chainel-je-ne-suis-pas-nostalgique-je-veux-juste-kiffer-actualite","status":"publish","type":"post","link":"https:\/\/www.europesays.com\/fr\/652695\/","title":{"rendered":"Steve Chainel : \u00ab Je ne suis pas nostalgique, je veux juste kiffer \u00bb &#8211; Actualit\u00e9"},"content":{"rendered":"<p style=\"text-align: justify;\"><strong>Il avait quitt\u00e9 le cyclo-cross fin janvier 2023, alors sur une manche de Coupe du Monde \u00e0 Besan\u00e7on. \u00c0 l&rsquo;\u00e9poque, <a href=\"https:\/\/www.directvelo.com\/coureur\/2043\/steve-chainel\" target=\"_blank\" rel=\"noopener\">Steve Chainel<\/a> portait les couleurs du Cross Team Legendre, dont il \u00e9tait aussi le manager. Depuis, de l&rsquo;eau a coul\u00e9 sous les ponts. S&rsquo;il officie toujours comme commentateur sur Eurosport, l&rsquo;ancien Champion de France a troqu\u00e9 ses habits de cycliste pour une tenue de basketball, et surtout, sa structure de cyclo-cross a mis la cl\u00e9 sous la porte. Mais cet hiver, voil\u00e0 que Steve Chainel s&rsquo;est relanc\u00e9 un d\u00e9fi. Celui d&rsquo;\u00eatre pr\u00e9sent \u00e0 Troyes pour disputer le Championnat de France. Alors l&rsquo;homme de 42 ans a ressorti le v\u00e9lo \u00e0 Ouistreham, pour la derni\u00e8re manche de Coupe de France, pour s&rsquo;assurer une qualification. Chose faite. Ainsi, avant de retrouver ce grand rendez-vous, Steve Chainel s&rsquo;est entretenu avec DirectVelo sur ce retour aux sources, mais aussi ces derni\u00e8res ann\u00e9es difficiles avec les probl\u00e8mes du Cross Team Legendre, qui ont men\u00e9 \u00e0 son arr\u00eat.<\/strong><\/p>\n<p style=\"text-align: justify;\"><strong>DirectVelo : Quel est l&rsquo;\u00e9tat d&rsquo;esprit \u00e0 l&rsquo;approche de l&rsquo;\u00e9v\u00e9nement ?<\/strong><br \/>Steve Chainel : Je me sens tr\u00e8s excit\u00e9, \u00e7a fait un petit moment que je n&rsquo;ai pas fait de courses de tr\u00e8s haut niveau, m\u00eame si \u00e7a a \u00e9t\u00e9 un gros plaisir \u00e0 Ouistreham. Sinon il fallait remonter \u00e0 Besan\u00e7on en 2023, pour ma derni\u00e8re Coupe du Monde. \u00c0 cette \u00e9poque je n&rsquo;avais pas mes deux filles, beaucoup de choses se sont pass\u00e9es, il y a eu l&rsquo;arr\u00eat du Cross Team, \u00e7a a \u00e9t\u00e9 dur \u00e0 g\u00e9rer. Je me foutais de la gueule un peu de ceux qui revenaient sur leur d\u00e9cision. Je suis un fan de Michael Jordan mais je me disais \u00ab pourquoi il revient ? \u00bb. Normalement quand on l&rsquo;a d\u00e9cid\u00e9, on arr\u00eate. Puis il y a eu des petits challenges \u00e0 la con. Mon neveu fait du cross en Cadet, j&rsquo;en ai fait un premier en septembre avec lui et \u00e7a a \u00e9t\u00e9 le d\u00e9but du truc. Je termine 2e en master, avec z\u00e9ro entrainement, juste la technique. Il faut savoir que dans les Vosges, j&rsquo;accueille ceux qui veulent faire de la technique. Je trouve dommage qu&rsquo;il n&rsquo;y ait pas de groupes comme en Belgique. C&rsquo;est le rendez-vous du mercredi apr\u00e8s-midi. Peu importe le club, on peut venir pour travailler la technique. <\/p>\n<p><strong>Comment t&rsquo;es-tu retrouv\u00e9 dans ce challenge ?<\/strong><br \/>Le cross ce n&rsquo;est pas comme le tennis, tu ne peux pas juste jouer avec les copains. Le seul moyen de jouer, c&rsquo;est de faire des courses. Donc j&rsquo;ai fait trois \u00e9preuves masters, dont deux gagn\u00e9es. Puis il y a eu un challenge de L\u00e9o Bisiaux qui m&rsquo;a charri\u00e9 sur Eurosport, des petits trucs \u00e0 la con&#8230; Puis \u00e7a pouvait \u00eatre cool de faire une petite parenth\u00e8se cyclo-cross \u00e0 Troyes, j&rsquo;adore le circuit et les organisateurs. On a fait monter la sauce, je voulais r\u00e9aliser ce coup. J&rsquo;ai appel\u00e9 Alexis Diederle (responsable du cyclo-cross dans le Grand Est, NDLR) pour savoir comment me qualifier, car je ne voulais surtout pas prendre la place de quelqu&rsquo;un. Le plus simple \u00e9tait de passer par la Coupe de France. Je devais \u00eatre Top 50 du g\u00e9n\u00e9ral, et je suis 50e tout pile, donc j&rsquo;avais la qualif.<\/p>\n<p><strong>\u00ab C&rsquo;EST CON DE DEVOIR SE RELANCER DANS DES TRUCS COMME \u00c7A \u00bb<\/strong><\/p>\n<p><strong>Tu seras donc au d\u00e9part d&rsquo;un Championnat de France apr\u00e8s plus de vingt ans de carri\u00e8re&#8230; Tu ressens une \u00e9motion particuli\u00e8re ?<\/strong><br \/>C&rsquo;est pour \u00e7a que je suis tr\u00e8s excit\u00e9. Quand on met un dossard, on sait ce que c&rsquo;est. Je le fais pour moi, ma compagne et mes filles. Rose est arriv\u00e9e le 11 f\u00e9vrier, deux semaines apr\u00e8s Besan\u00e7on. Elle ne m&rsquo;a pas connu comme athl\u00e8te, elle ne comprend pas, elle parle de Caliste. Mais quand je la vois m&rsquo;encourager \u00e7a me fait kiffer. Je veux qu&rsquo;elle ait ce regard. C&rsquo;est beaucoup d&rsquo;\u00e9motion, c&rsquo;est particulier. Je pensais que le basket allait me procurer \u00e7a aussi, mais c&rsquo;est diff\u00e9rent, c&rsquo;est un sport collectif. La pression d&rsquo;un lancer franc n&rsquo;a rien \u00e0 voir avec un d\u00e9part, le fait d&rsquo;avoir cette boule au ventre, la musique qui r\u00e9sonne&#8230; C&rsquo;est aussi pour \u00e7a qu&rsquo;il y a ce sale esprit de comp\u00e9titeur. C&rsquo;est con de devoir se relancer dans des trucs comme \u00e7a pour revivre ce sentiment. Puis je serai aussi l\u00e0 en supporter, sur la course de mon fils. J&rsquo;ai achet\u00e9 un porte-voix, je suis \u00e0 fond. Et j&rsquo;esp\u00e8re \u00eatre acteur.<\/p>\n<p><strong>Comment tu te sens apr\u00e8s ces ann\u00e9es d&rsquo;arr\u00eat ?<\/strong><br \/>Techniquement je n&rsquo;ai rien perdu, j&rsquo;en fais toutes les semaines avec les jeunes, les planches, les mont\u00e9es descentes, virages etc. Apr\u00e8s c&rsquo;est clair que physiquement je ne suis plus du tout au niveau. J&rsquo;ai pris 5 kg depuis l&rsquo;arr\u00eat. Notamment sur le haut du corps car je fais du basket en comp\u00e9tition. Le v\u00e9lo avec l&rsquo;endurance et r\u00e9sistance, je ne travaillais que la tonicit\u00e9 et les efforts courts, et \u00e7a tombe bien car c&rsquo;est mon point fort. Sur un demi-tour je fais de beaux trucs, mais une course ne dure pas qu&rsquo;un demi-tour (rires). Mais je m&rsquo;entraine. Je suis consultant \u00e0 Eurosport et \u00e7a ne prend pas 35 h donc j&rsquo;ai du temps \u00e0 consacrer aux filles, et j&rsquo;arrive \u00e0 m&rsquo;entrainer un peu comme je veux avec de la course \u00e0 pied. J&rsquo;ai fait un trail fin d\u00e9cembre o\u00f9 j&rsquo;ai termin\u00e9 16e sur 1500.<\/p>\n<p><strong>\u00ab JE PRENDS UN PIED PAS POSSIBLE \u00bb<\/strong><\/p>\n<p><strong>Tu as un objectif dans la t\u00eate ?<\/strong><br \/>J&rsquo;ai l&rsquo;objectif de ne pas me faire laper. J&rsquo;ai connu \u00e7a dans ma carri\u00e8re, notamment avec Sven Nys. C&rsquo;est un sentiment de \u00ab qu&rsquo;est-ce que je fous l\u00e0 \u00bb. Mais si \u00e7a arrive ce ne sera pas la fin du monde. Je me suis fait une mini pr\u00e9pa, je n&rsquo;ai pas fait n&rsquo;importe quoi. J&rsquo;ai fait plus de v\u00e9lo, notamment sur Zwift pour travailler. Mais je suis tr\u00e8s loin de mon niveau physique. Il faut de l&rsquo;entrainement, il y a l&rsquo;\u00e2ge, la charge de travail plus compliqu\u00e9e et je suis aussi moins investi que par le pass\u00e9. Le cross, c&rsquo;est toute ma vie, mon sport, ma passion. Je prends un pied pas possible \u00e0 faire cette parenth\u00e8se pendant l&rsquo;hiver. Pour tout dire, je n&rsquo;ai m\u00eame plus de combi avec des liser\u00e9s. Je ne suis pas nostalgique, je veux juste kiffer, me faire mal \u00e0 la gueule, faire profiter le public, profiter de l&rsquo;ambiance et des gens qui me connaissent plus comme consultant maintenant.<\/p>\n<p><strong>Est-ce que tu t&rsquo;es lanc\u00e9 ce d\u00e9fi comme un one shot, ou tu as envie d&rsquo;en faire r\u00e9guli\u00e8rement ?<\/strong><br \/>On me dit qu&rsquo;en Master je ne serais pas mal. Mais \u00e7a ne m&rsquo;int\u00e9resse pas. Mais je disais aussi que je ne reviendrais jamais et on se rend compte qu&rsquo;avec les ann\u00e9es qui passent&#8230; Peut-\u00eatre que ma compagne et mes filles auront envie, \u00e0 voir. Mais je prends un tel pied au basket. Je n&rsquo;ai pas envie de redevenir un athl\u00e8te passionn\u00e9, il faut rouler pour marcher, et je ne me vois pas faire les choses \u00e0 moiti\u00e9. Car si je d\u00e9cide de faire la saison en ao\u00fbt, \u00e7a va me demander moins de pr\u00e9sences pour commenter, et c&rsquo;est hors de question, car c&rsquo;est mon revenu. \u00c7a demanderait de nouveau une esp\u00e8ce de bulle de v\u00e9lo et \u00e7a ne m&rsquo;int\u00e9resse pas. J&rsquo;ai suffisamment donn\u00e9. J&rsquo;ai fait 20 Championnats du Monde, 22 ann\u00e9es de haut niveau&#8230; J&rsquo;ai fait le tour. Quand on est sportif on peut le faire mais on a une jauge de batterie \u00e0 \u00e9conomiser. Je n&rsquo;ai plus envie de me coucher \u00e0 23 h le jour du Nouvel An, ou me prendre le chou \u00e0 arriver la veille pour rep\u00e9rer les circuits. Le cross de haut niveau, j&rsquo;ai fait le tour.<\/p>\n<p><strong>\u00ab C&rsquo;EST TR\u00c8S DUR DE REPARLER DU CROSS TEAM \u00bb<\/strong><\/p>\n<p><strong>Tu avais ton \u00e9quipe, le Cross Team Legendre, depuis il y a eu d&rsquo;autres rumeurs de nouvelle \u00e9quipe&#8230; O\u00f9 en es-tu dans tout \u00e7a ?<\/strong><br \/>On a pass\u00e9 trois-quatre super ann\u00e9es avec l&rsquo;\u00e9quipe. Mais j&rsquo;en paie encore les pots cass\u00e9s. J&rsquo;ai du mal \u00e0 regarder les anciens dans les yeux, \u00e7a s&rsquo;est arr\u00eat\u00e9 trop vite. Je dois encore de l&rsquo;argent \u00e0 la banque, c&rsquo;est tr\u00e8s difficile. Je ne me suis jamais r\u00e9mun\u00e9r\u00e9 avec le Cross Team, \u00e7a a toujours \u00e9t\u00e9 pour la transmission et les jeunes. Aujourd&rsquo;hui l&rsquo;\u00e9tat d&rsquo;esprit a compl\u00e8tement chang\u00e9. Si un jour je refais une \u00e9quipe, ce sera avec une \u00e2me cyclo-cross, mais ce sera de mani\u00e8re compl\u00e8tement diff\u00e9rente. On a pass\u00e9 de tr\u00e8s bons moments, c&rsquo;\u00e9tait fantastique, mais je suis encore sur la d\u00e9ception de comment \u00e7a s&rsquo;est fini. Le temps passe, c&rsquo;est comme \u00e7a, mais c&rsquo;est tr\u00e8s dur de reparler du Cross Team. Avec Rodolphe (Beyer), on a mis beaucoup de temps et d&rsquo;\u00e9nergie, m\u00eame des ronds personnels. Et aujourd&rsquo;hui on paie encore tout \u00e7a alors que c&rsquo;\u00e9tait pour le bien du cross. Je ne sais pas d&rsquo;o\u00f9 sortent les rumeurs, mais il n&rsquo;y a rien de chez rien, et s&rsquo;il y avait quelque chose je serais le premier \u00e0 vouloir communiquer.<\/p>\n<p><strong>Tu y penses souvent, tu as des regrets sur cette p\u00e9riode ?<\/strong><br \/>Je rumine beaucoup. On a eu Antoine Benoist, Micka\u00ebl Crispin, R\u00e9mi Lelandais, Ugo Ananie, Amandine Fouquenet, Florian Richard Andrade&#8230; Quand on regarde dans le r\u00e9tro, on a \u00e9t\u00e9 pr\u00e9curseurs. On se rend compte qu&rsquo;il y a de super Teams, comme AS Bike, puis d&rsquo;autres en Belgique qui fonctionnent de la m\u00eame mani\u00e8re. Et on \u00e9tait l\u00e0. Je cogite beaucoup, j&rsquo;essaie de trouver pourquoi \u00e7a ne l&rsquo;a pas fait, c&rsquo;est difficile \u00e0 accepter. On avait de super v\u00e9los, Canyon nous suivait, on a tout fait pour que \u00e7a se passe bien. La situation d&rsquo;\u00eatre coureur et manager n&rsquo;\u00e9tait pas \u00e9vidente, et garder les coureurs pour constituer un vrai programme \u00e9tait peut-\u00eatre une erreur. Apr\u00e8s, quand je recroise David Menut il n&rsquo;y a aucun souci, il y a beaucoup de respect avec R\u00e9mi Lelandais, Ugo Ananie, etc. Je pense qu&rsquo;on a v\u00e9cu de belles choses mais c&rsquo;\u00e9tait trop court, on a voulu trop bien faire.<\/p>\n<p><strong>\u00ab IL N&rsquo;Y A QUE CEUX QUI NE FONT RIEN QUI NE SE LOUPENT PAS \u00bb<\/strong><\/p>\n<p><strong>Tu as d&rsquo;autres projets \u00e0 plus ou moins long terme ?<\/strong><br \/>Il y a toujours plein de projets. La t\u00e9l\u00e9 ouvre des portes, avec le fait d&rsquo;aller expliquer mon parcours dans les entreprises, que le petit Vosgien, qui n&rsquo;est pas issu d&rsquo;une famille de v\u00e9lo, est Champion de France de cross, consultant, manager, etc. \u00c7a peut \u00eatre inspirant de raconter, montrer qu&rsquo;on ne se fixe pas de limites. C&rsquo;est bateau mais je suis la preuve vivante que plein de choses peuvent se cr\u00e9er. Je veux continuer \u00e0 aller dans les entreprises, j&rsquo;adore la transmission. Il y a des gamins qui me demandent de les suivre. Je ne suis pas entraineur mais je peux raconter, expliquer, donner des conseils, animer des stages, partager, etc. Et puis il y a tout ce qui est li\u00e9 au v\u00e9lo dans les Vosges. J&rsquo;habite pr\u00e8s de la Planche, je suis sollicit\u00e9 pour emmener les gens. J&rsquo;ai ouvert un g\u00eete en ce sens chez moi, on va d\u00e9velopper ce tourisme \u00e0 v\u00e9lo en accompagnant sur nos routes des Vosges.<\/p>\n<p><strong>Malgr\u00e9 tout tu restes donc dans le milieu, et tu ne montres pas d&rsquo;aigreur&#8230;<\/strong><br \/>De par mon caract\u00e8re, je ne suis pas rancunier. Il n&rsquo;y a que ceux qui ne font rien qui ne se loupent pas. Au d\u00e9but j&rsquo;ai eu du mal \u00e0 revenir sur les cross. Il y avait ce truc de me demander ce que je foutais l\u00e0, c&rsquo;\u00e9tait compliqu\u00e9. Puis mes filles sont arriv\u00e9es, j&rsquo;ai pris beaucoup de recul. Aujourd&rsquo;hui je me r\u00e9gale \u00e0 suivre les cross, je me vante de dire qu&rsquo;Amandine Fouquenet a commenc\u00e9 chez nous, qu&rsquo;on a eu David Menut, Micka\u00ebl Crispin, R\u00e9mi Lelandais etc. Il y a eu de belles choses, de belles rencontres, la vie avance. Les \u00e9quipes se font et s&rsquo;arr\u00eatent, je suis une goutte d&rsquo;eau dans cet oc\u00e9an.<\/p>\n","protected":false},"excerpt":{"rendered":"Il avait quitt\u00e9 le cyclo-cross fin janvier 2023, alors sur une manche de Coupe du Monde \u00e0 Besan\u00e7on.&hellip;\n","protected":false},"author":2,"featured_media":652696,"comment_status":"","ping_status":"","sticky":false,"template":"","format":"standard","meta":{"footnotes":""},"categories":[1411],"tags":[834,828,836,829,837,827,83,826,824,823,1154,207,814,817,815,816,822,821,832,211,839,1011,27,820,818,819,835,831,830,833,838,60,212,208,825],"class_list":{"0":"post-652695","1":"post","2":"type-post","3":"status-publish","4":"format-standard","5":"has-post-thumbnail","7":"category-cyclisme","8":"tag-attaque","9":"tag-belgique","10":"tag-braquet","11":"tag-bretagne","12":"tag-chute","13":"tag-competition","14":"tag-coupe-de-france","15":"tag-coureur","16":"tag-course-cyclisme","17":"tag-course-cycliste","18":"tag-cycling","19":"tag-cyclisme","20":"tag-direct","21":"tag-direct-velo","22":"tag-directvelo","23":"tag-directvelo-com","24":"tag-epreuve","25":"tag-epreuve-cycliste","26":"tag-federation-francaise-de-cyclisme","27":"tag-ffc","28":"tag-flandres","29":"tag-fr","30":"tag-france","31":"tag-live","32":"tag-live-course","33":"tag-live-epreuve","34":"tag-peloton","35":"tag-radio-peloton","36":"tag-radio-tour","37":"tag-ravitaillement","38":"tag-relance","39":"tag-sports","40":"tag-uci","41":"tag-velo","42":"tag-velos"},"share_on_mastodon":{"url":"https:\/\/pubeurope.com\/@fr\/115867610235278834","error":""},"_links":{"self":[{"href":"https:\/\/www.europesays.com\/fr\/wp-json\/wp\/v2\/posts\/652695","targetHints":{"allow":["GET"]}}],"collection":[{"href":"https:\/\/www.europesays.com\/fr\/wp-json\/wp\/v2\/posts"}],"about":[{"href":"https:\/\/www.europesays.com\/fr\/wp-json\/wp\/v2\/types\/post"}],"author":[{"embeddable":true,"href":"https:\/\/www.europesays.com\/fr\/wp-json\/wp\/v2\/users\/2"}],"replies":[{"embeddable":true,"href":"https:\/\/www.europesays.com\/fr\/wp-json\/wp\/v2\/comments?post=652695"}],"version-history":[{"count":0,"href":"https:\/\/www.europesays.com\/fr\/wp-json\/wp\/v2\/posts\/652695\/revisions"}],"wp:featuredmedia":[{"embeddable":true,"href":"https:\/\/www.europesays.com\/fr\/wp-json\/wp\/v2\/media\/652696"}],"wp:attachment":[{"href":"https:\/\/www.europesays.com\/fr\/wp-json\/wp\/v2\/media?parent=652695"}],"wp:term":[{"taxonomy":"category","embeddable":true,"href":"https:\/\/www.europesays.com\/fr\/wp-json\/wp\/v2\/categories?post=652695"},{"taxonomy":"post_tag","embeddable":true,"href":"https:\/\/www.europesays.com\/fr\/wp-json\/wp\/v2\/tags?post=652695"}],"curies":[{"name":"wp","href":"https:\/\/api.w.org\/{rel}","templated":true}]}}