{"id":652701,"date":"2026-01-09T22:58:13","date_gmt":"2026-01-09T22:58:13","guid":{"rendered":"https:\/\/www.europesays.com\/fr\/652701\/"},"modified":"2026-01-09T22:58:13","modified_gmt":"2026-01-09T22:58:13","slug":"la-plus-grande-exposition-jamais-dediee-au-celebre-photographe-francais-robert-doisneau-sinstalle-a-1h-de-bruxelles","status":"publish","type":"post","link":"https:\/\/www.europesays.com\/fr\/652701\/","title":{"rendered":"La plus grande exposition jamais d\u00e9di\u00e9e au c\u00e9l\u00e8bre photographe fran\u00e7ais Robert Doisneau s&rsquo;installe \u00e0 1h de Bruxelles"},"content":{"rendered":"<p>\t\t\t\t\t\t\t\t\t\t\t\t\t\t\t\t\t\t\t\t\t\t<img loading=\"lazy\" decoding=\"async\" src=\"data:image\/svg+xml,%3Csvg%20xmlns=\" http:=\"\" class=\"img-fluid\" alt=\"Robert Doisneau exposition\" width=\"1024\" height=\"730\" data-lazy-src=\"https:\/\/www.europesays.com\/fr\/wp-content\/uploads\/2026\/01\/1-Robert-Doisneau-Photography-6-1024x730.jpg\"\/><br \/>\n\t\t\t\t\t\t\t\t\t\t\t\t\t\t\t\t\t\t\t\t\t\t\u00a9Robert Doisneau<\/p>\n<p>    Save<\/p>\n<p>Plus de 400 <a href=\"https:\/\/bruxellessecrete.com\/photobrussels-festival\/\" rel=\"follow noopener\" target=\"_self\" class=\"shortcode-outbound-link\" data-has-ga=\"true\" data-ga-type=\"click\" data-label=\"https:\/\/bruxellessecrete.com\/photobrussels-festival\/\" data-action=\"text_cta_0\" data-category=\"click_internal\">photographies <\/a>pour red\u00e9couvrir le regard tendre et profond\u00e9ment humain de l\u2019un des plus grands ma\u00eetres de la photographie du XXe si\u00e8cle.<\/p>\n<p>\u00c0 seulement <b>1h de Bruxelles<\/b>, <b>Li\u00e8ge<\/b> accueille une exposition \u00e9v\u00e9nement consacr\u00e9e \u00e0 <b>Robert Doisneau<\/b>. Pr\u00e9sent\u00e9e \u00e0 <b>La Boverie<\/b>, Instants donn\u00e9s retrace l\u2019ensemble de la carri\u00e8re du photographe, de ses d\u00e9buts dans les ann\u00e9es 1930 jusqu\u2019\u00e0 1992. Apr\u00e8s un immense succ\u00e8s \u00e0 Paris, cette impressionnante r\u00e9trospective marque le d\u00e9but d\u2019une tourn\u00e9e internationale et s\u2019impose comme <b>la plus vaste jamais d\u00e9di\u00e9e \u00e0 l\u2019artiste<\/b>, offrant un v\u00e9ritable voyage \u00e0 travers le XXe si\u00e8cle.<\/p>\n<p> <b>Un regard libre et humaniste sur le monde<\/b> <img fetchpriority=\"high\" decoding=\"async\" class=\"wp-image-32236 size-full\" src=\"data:image\/svg+xml,%3Csvg%20xmlns=\" http:=\"\" alt=\"\" width=\"1200\" height=\"962\" data-lazy- data-lazy- data-lazy-src=\"https:\/\/www.europesays.com\/fr\/wp-content\/uploads\/2026\/01\/2-robert-doisneau-le-baiser-de-lhotel-de-ville-paris-1950-c-robert-doisneau0.jpg\"\/>\u00a9Robert Doisneau <\/p>\n<p>\u00c0 <b>La Boverie<\/b>, le parcours rassemble <b>plus de 400 photographies<\/b> issues des archives de l\u2019Atelier Doisneau. Clich\u00e9s iconiques et images plus confidentielles se r\u00e9pondent pour d\u00e9voiler toute la richesse de son \u0153uvre. Robert Doisneau y r\u00e9v\u00e8le un regard curieux, tendre et g\u00e9n\u00e9reux, capable de saisir aussi bien l\u2019insouciance de l\u2019enfance que la fragilit\u00e9 de la condition humaine. Chaque image c\u00e9l\u00e8bre la beaut\u00e9 des gestes simples et raconte, avec pudeur et po\u00e9sie, la vie telle qu\u2019elle est, dans toute sa diversit\u00e9 et ses contrastes.<\/p>\n<p> <b>Une immersion sensible \u00e0 d\u00e9couvrir \u00e0 Li\u00e8ge<\/b> <img loading=\"lazy\" decoding=\"async\" class=\"wp-image-32237 size-full\" src=\"data:image\/svg+xml,%3Csvg%20xmlns=\" http:=\"\" alt=\"\" width=\"1200\" height=\"627\" data-lazy- data-lazy- data-lazy-src=\"https:\/\/www.europesays.com\/fr\/wp-content\/uploads\/2026\/01\/2-Linformation-scolaire-Paris-1956-z.jpg\"\/>\u00a9Robert Doisneau <\/p>\n<p>Pens\u00e9e comme une exp\u00e9rience immersive, l\u2019exposition pr\u00e9sent\u00e9e \u00e0 <a href=\"https:\/\/bruxellessecrete.com\/choses-a-faire-liege\/\" rel=\"follow noopener\" target=\"_self\" class=\"shortcode-outbound-link\" data-has-ga=\"true\" data-ga-type=\"click\" data-label=\"https:\/\/bruxellessecrete.com\/choses-a-faire-liege\/\" data-action=\"text_cta_1\" data-category=\"click_internal\">Li\u00e8ge <\/a>va bien au-del\u00e0 de la photographie. Dispositifs interactifs, documents rares, enregistrements et t\u00e9moignages sonores ponctuent le parcours et mettent en lumi\u00e8re les liens que Robert Doisneau a tiss\u00e9s entre diff\u00e9rents mondes artistiques et sociaux. Pour cette \u00e9tape belge, une <b>s\u00e9lection in\u00e9dite<\/b> met \u00e0 l\u2019honneur des lieux et figures embl\u00e9matiques, offrant un \u00e9clairage nouveau sur le regard du photographe et son dialogue avec l\u2019histoire et la m\u00e9moire collective.<\/p>\n<p>Une escapade culturelle id\u00e9ale \u00e0 Li\u00e8ge pour s\u2019\u00e9mouvoir, s\u2019\u00e9merveiller et red\u00e9couvrir Robert Doisneau dans toute la profondeur et la modernit\u00e9 de son \u0153uvre.<\/p>\n<p>\ud83d\udcc5Jusqu\u2019au <b>19 avril 2026<br \/><\/b>\ud83d\udcb0<b>5 \u20ac <\/b>pour les adultes \u2013 <b>gratuite <\/b>pour les moins de 26 ans <\/p>\n","protected":false},"excerpt":{"rendered":"\u00a9Robert Doisneau Save Plus de 400 photographies pour red\u00e9couvrir le regard tendre et profond\u00e9ment humain de l\u2019un des&hellip;\n","protected":false},"author":2,"featured_media":652702,"comment_status":"","ping_status":"","sticky":false,"template":"","format":"standard","meta":{"footnotes":""},"categories":[1358],"tags":[1348,1384,1385,1386,58,59,1011,27],"class_list":{"0":"post-652701","1":"post","2":"type-post","3":"status-publish","4":"format-standard","5":"has-post-thumbnail","7":"category-arts-et-design","8":"tag-arts","9":"tag-arts-and-design","10":"tag-arts-et-design","11":"tag-design","12":"tag-divertissement","13":"tag-entertainment","14":"tag-fr","15":"tag-france"},"share_on_mastodon":{"url":"https:\/\/pubeurope.com\/@fr\/115867621978962352","error":""},"_links":{"self":[{"href":"https:\/\/www.europesays.com\/fr\/wp-json\/wp\/v2\/posts\/652701","targetHints":{"allow":["GET"]}}],"collection":[{"href":"https:\/\/www.europesays.com\/fr\/wp-json\/wp\/v2\/posts"}],"about":[{"href":"https:\/\/www.europesays.com\/fr\/wp-json\/wp\/v2\/types\/post"}],"author":[{"embeddable":true,"href":"https:\/\/www.europesays.com\/fr\/wp-json\/wp\/v2\/users\/2"}],"replies":[{"embeddable":true,"href":"https:\/\/www.europesays.com\/fr\/wp-json\/wp\/v2\/comments?post=652701"}],"version-history":[{"count":0,"href":"https:\/\/www.europesays.com\/fr\/wp-json\/wp\/v2\/posts\/652701\/revisions"}],"wp:featuredmedia":[{"embeddable":true,"href":"https:\/\/www.europesays.com\/fr\/wp-json\/wp\/v2\/media\/652702"}],"wp:attachment":[{"href":"https:\/\/www.europesays.com\/fr\/wp-json\/wp\/v2\/media?parent=652701"}],"wp:term":[{"taxonomy":"category","embeddable":true,"href":"https:\/\/www.europesays.com\/fr\/wp-json\/wp\/v2\/categories?post=652701"},{"taxonomy":"post_tag","embeddable":true,"href":"https:\/\/www.europesays.com\/fr\/wp-json\/wp\/v2\/tags?post=652701"}],"curies":[{"name":"wp","href":"https:\/\/api.w.org\/{rel}","templated":true}]}}