{"id":652703,"date":"2026-01-09T23:00:12","date_gmt":"2026-01-09T23:00:12","guid":{"rendered":"https:\/\/www.europesays.com\/fr\/652703\/"},"modified":"2026-01-09T23:00:12","modified_gmt":"2026-01-09T23:00:12","slug":"star-academy-2025-lenorme-pactole-que-toucherait-michael-goldman-pour-cette-saison-selon-cyril-hanouna","status":"publish","type":"post","link":"https:\/\/www.europesays.com\/fr\/652703\/","title":{"rendered":"Star Academy\u00a02025\u00a0: l\u2019\u00e9norme pactole que toucherait Michael Goldman pour cette saison, selon Cyril Hanouna"},"content":{"rendered":"<p>\n                                                                Dans son \u00e9mission TBT9, Cyril Hanouna a repris les informations du magazine Public qui d\u00e9voile les salaires des professeurs du t\u00e9l\u00e9-crochet de TF1. Sans surprise, en tant que directeur du programme, le fils de Jean-Jacques Goldman h\u00e9rite du cachet le plus important.\n                            <\/p>\n<p>\u00c0 un mois de la finale de la Star Academy qui devrait se tenir le 7\u00a0f\u00e9vrier 2026, les salaires des professeurs de <a href=\"https:\/\/www.midilibre.fr\/2025\/11\/10\/star-academy-2025-marine-julien-vitaa-qui-sont-les-invites-du-prime-special-anciens-eleves-13044548.php\" target=\"_blank\" rel=\"noopener\">la 13e saison<\/a> ont \u00e9t\u00e9 d\u00e9voil\u00e9s par Public et repris par Cyril Hanouna dans TBT9.<\/p>\n<blockquote cite=\"https:\/\/www.tiktok.com\/@cyrilhanouna_officiel\/video\/7592960845575965974\" data-video-id=\"7592960845575965974\" style=\"max-width: 605px;min-width: 325px;\" data-class=\"tiktok-embed\"><p>  <a target=\"_blank\" title=\"@cyrilhanouna_officiel\" href=\"https:\/\/www.tiktok.com\/@cyrilhanouna_officiel?refer=embed\" rel=\"noopener\">@cyrilhanouna_officiel<\/a> Les salaires des profs de la Star Academy d\u00e9voil\u00e9s ! On vous donne beaucoup d&rsquo;infos tous les soirs dans TBT9 ! Hier, je vous donnais les salaires des profs de la Star Academy. A ce soir les ch\u00e9ris, en direct d\u00e8s 18H45 sur W9 ? <a title=\"cyrilhanouna\" target=\"_blank\" href=\"https:\/\/www.tiktok.com\/tag\/cyrilhanouna?refer=embed\" rel=\"noopener\">#cyrilhanouna<\/a> <a title=\"tbt9\" target=\"_blank\" href=\"https:\/\/www.tiktok.com\/tag\/tbt9?refer=embed\" rel=\"noopener\">#tbt9<\/a> <a title=\"staracademy\" target=\"_blank\" href=\"https:\/\/www.tiktok.com\/tag\/staracademy?refer=embed\" rel=\"noopener\">#staracademy<\/a> <a target=\"_blank\" title=\"\u266c son original  - Cyril Hanouna\" href=\"https:\/\/www.tiktok.com\/music\/son-original-Cyril-Hanouna-7592960896911330070?refer=embed\" rel=\"noopener\">\u266c son original  &#8211; Cyril Hanouna<\/a>  <\/p><\/blockquote>\n<p>En effet, le 7\u00a0janvier dernier, dans son talk-show diffus\u00e9 sur W9, Cyril Hanouna a pr\u00e9sent\u00e9 aux chroniqueurs en plateau le montant des salaires des professeurs. On s\u2019aper\u00e7oit alors que Michael Goldman, directeur de la Star Academy depuis 2022 et la saison 10, avoisinerait les 170\u00a0000\u00a0euros.<\/p>\n<p>C\u2019est le plus haut cachet parmi le corps professoral. Une distinction qui pourrait s\u2019expliquer par le r\u00f4le de producteur que le fils de Jean-Jacques Goldman occupe en parall\u00e8le de l\u2019aventure Star Academy.<\/p>\n<p>Marl\u00e8ne, Lucie et Sofia au m\u00eame niveau<\/p>\n<p><a href=\"https:\/\/www.midilibre.fr\/2025\/10\/16\/star-academy-2025-nouveaux-candidats-professeurs-inedits-charlotte-cardin-et-toujours-le-chateau-a-quoi-sattendre-pour-cette-nouvelle-saison-12996523.php\" target=\"_blank\" rel=\"noopener\">Parmi les autres professeurs de la saison 13<\/a>, Jonathan Jenvrin (<a href=\"https:\/\/www.midilibre.fr\/2025\/09\/29\/la-star-academy-revient-un-ex-danseur-de-rihanna-et-un-mentor-de-jamel-debbouze-qui-sont-les-deux-nouveaux-professeurs-de-lemission-12960793.php\" target=\"_blank\" rel=\"noopener\">professeur de danse<\/a>) occupe la deuxi\u00e8me place avec une r\u00e9mun\u00e9ration estim\u00e9e \u00e0 85\u00a0000\u00a0euros, suivi de Marl\u00e8ne Schaff (professeure d\u2019expression sc\u00e9nique), Lucie Bernardoni (r\u00e9p\u00e9titrice et ancienne \u00e9l\u00e8ve) et Sofia Morgavi (professeure de chant) toutes en troisi\u00e8me position avec un cachet d\u2019en moyenne 68\u00a0000\u00a0euros.<\/p>\n<p><a href=\"https:\/\/www.midilibre.fr\/2022\/10\/15\/star-academy-de-retour-sur-tf1-professeurs-candidats-diffusion-tout-savoir-sur-la-nouvelle-saison-qui-debute-ce-samedi-10738917.php\" target=\"_blank\" rel=\"noopener\">Les derniers enseignants<\/a>, Papy (professeur de th\u00e9\u00e2tre) et Ladji Doucour\u00e9 (professeur de sport) se partagent la m\u00eame r\u00e9mun\u00e9ration, soit 51\u00a0000\u00a0euros. Enfin, Fanny Delaigue (r\u00e9p\u00e9titrice) toucherait 42\u00a0500\u00a0euros.<\/p>\n<p>                                                                                                                                                                                                        <script async src=\"\/\/www.tiktok.com\/embed.js\"><\/script><\/p>\n","protected":false},"excerpt":{"rendered":"Dans son \u00e9mission TBT9, Cyril Hanouna a repris les informations du magazine Public qui d\u00e9voile les salaires des&hellip;\n","protected":false},"author":2,"featured_media":652704,"comment_status":"","ping_status":"","sticky":false,"template":"","format":"standard","meta":{"footnotes":""},"categories":[1356],"tags":[58,59,1011,27,252,68925,1364],"class_list":{"0":"post-652703","1":"post","2":"type-post","3":"status-publish","4":"format-standard","5":"has-post-thumbnail","7":"category-television","8":"tag-divertissement","9":"tag-entertainment","10":"tag-fr","11":"tag-france","12":"tag-television","13":"tag-tu00e9lu00e9-mu00e9dias","14":"tag-tv"},"share_on_mastodon":{"url":"https:\/\/pubeurope.com\/@fr\/115867630071959559","error":""},"_links":{"self":[{"href":"https:\/\/www.europesays.com\/fr\/wp-json\/wp\/v2\/posts\/652703","targetHints":{"allow":["GET"]}}],"collection":[{"href":"https:\/\/www.europesays.com\/fr\/wp-json\/wp\/v2\/posts"}],"about":[{"href":"https:\/\/www.europesays.com\/fr\/wp-json\/wp\/v2\/types\/post"}],"author":[{"embeddable":true,"href":"https:\/\/www.europesays.com\/fr\/wp-json\/wp\/v2\/users\/2"}],"replies":[{"embeddable":true,"href":"https:\/\/www.europesays.com\/fr\/wp-json\/wp\/v2\/comments?post=652703"}],"version-history":[{"count":0,"href":"https:\/\/www.europesays.com\/fr\/wp-json\/wp\/v2\/posts\/652703\/revisions"}],"wp:featuredmedia":[{"embeddable":true,"href":"https:\/\/www.europesays.com\/fr\/wp-json\/wp\/v2\/media\/652704"}],"wp:attachment":[{"href":"https:\/\/www.europesays.com\/fr\/wp-json\/wp\/v2\/media?parent=652703"}],"wp:term":[{"taxonomy":"category","embeddable":true,"href":"https:\/\/www.europesays.com\/fr\/wp-json\/wp\/v2\/categories?post=652703"},{"taxonomy":"post_tag","embeddable":true,"href":"https:\/\/www.europesays.com\/fr\/wp-json\/wp\/v2\/tags?post=652703"}],"curies":[{"name":"wp","href":"https:\/\/api.w.org\/{rel}","templated":true}]}}