{"id":652709,"date":"2026-01-09T23:03:17","date_gmt":"2026-01-09T23:03:17","guid":{"rendered":"https:\/\/www.europesays.com\/fr\/652709\/"},"modified":"2026-01-09T23:03:17","modified_gmt":"2026-01-09T23:03:17","slug":"varicelle-faut-il-vraiment-vacciner-tous-les-bebes","status":"publish","type":"post","link":"https:\/\/www.europesays.com\/fr\/652709\/","title":{"rendered":"Varicelle : faut-il vraiment vacciner tous les b\u00e9b\u00e9s ?"},"content":{"rendered":"<p>             <a href=\"https:\/\/ma-sante.news\/wp-content\/uploads\/2026\/01\/Varicelle-zona-la-HAS-reevalue-linteret-dune-vaccination-des-nourrissons-Ma-Sante.jpg\" data-caption=\"En France, o\u00f9 plus de 90 % des enfants ont contract\u00e9 la varicelle avant l\u2019\u00e2ge de 10 ans, la vaccination ne fait l&#039;objet que d&#039;une simple recommandation. \u00a9 Freepik\" rel=\"nofollow noopener\" target=\"_blank\"><img loading=\"lazy\" decoding=\"async\" width=\"696\" height=\"463\" class=\"entry-thumb td-modal-image ewww_webp_lazy_load\" src=\"data:image\/svg+xml,%3Csvg%20xmlns=\" http:=\"\" data-lazy- data-lazy- alt=\"Un nourrisson en train de se faire vacciner contre la varicelle.\" title=\"Varicelle zona la HAS re\u0301e\u0301value l\u2019inte\u0301re\u0302t d\u2019une vaccination des nourrissons Ma Sante\u0301\" data-lazy-src=\"https:\/\/www.europesays.com\/fr\/wp-content\/uploads\/2026\/01\/Varicelle-zona-la-HAS-reevalue-linteret-dune-vaccination-des-nourrissons-Ma-Sante-696x463.jpg\" data-lazy-src-webp=\"https:\/\/www.europesays.com\/fr\/wp-content\/uploads\/2026\/01\/Varicelle-zona-la-HAS-reevalue-linteret-dune-vaccination-des-nourrissons-Ma-Sante-696x463.jpg.webp\" data-lazy-srcset-webp=\"https:\/\/www.europesays.com\/fr\/wp-content\/uploads\/2026\/01\/Varicelle-zona-la-HAS-reevalue-linteret-dune-vaccination-des-nourrissons-Ma-Sante-696x463.jpg.webp 696w, https:\/\/ma-sante.news\/wp-content\/uploads\/2026\/01\/Varicelle-zona-la-HAS-reevalue-linteret-dune-vaccination-des-nourrissons-Ma-Sante-300x200.jpg.webp 300w, https:\/\/ma-sante.news\/wp-content\/uploads\/2026\/01\/Varicelle-zona-la-HAS-reevalue-linteret-dune-vaccination-des-nourrissons-Ma-Sante-768x511.jpg.webp 768w, https:\/\/ma-sante.news\/wp-content\/uploads\/2026\/01\/Varicelle-zona-la-HAS-reevalue-linteret-dune-vaccination-des-nourrissons-Ma-Sante-631x420.jpg.webp 631w, https:\/\/ma-sante.news\/wp-content\/uploads\/2026\/01\/Varicelle-zona-la-HAS-reevalue-linteret-dune-vaccination-des-nourrissons-Ma-Sante.jpg.webp 799w\"\/><\/a>En France, o\u00f9 plus de 90 % des enfants ont contract\u00e9 la varicelle avant l\u2019\u00e2ge de 10 ans, la vaccination ne fait l&rsquo;objet que d&rsquo;une simple recommandation. \u00a9 Freepik                                    \t\t\t             <a class=\"gofollow\" data-track=\"MjgsMCw2MA==\" href=\"https:\/\/ma-sante.news\/inscrivez-vous-a-notre-newsletter\/\" rel=\"nofollow noopener\" target=\"_blank\"><img loading=\"lazy\" decoding=\"async\" width=\"1068\" height=\"131\" src=\"data:image\/svg+xml,%3Csvg%20xmlns=\" http:=\"\" data-lazy-src=\"https:\/\/www.europesays.com\/fr\/wp-content\/uploads\/2025\/03\/banniere-newsletter.png\"\/><\/a> <\/p>\n<p><a href=\"https:\/\/ma-sante.news\/maladie-peut-on-echapper-a-la-varicelle\/\" rel=\"nofollow noopener\" target=\"_blank\">La varicelle, caus\u00e9e par le virus varicelle-zona<\/a>, est l\u2019une des maladies infantiles les plus contagieuses. En France, pr\u00e8s de 700 000 cas sont recens\u00e9s chaque ann\u00e9e, essentiellement chez les enfants de moins de 10 ans, selon Sant\u00e9 publique France.<\/p>\n<p>Dans l\u2019immense majorit\u00e9 des cas, l\u2019\u00e9volution est b\u00e9nigne. Mais pas toujours. Chaque ann\u00e9e, environ 3 000 hospitalisations sont li\u00e9es \u00e0 des complications de la varicelle : surinfections cutan\u00e9es, <a href=\"https:\/\/ma-sante.news\/pneumonie-comment-identifier-les-symptomes\/\" rel=\"nofollow noopener\" target=\"_blank\">pneumonies<\/a>, atteintes neurologiques. Et une vingtaine de d\u00e9c\u00e8s surviennent encore, touchant surtout les nourrissons, les adultes non immunis\u00e9s et les personnes immunod\u00e9prim\u00e9es. <\/p>\n<p>C\u2019est pourquoi la HAS est aujourd\u2019hui en r\u00e9flexion sur une potentielle g\u00e9n\u00e9ralisation de la vaccination.\u00a0<\/p>\n<p>        Vaccination contre la varicelle : quelles sont les recommandations actuelles ?\u00a0    <strong>Pourquoi reparle-t-on aujourd\u2019hui de vaccination g\u00e9n\u00e9ralis\u00e9e ?<\/strong>    <\/p>\n<p>Fin 2025, la Haute Autorit\u00e9 de Sant\u00e9 a publi\u00e9 une note de cadrage officielle, annon\u00e7ant l\u2019ouverture d\u2019une \u00e9valuation en vue d\u2019une possible recommandation vaccinale contre la varicelle chez tous les nourrissons \u00e0 partir de 12 mois.<\/p>\n<p>Apr\u00e8s plusieurs hivers marqu\u00e9s par <a href=\"https:\/\/ma-sante.news\/cinq-ans-apres-pandemie-ou-en-est-france-covid-19\/\" rel=\"nofollow noopener\" target=\"_blank\">la pand\u00e9mie de Covid-19<\/a>, les virus respiratoires et infantiles ont repris une circulation intense. Et la varicelle \u201cfait son retour\u201d avec des \u00e9pid\u00e9mies parfois plus marqu\u00e9es que les ann\u00e9es pr\u00e9c\u00e9dentes.<\/p>\n<p>Au-del\u00e0 de l\u2019aspect \u00e9pid\u00e9mique et infectieux, le France souhaiterait potentiellement suivre l\u2019exemple d\u2019autres pays. Les \u00c9tats-Unis, l\u2019Allemagne ou l\u2019Australie ont introduit la vaccination universelle contre la varicelle il y a plus de quinze ans. R\u00e9sultat, une chute spectaculaire des cas (\u201380 \u00e0 \u201390 %), des hospitalisations et des formes graves, selon plusieurs \u00e9tudes publi\u00e9es notamment dans The New England Journal of Medicine et The Lancet Infectious Diseases.<\/p>\n<p>        <strong>O\u00f9 en est-on aujourd\u2019hui en France ?<\/strong>    <\/p>\n<p>La vaccination contre la varicelle n\u2019est pas g\u00e9n\u00e9ralis\u00e9e chez les nourrissons en France. Elle est actuellement recommand\u00e9e uniquement pour certains publics bien identifi\u00e9s :<\/p>\n<ul class=\"wp-block-list\">\n<li>les adolescents de 12 \u00e0 18 ans n\u2019ayant jamais eu la varicelle,<\/li>\n<li>les femmes en \u00e2ge de procr\u00e9er sans ant\u00e9c\u00e9dent,<\/li>\n<li>les personnes en contact \u00e9troit avec des sujets immunod\u00e9prim\u00e9s,<\/li>\n<li>certains professionnels de sant\u00e9.<\/li>\n<\/ul>\n<p>Chez les jeunes enfants, la France a longtemps fait le choix de laisser circuler le virus, afin que l\u2019immunit\u00e9 se fasse t\u00f4t et naturellement. Un choix assum\u00e9, mais aujourd\u2019hui r\u00e9interrog\u00e9 \u00e0 la lumi\u00e8re de nouvelles donn\u00e9es scientifiques.<\/p>\n<p>        <strong>G\u00e9n\u00e9ralisation de la vaccination : que va \u00e9valuer la HAS ?\u00a0<\/strong>    <\/p>\n<p>La mission confi\u00e9e \u00e0 la Haute Autorit\u00e9 de Sant\u00e9 n\u2019est pas une formalit\u00e9. D\u2019ici novembre 2026, ses experts vont passer au crible plusieurs dimensions essentielles :<\/p>\n<ul class=\"wp-block-list\">\n<li>le rapport b\u00e9n\u00e9fice-risque du vaccin chez le nourrisson,<\/li>\n<li>l\u2019impact \u00e9pid\u00e9miologique, notamment sur le risque de d\u00e9placement des infections vers l\u2019\u00e2ge adulte,<\/li>\n<li>les cons\u00e9quences \u00e9conomiques pour le syst\u00e8me de sant\u00e9,<\/li>\n<li>l\u2019acceptabilit\u00e9 par les parents et les professionnels,<\/li>\n<li>et la coh\u00e9rence avec le calendrier vaccinal d\u00e9j\u00e0 tr\u00e8s charg\u00e9 \u00e0 12 mois.<\/li>\n<\/ul>\n<p>Le vaccin contre la varicelle est un vaccin vivant att\u00e9nu\u00e9, utilis\u00e9 depuis plus de 25 ans dans le monde. Les \u00e9tudes internationales montrent une excellente efficacit\u00e9 apr\u00e8s deux doses et un profil de tol\u00e9rance jug\u00e9 tr\u00e8s satisfaisant. Les effets ind\u00e9sirables sont le plus souvent b\u00e9nins : fi\u00e8vre mod\u00e9r\u00e9e, r\u00e9action locale, parfois une \u00e9ruption l\u00e9g\u00e8re.<\/p>\n<p>        Vaccination contre la varicelle : et la fameuse question du zona ?    <\/p>\n<p>C\u2019est l\u2019un des points les plus d\u00e9battus. Certains chercheurs ont longtemps craint qu\u2019en r\u00e9duisant la circulation du virus sauvage, la vaccination augmente \u00e0 long terme le risque de zona chez l\u2019adulte.<\/p>\n<p>Or, les donn\u00e9es les plus r\u00e9centes tendent \u00e0 rassurer. Les pays ayant g\u00e9n\u00e9ralis\u00e9 la vaccination n\u2019ont pas observ\u00e9 d\u2019explosion durable du zona, surtout depuis l\u2019arriv\u00e9e des <a href=\"https:\/\/ma-sante.news\/faut-il-vacciner-tous-les-plus-de-65-ans-contre-le-zona\/\" rel=\"nofollow noopener\" target=\"_blank\">vaccins sp\u00e9cifiques contre le zona chez les seniors<\/a>. Un \u00e9quilibre subtil, mais surveill\u00e9 de pr\u00e8s par les autorit\u00e9s sanitaires.<\/p>\n<p>        Varicelle \/ Zona : faut-il d\u00e9j\u00e0 faire vacciner son enfant ?    <\/p>\n<p>C\u2019est la question que beaucoup de parents se posent. Pour l\u2019instant, aucune vaccination g\u00e9n\u00e9ralis\u00e9e contre la varicelle n\u2019est recommand\u00e9e chez les nourrissons en France. En l\u2019absence de consigne universelle, la d\u00e9cision reste donc au cas par cas, \u00e0 prendre apr\u00e8s discussion avec son m\u00e9decin traitant ou son p\u00e9diatre. Plusieurs \u00e9l\u00e9ments peuvent entrer en ligne de compte, notamment :<\/p>\n<ul class=\"wp-block-list\">\n<li>l\u2019\u00e2ge de l\u2019enfant et son \u00e9tat de sant\u00e9,<\/li>\n<li>le mode de garde (cr\u00e8che, assistante maternelle, fratrie scolaris\u00e9e), qui peut favoriser l\u2019exposition au virus,<\/li>\n<li>la pr\u00e9sence dans l\u2019entourage de personnes fragiles, comme un nourrisson, une femme enceinte non immunis\u00e9e ou une personne immunod\u00e9prim\u00e9e,<\/li>\n<li>le contexte familial, notamment en cas de maladie chronique ou de traitements affaiblissant l\u2019immunit\u00e9.<\/li>\n<\/ul>\n<p>Du c\u00f4t\u00e9 des autorit\u00e9s sanitaires, la prudence reste de mise. Si la vaccination contre la varicelle chez les nourrissons devait \u00eatre g\u00e9n\u00e9ralis\u00e9e, cela ne se ferait pas avant fin 2026 ou 2027, apr\u00e8s avis officiel et d\u00e9cision des pouvoirs publics. D\u2019ici l\u00e0, le d\u00e9bat se poursuit, entre tradition fran\u00e7aise, exp\u00e9riences \u00e9trang\u00e8res et attentes des parents.\u00a0<\/p>\n<blockquote class=\"wp-block-quote is-layout-flow wp-block-quote-is-layout-flow\">\n<p><strong>\u00c0 SAVOIR\u00a0<\/strong><\/p>\n<p>En France, plus de 90 % des personnes ont contract\u00e9 la maladie avant l\u2019\u00e2ge de 10 ans, avec un pic de contamination situ\u00e9 entre 2 et 8 ans, notamment en collectivit\u00e9 (cr\u00e8che, \u00e9cole, fratrie). C\u2019est l\u2019une des raisons pour lesquelles la varicelle a longtemps \u00e9t\u00e9 consid\u00e9r\u00e9e comme une maladie infantile quasi in\u00e9vitable, g\u00e9n\u00e9ralement b\u00e9nigne \u00e0 cet \u00e2ge, mais potentiellement plus grave lorsqu\u2019elle survient plus tard, \u00e0 l\u2019adolescence ou \u00e0 l\u2019\u00e2ge adulte.<\/p>\n<\/blockquote>\n<p>  <a class=\"gofollow\" data-track=\"MTIsMCw2MA==\" href=\"https:\/\/ma-sante.news\/annonceurs\/\" rel=\"nofollow noopener\" target=\"_blank\"><img loading=\"lazy\" decoding=\"async\" width=\"2560\" height=\"2133\" src=\"data:image\/svg+xml,%3Csvg%20xmlns=\" http:=\"\" data-lazy-src=\"https:\/\/www.europesays.com\/fr\/wp-content\/uploads\/2025\/03\/pub-annonceurs-4-scaled.jpg\"\/><\/a>    <img loading=\"lazy\" decoding=\"async\" width=\"755\" height=\"495\" src=\"data:image\/svg+xml,%3Csvg%20xmlns=\" http:=\"\" data-lazy-src=\"https:\/\/www.europesays.com\/fr\/wp-content\/uploads\/2025\/03\/Image1.jpg\" data-lazy-src-webp=\"https:\/\/www.europesays.com\/fr\/wp-content\/uploads\/2025\/03\/Image1.jpg.webp\" class=\"ewww_webp_lazy_load\"\/>Inscrivez-vous \u00e0 notre newsletter <br \/>Ma Sant\u00e9                      <\/p>\n","protected":false},"excerpt":{"rendered":"En France, o\u00f9 plus de 90 % des enfants ont contract\u00e9 la varicelle avant l\u2019\u00e2ge de 10 ans,&hellip;\n","protected":false},"author":2,"featured_media":652710,"comment_status":"","ping_status":"","sticky":false,"template":"","format":"standard","meta":{"footnotes":"","_share_on_mastodon":"0"},"categories":[10],"tags":[1011,27,72,71,32610],"class_list":["post-652709","post","type-post","status-publish","format-standard","has-post-thumbnail","category-sante","tag-fr","tag-france","tag-health","tag-sante","tag-varicelle"],"share_on_mastodon":{"url":"https:\/\/pubeurope.com\/@fr\/115867641685717153","error":""},"_links":{"self":[{"href":"https:\/\/www.europesays.com\/fr\/wp-json\/wp\/v2\/posts\/652709","targetHints":{"allow":["GET"]}}],"collection":[{"href":"https:\/\/www.europesays.com\/fr\/wp-json\/wp\/v2\/posts"}],"about":[{"href":"https:\/\/www.europesays.com\/fr\/wp-json\/wp\/v2\/types\/post"}],"author":[{"embeddable":true,"href":"https:\/\/www.europesays.com\/fr\/wp-json\/wp\/v2\/users\/2"}],"replies":[{"embeddable":true,"href":"https:\/\/www.europesays.com\/fr\/wp-json\/wp\/v2\/comments?post=652709"}],"version-history":[{"count":0,"href":"https:\/\/www.europesays.com\/fr\/wp-json\/wp\/v2\/posts\/652709\/revisions"}],"wp:featuredmedia":[{"embeddable":true,"href":"https:\/\/www.europesays.com\/fr\/wp-json\/wp\/v2\/media\/652710"}],"wp:attachment":[{"href":"https:\/\/www.europesays.com\/fr\/wp-json\/wp\/v2\/media?parent=652709"}],"wp:term":[{"taxonomy":"category","embeddable":true,"href":"https:\/\/www.europesays.com\/fr\/wp-json\/wp\/v2\/categories?post=652709"},{"taxonomy":"post_tag","embeddable":true,"href":"https:\/\/www.europesays.com\/fr\/wp-json\/wp\/v2\/tags?post=652709"}],"curies":[{"name":"wp","href":"https:\/\/api.w.org\/{rel}","templated":true}]}}