{"id":652711,"date":"2026-01-09T23:04:11","date_gmt":"2026-01-09T23:04:11","guid":{"rendered":"https:\/\/www.europesays.com\/fr\/652711\/"},"modified":"2026-01-09T23:04:11","modified_gmt":"2026-01-09T23:04:11","slug":"les-bleus-sejourneront-dans-un-hotel-en-plein-boston","status":"publish","type":"post","link":"https:\/\/www.europesays.com\/fr\/652711\/","title":{"rendered":"les Bleus s\u00e9journeront dans un h\u00f4tel en plein Boston"},"content":{"rendered":"<p>\n    L\u2019\u00e9quipe de France sera log\u00e9e au c\u0153ur de la cit\u00e9 du Massachusetts pendant le Mondial et s\u2019entra\u00eenera \u00e0 l\u2019\u00e9cart de la ville, \u00e0 l\u2019ouest.<\/p>\n<p class=\"fig-paragraph\">Le camp de base des Bleus pour la Coupe du monde de football (du 11 juin au 19 juillet aux \u00c9tats-Unis, au Canada et au Mexique) sera \u00e0 Boston. Le pr\u00e9sident de la FFF avait indiqu\u00e9 \u00e0 L\u2019Equipe en d\u00e9cembre dernier que la ville du Massachusetts accueillerait la s\u00e9lection tricolore mais il restait \u00e0 l\u2019\u00e9poque quelques d\u00e9tails \u00e0 r\u00e9gler.<\/p>\n<p class=\"fig-paragraph\"><a href=\"https:\/\/www.lequipe.fr\/Football\/Article\/Le-camp-de-base-des-bleus-pour-la-coupe-du-monde-2026-sera-bien-a-boston\/1632370\" target=\"_blank\" rel=\"nofollow noopener\" data-gtm-custom-categorie=\"navigation\" data-gtm-custom-action=\"crossclick\" data-gtm-custom-label=\"Contextuel\" data-gtm-event=\"customEventSPE\">Le quotidien\u00a0sportif<\/a>\u00a0et\u00a0<a href=\"https:\/\/www.leparisien.fr\/sports\/football\/coupe-du-monde\/hotel-de-prestige-a-boston-et-centre-dentrainement-pratique-voici-le-camp-de-base-des-bleus-pour-le-mondial-2026-09-01-2026-K7S3PNLKSZBBZKFU5AMS52RTX4.php\" target=\"_blank\" rel=\"nofollow noopener\" data-gtm-custom-categorie=\"navigation\" data-gtm-custom-action=\"crossclick\" data-gtm-custom-label=\"Contextuel\" data-gtm-event=\"customEventSPE\">Le Parisien<\/a>\u00a0ont confirm\u00e9 l\u2019information ce vendredi\u00a0en d\u00e9voilant le nom de l\u2019h\u00f4tel. Il s\u2019agira du Four Seasons, \u00e9tablissement nich\u00e9 au c\u0153ur de la ville. Les Bleus s\u2019entra\u00eeneront \u00e0 l\u2019ext\u00e9rieur de Boston, dans les installations du Babson College, \u00e0 Wellesley, \u00e0 l\u2019ouest de la ville.<\/p>\n<p>                                            <a class=\"fig-a11y-skip\" href=\"#fig-a11y-skip-main-inarticle\" data-module=\"a11y-skip\" data-context=\"was @visible\"><br \/>\n    Passer la publicit\u00e9<br \/>\n<\/a>            <\/p>\n<p class=\"fig-paragraph\">La F\u00e9d\u00e9ration fran\u00e7aise de football n\u2019a pas choisi un h\u00f4tel propos\u00e9 dans la liste de la Fifa. Le Four Seasons se pr\u00e9sente comme \u00abl\u2019un des h\u00f4tels les plus prestigieux pr\u00e8s de Back Bay, \u00e0 Boston\u00bb et comme un \u00abluxueux refuge nich\u00e9 au c\u0153ur de maisons victoriennes en gr\u00e8s brun, \u00e0 deux pas des principales attractions.\u00bb<\/p>\n<p>    L\u2019entr\u00e9e de l\u2019h\u00f4tel o\u00f9 s\u00e9journeront les Bleus.<br \/>\n                Used with permission<\/p>\n<p class=\"fig-paragraph\">Les finalistes de la Coupe du monde 2022 devront sortir de la ville et prendre la direction de l\u2019ouest pendant une trentaine de minutes pour rejoindre les terrains d\u2019entra\u00eenement du Babson College, \u00e0 Wellesley. Les Bleus prendront leurs quartiers le 10 juin, soit six jours avant leur premier match de groupe face au S\u00e9n\u00e9gal.<\/p>\n","protected":false},"excerpt":{"rendered":"L\u2019\u00e9quipe de France sera log\u00e9e au c\u0153ur de la cit\u00e9 du Massachusetts pendant le Mondial et s\u2019entra\u00eenera \u00e0&hellip;\n","protected":false},"author":2,"featured_media":652712,"comment_status":"","ping_status":"","sticky":false,"template":"","format":"standard","meta":{"footnotes":""},"categories":[9],"tags":[525,20536,18013,814,20535,64,20534,85,2257,63,1011,27,20533,955,1980,60],"class_list":{"0":"post-652711","1":"post","2":"type-post","3":"status-publish","4":"format-standard","5":"has-post-thumbnail","7":"category-sports","8":"tag-calendrier","9":"tag-clairefontaine","10":"tag-coupe-du-monde-2018","11":"tag-direct","12":"tag-eliminatoires","13":"tag-equipe-de-france","14":"tag-euro-2020","15":"tag-fff","16":"tag-foot","17":"tag-football","18":"tag-fr","19":"tag-france","20":"tag-les-bleus","21":"tag-match","22":"tag-resultats","23":"tag-sports"},"share_on_mastodon":{"url":"https:\/\/pubeurope.com\/@fr\/115867645700491796","error":""},"_links":{"self":[{"href":"https:\/\/www.europesays.com\/fr\/wp-json\/wp\/v2\/posts\/652711","targetHints":{"allow":["GET"]}}],"collection":[{"href":"https:\/\/www.europesays.com\/fr\/wp-json\/wp\/v2\/posts"}],"about":[{"href":"https:\/\/www.europesays.com\/fr\/wp-json\/wp\/v2\/types\/post"}],"author":[{"embeddable":true,"href":"https:\/\/www.europesays.com\/fr\/wp-json\/wp\/v2\/users\/2"}],"replies":[{"embeddable":true,"href":"https:\/\/www.europesays.com\/fr\/wp-json\/wp\/v2\/comments?post=652711"}],"version-history":[{"count":0,"href":"https:\/\/www.europesays.com\/fr\/wp-json\/wp\/v2\/posts\/652711\/revisions"}],"wp:featuredmedia":[{"embeddable":true,"href":"https:\/\/www.europesays.com\/fr\/wp-json\/wp\/v2\/media\/652712"}],"wp:attachment":[{"href":"https:\/\/www.europesays.com\/fr\/wp-json\/wp\/v2\/media?parent=652711"}],"wp:term":[{"taxonomy":"category","embeddable":true,"href":"https:\/\/www.europesays.com\/fr\/wp-json\/wp\/v2\/categories?post=652711"},{"taxonomy":"post_tag","embeddable":true,"href":"https:\/\/www.europesays.com\/fr\/wp-json\/wp\/v2\/tags?post=652711"}],"curies":[{"name":"wp","href":"https:\/\/api.w.org\/{rel}","templated":true}]}}