{"id":652715,"date":"2026-01-09T23:06:20","date_gmt":"2026-01-09T23:06:20","guid":{"rendered":"https:\/\/www.europesays.com\/fr\/652715\/"},"modified":"2026-01-09T23:06:20","modified_gmt":"2026-01-09T23:06:20","slug":"zeekr-arrive-enfin-en-france-avec-le-break-electrique-7gt-qui-fait-mieux-que-tesla-frandroid","status":"publish","type":"post","link":"https:\/\/www.europesays.com\/fr\/652715\/","title":{"rendered":"Zeekr arrive enfin en France avec le break \u00e9lectrique 7GT qui fait mieux que Tesla \u2014 Frandroid"},"content":{"rendered":"<p>La marque chinoise de voitures \u00e9lectriques Zeekr arrive enfin en France, avec notamment ce nouveau mod\u00e8le, le 7GT. Au programme : une recharge ultra-rapide, et des technologies qui font clairement penser \u00e0 une Tesla. Pour un prix d\u00e9fiant toute concurrence.<\/p>\n<p><a target=\"_blank\" href=\"https:\/\/images.frandroid.com\/wp-content\/uploads\/2026\/01\/zeekr-7gt-356a5857.jpg\" class=\"article-content__figure\" rel=\"noopener\"><img fetchpriority=\"high\" decoding=\"async\" loading=\"eager\" width=\"1200\" height=\"801\" src=\"https:\/\/www.europesays.com\/fr\/wp-content\/uploads\/2026\/01\/zeekr-7gt-356a5857.jpg\" alt=\"\" class=\"wp-image-2938115 wp-image wp-image\"  \/><\/a>Zeekr 7GT<\/p>\n<p>L\u2019attente a \u00e9t\u00e9 longue, mais la voici. Connue jusqu\u2019ici sous le nom de code 007 GT (ou <a href=\"https:\/\/www.frandroid.com\/produits\/zeekr\" target=\"_blank\" rel=\"noopener\">Zeekr<\/a> 007 Shooting Brake) <a href=\"https:\/\/www.frandroid.com\/marques\/zeekr\/2846927_zeekr-007-gt-on-a-essaye-le-break-electrique-chinois-de-646-ch-qui-arrive-en-europe-et-qui-veut-faire-de-lombre-a-laudi-e5\" target=\"_blank\" rel=\"noopener\">lors de nos prises en main en Chine<\/a>, la version europ\u00e9enne se nommera finalement <strong>Zeekr 7GT<\/strong>.<\/p>\n<p>La marque chinoise du <a href=\"https:\/\/www.frandroid.com\/survoltes\/voitures-electriques\/1554456_geely-qui-est-ce-constructeur-automobile-et-sa-voiture-aux-1-000-km-dautonomie-qui-arrive-en-france\" target=\"_blank\" rel=\"noopener\">groupe Geely (cousine de Volvo et Polestar)<\/a> profite du Salon de Bruxelles 2026 pour officialiser ce break de chasse \u00e9lectrique qui risque de faire tr\u00e8s mal \u00e0 la concurrence allemande.<\/p>\n<p><a target=\"_blank\" href=\"https:\/\/images.frandroid.com\/wp-content\/uploads\/2026\/01\/zeekr-7gt-356a5823.jpg\" class=\"article-content__figure\" rel=\"noopener\"><img loading=\"lazy\" decoding=\"async\" width=\"1200\" height=\"801\" src=\"https:\/\/www.europesays.com\/fr\/wp-content\/uploads\/2026\/01\/zeekr-7gt-356a5823-1200x801.jpg\" alt=\"\" class=\"wp-image-2938111 wp-image\"  \/><\/a>Zeekr 7GT<\/p>\n<p>Voici tout ce qu\u2019il faut savoir sur ses caract\u00e9ristiques techniques, son prix agressif et sa date de sortie.<\/p>\n<p>Un design spectaculaire, mais amput\u00e9 d\u2019une fonction cl\u00e9<\/p>\n<p>Visuellement, la 7GT ne passe pas inaper\u00e7ue. Dessin\u00e9e \u00e0 G\u00f6teborg, elle affiche des proportions de vrai break de chasse : 4,82 m\u00e8tres de long pour 1,91 m de large, le tout tr\u00e8s bas (1,46 m de haut) . C\u2019est une voiture qui ne passe pas inaper\u00e0ue, pos\u00e9e sur des roues immenses avec des porte-\u00e0-faux r\u00e9duits.<\/p>\n<p><a target=\"_blank\" href=\"https:\/\/images.frandroid.com\/wp-content\/uploads\/2026\/01\/zeekr-7gt-356a5800.jpg\" class=\"article-content__figure\" rel=\"noopener\"><img loading=\"lazy\" decoding=\"async\" width=\"1200\" height=\"801\" src=\"https:\/\/www.europesays.com\/fr\/wp-content\/uploads\/2026\/01\/zeekr-7gt-356a5800-1200x801.jpg\" alt=\"\" class=\"wp-image-2938107 wp-image\"  \/><\/a>Zeekr 7GT<\/p>\n<p>Cependant, les fans de la version chinoise remarqueront une disparition notable : le \u00ab Stargate \u00bb. Ce panneau LED interactif situ\u00e9 sur la calandre, qui permettait d\u2019afficher des messages ou des animations, a \u00e9t\u00e9 supprim\u00e9 sur le mod\u00e8le europ\u00e9en. \u00c0 la place ? Un bandeau en plastique noir.<\/p>\n<p><a target=\"_blank\" href=\"https:\/\/images.frandroid.com\/wp-content\/uploads\/2026\/01\/zeekr-7gt-356a5792.jpg\" class=\"article-content__figure\" rel=\"noopener\"><img loading=\"lazy\" decoding=\"async\" width=\"1200\" height=\"801\" src=\"https:\/\/www.europesays.com\/fr\/wp-content\/uploads\/2026\/01\/zeekr-7gt-356a5792-1200x801.jpg\" alt=\"\" class=\"wp-image-2938101 wp-image\"  \/><\/a>Zeekr 7GT<\/p>\n<p>La raison est purement administrative : la r\u00e9glementation europ\u00e9enne est bien plus stricte sur les dispositifs lumineux ext\u00e9rieurs . C\u2019est dommage pour le look futuriste, mais cela n\u2019enl\u00e8ve rien \u00e0 la ligne g\u00e9n\u00e9rale.<\/p>\n<p>Habitacle : le luxe technologique (et un coffre d\u00e9cevant)<\/p>\n<p>\u00c0 l\u2019int\u00e9rieur, Zeekr sort le grand jeu pour justifier son positionnement premium. On retrouve une \u00e9norme dalle OLED de 15 pouces au centre, \u00e9paul\u00e9e par un combin\u00e9 d\u2019instrumentation de 13 pouces et, surtout, un affichage t\u00eate-haute (HUD) g\u00e9ant de 35,5 pouces.<\/p>\n<p><a target=\"_blank\" href=\"https:\/\/images.frandroid.com\/wp-content\/uploads\/2026\/01\/zeekr-7gt-356a5964.jpg\" class=\"article-content__figure\" rel=\"noopener\"><img loading=\"lazy\" decoding=\"async\" width=\"1200\" height=\"801\" src=\"https:\/\/www.europesays.com\/fr\/wp-content\/uploads\/2026\/01\/zeekr-7gt-356a5964-1200x801.jpg\" alt=\"\" class=\"wp-image-2938127 wp-image\"  \/><\/a><\/p>\n<p>Les finitions sont soign\u00e9es avec du cuir souple, de l\u2019alcantara et des plastiques mouss\u00e9s. Les fonctionnalit\u00e9s logicielles sont pl\u00e9thoriques : mode chien, mode camping, et m\u00eame des si\u00e8ges massants de s\u00e9rie sur certaines finitions.<\/p>\n<p>Le b\u00e2t blesse au niveau du volume de chargement. Pour un break de 4,82 m\u00e8tres, le coffre de <strong>456 litres<\/strong> est une d\u00e9ception. C\u2019est moins bien que la plupart des voitures du segment inf\u00e9rieur. Zeekr a privil\u00e9gi\u00e9 le style et l\u2019espace aux jambes \u00e0 l\u2019arri\u00e8re (qui semble royal) plut\u00f4t que la soute \u00e0 bagages.<\/p>\n<p>Le \u00ab\u00a0frunk\u00a0\u00bb (coffre avant) ne sauvera pas les meubles avec ses 35 \u00e0 65 litres selon la motorisation.<\/p>\n<p>Architecture 800 volts : la recharge en 13 minutes<\/p>\n<p>C\u2019est sous le capot (ou plut\u00f4t le plancher) que la 7GT frappe le plus fort. Reprenant la base technique du SUV 7X, elle b\u00e9n\u00e9ficie d\u2019une <strong>architecture 800 volts<\/strong> de s\u00e9rie. Concr\u00e8tement, cela permet des temps de recharge parmi les meilleurs du march\u00e9 actuel.<\/p>\n<p><a target=\"_blank\" href=\"https:\/\/images.frandroid.com\/wp-content\/uploads\/2026\/01\/zeekr-7gt-356a5625.jpg\" class=\"article-content__figure\" rel=\"noopener\"><img loading=\"lazy\" decoding=\"async\" width=\"1200\" height=\"801\" src=\"https:\/\/www.europesays.com\/fr\/wp-content\/uploads\/2026\/01\/zeekr-7gt-356a5625-1200x801.jpg\" alt=\"\" class=\"wp-image-2938089 wp-image\"  \/><\/a><\/p>\n<p>Deux configurations de batterie sont propos\u00e9es :<\/p>\n<ul class=\"wp-block-list\">\n<li><strong>Batterie LFP de 75 kWh :<\/strong> Elle offre 519 km d\u2019autonomie WLTP. Son point fort ? Elle encaisse une recharge de 10 \u00e0 80 % en seulement <strong>13 minutes<\/strong>. C\u2019est bluffant.<\/li>\n<li><strong>Batterie NMC de 100 kWh :<\/strong> Pour les gros rouleurs, elle pousse l\u2019autonomie \u00e0 655 km WLTP. La recharge est \u00e0 peine plus lente : 16 minutes pour le 10-80 %.<\/li>\n<\/ul>\n<p>C\u00f4t\u00e9 performance, la version la plus muscl\u00e9e (double moteur, 4 roues motrices) d\u00e9veloppe 646 chevaux, abattant le 0 \u00e0 100 km\/h en 3,3 secondes. La suspension pneumatique active est \u00e9galement de la partie pour assurer le compromis confort \/ tenue de route.<\/p>\n<p>Prix et disponibilit\u00e9 : l\u2019argument massue<\/p>\n<p>On pouvait craindre une addition sal\u00e9e vu la fiche technique. Il n\u2019en est rien. Zeekr attaque le march\u00e9 europ\u00e9en avec une agressivit\u00e9 tarifaire qui va faire transpirer les constructeurs historiques.<\/p>\n<p><a target=\"_blank\" href=\"https:\/\/images.frandroid.com\/wp-content\/uploads\/2026\/01\/zeekr-7gt-356a5600.jpg\" class=\"article-content__figure\" rel=\"noopener\"><img loading=\"lazy\" decoding=\"async\" width=\"1200\" height=\"801\" src=\"https:\/\/www.europesays.com\/fr\/wp-content\/uploads\/2026\/01\/zeekr-7gt-356a5600-1200x801.jpg\" alt=\"\" class=\"wp-image-2938087 wp-image\"  \/><\/a><\/p>\n<ul class=\"wp-block-list\">\n<li>Zeekr 7GT Core RWD : 45 990 euros<\/li>\n<li>Zeekr 7GT Long Range RWD : 50 990 euros<\/li>\n<li>Zeekr 7GT Privilege AWD : 57 490 euros<\/li>\n<\/ul>\n<p>Pour donner un ordre d\u2019id\u00e9e, une <strong>Audi A6 avant e-tron<\/strong> d\u00e9bute \u00e0 plus de 66 000 euros, et une <strong>BMW i5 Touring<\/strong> d\u00e9passe les 77 000 euros, hors options. La Zeekr offre des prestations similaires, voire sup\u00e9rieures en recharge et en puissance, pour 20 000 \u00e0 30 000 euros de moins.<\/p>\n<p><a target=\"_blank\" href=\"https:\/\/images.frandroid.com\/wp-content\/uploads\/2026\/01\/zeekr-7gt-356a5846.jpg\" class=\"article-content__figure\" rel=\"noopener\"><img loading=\"lazy\" decoding=\"async\" width=\"1200\" height=\"801\" src=\"https:\/\/www.europesays.com\/fr\/wp-content\/uploads\/2026\/01\/zeekr-7gt-356a5846-1200x801.jpg\" alt=\"\" class=\"wp-image-2938113 wp-image\"  \/><\/a><\/p>\n<p>La Zeekr 7GT sera disponible en Europe d\u00e8s le mois de <strong>juin 2026<\/strong>. Concernant la France, l\u2019arriv\u00e9e de la marque est confirm\u00e9e courant de l\u2019ann\u00e9e, et ce break fera bien partie du voyage.<\/p>\n","protected":false},"excerpt":{"rendered":"La marque chinoise de voitures \u00e9lectriques Zeekr arrive enfin en France, avec notamment ce nouveau mod\u00e8le, le 7GT.&hellip;\n","protected":false},"author":2,"featured_media":652716,"comment_status":"","ping_status":"","sticky":false,"template":"","format":"standard","meta":{"footnotes":""},"categories":[7],"tags":[1011,27,43,40,41,39,42,44,75615,75616],"class_list":{"0":"post-652715","1":"post","2":"type-post","3":"status-publish","4":"format-standard","5":"has-post-thumbnail","7":"category-sciences-et-technologies","8":"tag-fr","9":"tag-france","10":"tag-science","11":"tag-science-and-technology","12":"tag-sciences","13":"tag-sciences-et-technologies","14":"tag-technologies","15":"tag-technology","16":"tag-zeekr-007-gt","17":"tag-zeekr-7gt"},"share_on_mastodon":{"url":"https:\/\/pubeurope.com\/@fr\/115867653939560976","error":""},"_links":{"self":[{"href":"https:\/\/www.europesays.com\/fr\/wp-json\/wp\/v2\/posts\/652715","targetHints":{"allow":["GET"]}}],"collection":[{"href":"https:\/\/www.europesays.com\/fr\/wp-json\/wp\/v2\/posts"}],"about":[{"href":"https:\/\/www.europesays.com\/fr\/wp-json\/wp\/v2\/types\/post"}],"author":[{"embeddable":true,"href":"https:\/\/www.europesays.com\/fr\/wp-json\/wp\/v2\/users\/2"}],"replies":[{"embeddable":true,"href":"https:\/\/www.europesays.com\/fr\/wp-json\/wp\/v2\/comments?post=652715"}],"version-history":[{"count":0,"href":"https:\/\/www.europesays.com\/fr\/wp-json\/wp\/v2\/posts\/652715\/revisions"}],"wp:featuredmedia":[{"embeddable":true,"href":"https:\/\/www.europesays.com\/fr\/wp-json\/wp\/v2\/media\/652716"}],"wp:attachment":[{"href":"https:\/\/www.europesays.com\/fr\/wp-json\/wp\/v2\/media?parent=652715"}],"wp:term":[{"taxonomy":"category","embeddable":true,"href":"https:\/\/www.europesays.com\/fr\/wp-json\/wp\/v2\/categories?post=652715"},{"taxonomy":"post_tag","embeddable":true,"href":"https:\/\/www.europesays.com\/fr\/wp-json\/wp\/v2\/tags?post=652715"}],"curies":[{"name":"wp","href":"https:\/\/api.w.org\/{rel}","templated":true}]}}