{"id":652719,"date":"2026-01-09T23:08:09","date_gmt":"2026-01-09T23:08:09","guid":{"rendered":"https:\/\/www.europesays.com\/fr\/652719\/"},"modified":"2026-01-09T23:08:09","modified_gmt":"2026-01-09T23:08:09","slug":"une-nouvelle-ferule-pour-le-pape-leon-xiv","status":"publish","type":"post","link":"https:\/\/www.europesays.com\/fr\/652719\/","title":{"rendered":"Une nouvelle f\u00e9rule pour le Pape L\u00e9on XIV"},"content":{"rendered":"<p>Depuis le 6 janvier, le Souverain pontife utilise une nouvelle crosse qui, selon le Bureau des c\u00e9l\u00e9brations liturgiques, s&rsquo;inscrit dans la \u00abcontinuit\u00e9\u00bb de celles utilis\u00e9es par ses pr\u00e9d\u00e9cesseurs, unissant la mission d&rsquo;annoncer le Myst\u00e8re du Christ sur la croix \u00e0 la manifestation glorieuse de la R\u00e9surrection.<\/p>\n<p><b>Vatican News<\/b><\/p>\n<p>Le 6 janvier dernier, <a href=\"https:\/\/www.vaticannews.va\/fr\/pape\/news\/2026-01\/jubile-2025-rite-fermeture-porte-sainte-saint-pierre-epiphanie.html\" target=\"_blank\" rel=\"noopener\">jour de la solennit\u00e9 de l\u2019\u00c9piphanie et de la fermeture de la Porte Sainte<\/a> de la basilique Saint-Pierre, L\u00e9on XIV a utilis\u00e9 une nouvelle f\u00e9rule. Comme l\u2019explique le Bureau des c\u00e9l\u00e9brations liturgiques, la f\u00e9rule \u00abs\u2019inscrit dans la continuit\u00e9 de celles utilis\u00e9es par ses pr\u00e9d\u00e9cesseurs, unissant la mission d\u2019annoncer le myst\u00e8re d\u2019amour exprim\u00e9 par le Christ sur la croix \u00e0 sa manifestation glorieuse dans la r\u00e9surrection\u00bb.\u00a0\u00abLe myst\u00e8re pascal, centre de gravit\u00e9 de l\u2019annonce apostolique, devient ainsi source d\u2019esp\u00e9rance pour l\u2019humanit\u00e9, car la mort n\u2019a plus aucun pouvoir sur l\u2019homme, puisque ce que le Christ a pris sur lui, il l\u2019a aussi rachet\u00e9\u00bb, peut-on lire dans une note.<\/p>\n<p>La nouvelle f\u00e9rule de L\u00e9on XIV \u00abpr\u00e9sente le Christ non plus li\u00e9 par les clous de la Passion, mais avec son corps glorifi\u00e9 dans l\u2019acte d\u2019ascension vers le P\u00e8re. Comme dans les apparitions du Ressuscit\u00e9, elle pr\u00e9sente \u00e0 ses disciples les plaies de la croix, comme des signes lumineux de victoire qui, sans effacer la douleur humaine, la transfigurent en une aube de vie divine\u00bb.<\/p>\n<p><b>Aux origines de la f\u00e9rule papale<\/b> <\/p>\n<p>D\u00e8s le haut Moyen \u00c2ge, les Papes utilisaient la ferula pontificalis comme insigne indiquant leur pouvoir spirituel et gouvernemental. Bien que la forme de la f\u00e9rule ne soit pas bien d\u00e9finie, il s\u2019agissait probablement d\u2019un b\u00e2ton surmont\u00e9 d\u2019une simple croix. Les Papes recevaient cet insigne apr\u00e8s leur \u00e9lection, lorsqu\u2019ils prenaient possession de leur Chaire dans la basilique Saint-Jean-de-Latran. Le Bureau des c\u00e9l\u00e9brations liturgiques rappelle n\u00e9anmoins que la f\u00e9rule \u00aben tant qu\u2019insigne \u00e9piscopal, n\u2019a jamais fait partie des insignes propres au Souverain pontife\u00bb.\u00a0<\/p>\n<p>L\u2019utilisation de la f\u00e9rule n\u2019a jamais fait partie de la liturgie pontificale, sauf lors de certaines occasions comme l\u2019ouverture d\u2019une Porte Sainte pour frapper trois fois sur les battants, ou lors de la cons\u00e9cration des \u00e9glises, pour dessiner sur le sol l\u2019alphabet latin et grec, comme le pr\u00e9voit le rite.<\/p>\n<p><b>De Paul VI \u00e0 Beno\u00eet XVI<\/b> <\/p>\n<p>C\u2019est le Pape Saint Paul VI qui, le 8 d\u00e9cembre 1965, \u00e0 l\u2019occasion de la cl\u00f4ture du Concile Vatican II, utilisa une f\u00e9rule en argent avec la figure du crucifix. Le sculpteur Lello Scorzelli, \u00e0 qui elle avait \u00e9t\u00e9 command\u00e9e, a ainsi voulu exprimer la vocation de l\u2019ap\u00f4tre Paul, dont le Pape a choisi de porter le nom: celle d\u2019\u00eatre t\u00e9moin et annonciateur du Christ crucifi\u00e9 (cf. 1 Co 2, 2).<\/p>\n<p>Saint Paul VI, n\u2019utilisant plus son ancienne f\u00e9rule, commen\u00e7a \u00e0 utiliser cette nouvelle f\u00e9rule de plus en plus fr\u00e9quemment lors des c\u00e9l\u00e9brations liturgiques, comme le firent ensuite habituellement ses successeurs. On se souvient du geste de saint Jean-Paul II qui, au d\u00e9but de son minist\u00e8re p\u00e9trinien, voulut \u00e9lever la f\u00e9rule pour indiquer le centre de son magist\u00e8re d\u00e9j\u00e0 annonc\u00e9 dans son hom\u00e9lie: \u00abOuvrir toutes grandes les portes au Christ\u00bb. Le Pape Beno\u00eet XVI a \u00e9galement voulu utiliser une f\u00e9rule surmont\u00e9e d\u2019une croix dor\u00e9e, d\u00e9j\u00e0 utilis\u00e9e par le bienheureux Pie IX, puis a par la suite utilis\u00e9 celle qui lui avait \u00e9t\u00e9 offerte, portant au centre de la croix le symbole de l\u2019Agneau pascal et le monogramme du Christ, comme repr\u00e9sentation de l\u2019unit\u00e9 du myst\u00e8re de la croix et de la r\u00e9surrection, centre du k\u00e9rygme apostolique.<\/p>\n","protected":false},"excerpt":{"rendered":"Depuis le 6 janvier, le Souverain pontife utilise une nouvelle crosse qui, selon le Bureau des c\u00e9l\u00e9brations liturgiques,&hellip;\n","protected":false},"author":2,"featured_media":652720,"comment_status":"","ping_status":"","sticky":false,"template":"","format":"standard","meta":{"footnotes":""},"categories":[5],"tags":[11,8305,1011,27,14,75345,12,20114,13425,4193,28],"class_list":{"0":"post-652719","1":"post","2":"type-post","3":"status-publish","4":"format-standard","5":"has-post-thumbnail","7":"category-international","8":"tag-actualites","9":"tag-eglise-catholique","10":"tag-fr","11":"tag-france","12":"tag-international","13":"tag-liturgie","14":"tag-news","15":"tag-pape-leon-xiv","16":"tag-saint-siege","17":"tag-vatican","18":"tag-world"},"share_on_mastodon":{"url":"https:\/\/pubeurope.com\/@fr\/115867661363515030","error":""},"_links":{"self":[{"href":"https:\/\/www.europesays.com\/fr\/wp-json\/wp\/v2\/posts\/652719","targetHints":{"allow":["GET"]}}],"collection":[{"href":"https:\/\/www.europesays.com\/fr\/wp-json\/wp\/v2\/posts"}],"about":[{"href":"https:\/\/www.europesays.com\/fr\/wp-json\/wp\/v2\/types\/post"}],"author":[{"embeddable":true,"href":"https:\/\/www.europesays.com\/fr\/wp-json\/wp\/v2\/users\/2"}],"replies":[{"embeddable":true,"href":"https:\/\/www.europesays.com\/fr\/wp-json\/wp\/v2\/comments?post=652719"}],"version-history":[{"count":0,"href":"https:\/\/www.europesays.com\/fr\/wp-json\/wp\/v2\/posts\/652719\/revisions"}],"wp:featuredmedia":[{"embeddable":true,"href":"https:\/\/www.europesays.com\/fr\/wp-json\/wp\/v2\/media\/652720"}],"wp:attachment":[{"href":"https:\/\/www.europesays.com\/fr\/wp-json\/wp\/v2\/media?parent=652719"}],"wp:term":[{"taxonomy":"category","embeddable":true,"href":"https:\/\/www.europesays.com\/fr\/wp-json\/wp\/v2\/categories?post=652719"},{"taxonomy":"post_tag","embeddable":true,"href":"https:\/\/www.europesays.com\/fr\/wp-json\/wp\/v2\/tags?post=652719"}],"curies":[{"name":"wp","href":"https:\/\/api.w.org\/{rel}","templated":true}]}}