{"id":652726,"date":"2026-01-09T23:12:19","date_gmt":"2026-01-09T23:12:19","guid":{"rendered":"https:\/\/www.europesays.com\/fr\/652726\/"},"modified":"2026-01-09T23:12:19","modified_gmt":"2026-01-09T23:12:19","slug":"un-pretre-condamne-pour-lagression-sexuelle-dune-fidele","status":"publish","type":"post","link":"https:\/\/www.europesays.com\/fr\/652726\/","title":{"rendered":"un pr\u00eatre condamn\u00e9 pour l\u2019agression sexuelle d\u2019une fid\u00e8le"},"content":{"rendered":"<p>Un pr\u00eatre, une jeune femme et une premi\u00e8re communion \u00e0 pr\u00e9parer. En 2023, l\u2019homme d\u2019\u00c9glise accompagnait la victime de 21 ans dans sa d\u00e9marche de sacrement lorsqu\u2019il a commis un acte qu\u2019il \u00ab\u00a0n\u2019avait le droit de faire ni en tant qu\u2019homme, ni en tant que pr\u00eatre\u00a0\u00bb, selon ses mots.<\/p>\n<p>\u00ab\u00a0Je suis all\u00e9 \u00e0 son domicile apr\u00e8s un temps d\u2019\u00e9change. \u00c0 un certain moment, je pensais l\u2019aider, je lui ai demand\u00e9 de se d\u00e9shabiller et lui ai touch\u00e9 le sexe, les seins et les jambes pour lui faire une th\u00e9rapie\u00a0\u00bb, admet le&#8230;<\/p>\n","protected":false},"excerpt":{"rendered":"Un pr\u00eatre, une jeune femme et une premi\u00e8re communion \u00e0 pr\u00e9parer. En 2023, l\u2019homme d\u2019\u00c9glise accompagnait la victime&hellip;\n","protected":false},"author":2,"featured_media":652727,"comment_status":"","ping_status":"","sticky":false,"template":"","format":"standard","meta":{"footnotes":""},"categories":[9653],"tags":[1111,11,2430,7539,1777,674,274,107,1011,27,3367,12,5889,25,4001,7538,104],"class_list":{"0":"post-652726","1":"post","2":"type-post","3":"status-publish","4":"format-standard","5":"has-post-thumbnail","7":"category-saint-etienne","8":"tag-actu","9":"tag-actualites","10":"tag-auvergne-rhone-alpes","11":"tag-edition-loire-sud","12":"tag-eu","13":"tag-europe","14":"tag-faits-divers-justice","15":"tag-fil-info","16":"tag-fr","17":"tag-france","18":"tag-loire","19":"tag-news","20":"tag-religion-croyance","21":"tag-republique-francaise","22":"tag-saint-etienne","23":"tag-saint-etienne-ville","24":"tag-societe"},"share_on_mastodon":{"url":"https:\/\/pubeurope.com\/@fr\/115867677057851047","error":""},"_links":{"self":[{"href":"https:\/\/www.europesays.com\/fr\/wp-json\/wp\/v2\/posts\/652726","targetHints":{"allow":["GET"]}}],"collection":[{"href":"https:\/\/www.europesays.com\/fr\/wp-json\/wp\/v2\/posts"}],"about":[{"href":"https:\/\/www.europesays.com\/fr\/wp-json\/wp\/v2\/types\/post"}],"author":[{"embeddable":true,"href":"https:\/\/www.europesays.com\/fr\/wp-json\/wp\/v2\/users\/2"}],"replies":[{"embeddable":true,"href":"https:\/\/www.europesays.com\/fr\/wp-json\/wp\/v2\/comments?post=652726"}],"version-history":[{"count":0,"href":"https:\/\/www.europesays.com\/fr\/wp-json\/wp\/v2\/posts\/652726\/revisions"}],"wp:featuredmedia":[{"embeddable":true,"href":"https:\/\/www.europesays.com\/fr\/wp-json\/wp\/v2\/media\/652727"}],"wp:attachment":[{"href":"https:\/\/www.europesays.com\/fr\/wp-json\/wp\/v2\/media?parent=652726"}],"wp:term":[{"taxonomy":"category","embeddable":true,"href":"https:\/\/www.europesays.com\/fr\/wp-json\/wp\/v2\/categories?post=652726"},{"taxonomy":"post_tag","embeddable":true,"href":"https:\/\/www.europesays.com\/fr\/wp-json\/wp\/v2\/tags?post=652726"}],"curies":[{"name":"wp","href":"https:\/\/api.w.org\/{rel}","templated":true}]}}