{"id":652735,"date":"2026-01-09T23:18:21","date_gmt":"2026-01-09T23:18:21","guid":{"rendered":"https:\/\/www.europesays.com\/fr\/652735\/"},"modified":"2026-01-09T23:18:21","modified_gmt":"2026-01-09T23:18:21","slug":"un-si-grand-soleil-en-avance-un-braquage-eclate-a-montpellier-cecile-suspecte-florent-de-lavoir-trompe-avec-claire-le-resume-de-lepisode-1834-du-lundi-12-janvier-2026","status":"publish","type":"post","link":"https:\/\/www.europesays.com\/fr\/652735\/","title":{"rendered":"Un si grand soleil en avance : Un braquage \u00e9clate \u00e0 Montpellier, C\u00e9cile suspecte Florent de l&rsquo;avoir tromp\u00e9 avec Claire ! Le r\u00e9sum\u00e9 de l&rsquo;\u00e9pisode 1834 du lundi 12 janvier 2026"},"content":{"rendered":"<p><b>Lundi 12 janvier 2026, dans l&rsquo;\u00e9pisode 1834 d&rsquo;<\/b><b>Un si grand soleil <\/b>diffus\u00e9 sur France 3 \u00e0 partir de 20h45&#8230; Dans les rues de Montpellier, deux individus sortent d&rsquo;un immeuble. Ils inspectent des armes, mettent des gants, baissent les visi\u00e8res de leurs casques. Puis ils s&rsquo;en vont en moto. Au m\u00eame moment, Janet re\u00e7oit un appel de Cl\u00e9mence, qui lui annonce qu&rsquo;elle va avoir du retard \u00e0 l&rsquo;h\u00f4pital. Quand Cl\u00e9mence raccroche, son attention est attir\u00e9e par des cris derri\u00e8re elle. Les deux individus sont en train de sortir d&rsquo;une bijouterie qu&rsquo;ils viennent de braquer.<\/p>\n<p>Un si grand soleil en avance : Sybille est de retour<\/p>\n<p>De bon matin, \u00c8ve annonce \u00e0 Manu qu&rsquo;elle va rentrer tard : elle est encore prise par une r\u00e9union pour le voyage scolaire. Il s&rsquo;amuse des conneries que les \u00e9l\u00e8ves vont faire pendant ce s\u00e9jour. Mais sa bonne humeur dispara\u00eet quand il re\u00e7oit un appel d&rsquo;\u00c9lise l&rsquo;informant du braquage. Peu apr\u00e8s, sur place, Manu et \u00c9lise recueillent le t\u00e9moignage de Cl\u00e9mence. La m\u00e9decin leur fournit une photo prise du scooter utilis\u00e9 par les voleurs. Un peu plus tard, les des deux braqueurs pr\u00e9sentent le butin \u00e0 <a href=\"https:\/\/www.programme-tv.net\/news\/series-tv\/392466-un-si-grand-soleil-la-fille-de-michel-duchaussoy-les-yeux-d-helene-zodiaque-joue-dans-la-serie-de-france-3\/\" data-api-deeplink=\"teleloisirs:\/\/news\/392466\" target=\"_blank\" rel=\"noopener\">Sybille (jou\u00e9e par la fille d&rsquo;un grand acteur fran\u00e7ais)<\/a>. M\u00eame si elle regrette qu&rsquo;une personne ait \u00e9t\u00e9 bless\u00e9e durant le braquage, elle leur transmet une enveloppe contenant de l&rsquo;argent. Une fois seule, Sybille envoie un texto : \u00ab\u00a0Commande re\u00e7ue\u00a0\u00bb. Au commissariat, \u00c9lise et Manu font le point sur l&rsquo;enqu\u00eate avec Becker, qui leur rappelle qu&rsquo;il s&rsquo;agit d&rsquo;un dossier chaud : c&rsquo;est le 4\u00e8me braquage dans la r\u00e9gion ! Un peu plus tard, \u00c9lise a r\u00e9ussi \u00e0 localiser l&rsquo;endroit o\u00f9 est arriv\u00e9 le scooter : un local appartenant \u00e0 Sybille, qui a d\u00e9j\u00e0 un bon petit CV judiciaire. Peu apr\u00e8s, le procureur informe Becker et Manu qu&rsquo;un certain Elias Jansen pourrait \u00eatre derri\u00e8re la s\u00e9rie de braquages. Il est recherch\u00e9 depuis longtemps et constitue une cible prioritaire. Il faut donc surveiller activement Sybille pour remonter jusqu&rsquo;\u00e0 lui.<\/p>\n<p>                        Un si grand soleil en avance : C\u00e9cile suspecte Florent de l&rsquo;avoir tromp\u00e9 avec Claire<\/p>\n<p>La tension est encore forte entre Florent et C\u00e9cile. Et Margot ne se prive pas de le faire remarquer \u00e0 sa s\u0153ur. C\u00e9cile rench\u00e9rit : elle trouve Florent fuyant, elle a le sentiment qu&rsquo;<a href=\"https:\/\/www.programme-tv.net\/news\/series-tv\/395495-un-si-grand-soleil-en-avance-claire-est-sauvee-in-extremis-charlotte-prend-de-la-drogue-le-resume-de-l-episode-1833-du-vendredi-9-janvier-2026\/\" data-api-deeplink=\"teleloisirs:\/\/news\/395495\" target=\"_blank\" rel=\"noopener\">il ne lui a pas tout dit<\/a> \u00e0 propos de Claire. Margot essaie de la raisonner mais C\u00e9cile a une dr\u00f4le d&rsquo;impression. Pendant ce temps-l\u00e0, Florent informe Claire qu&rsquo;elle va \u00eatre convoqu\u00e9e avec Victor devant le procureur. Il propose de l&rsquo;aider \u00e0 pr\u00e9parer cette audition. Kira, elle, ne comprend pas pourquoi elle risque une peine alors qu&rsquo;elle a, au fond, aid\u00e9 H\u00e9l\u00e8ne et la Justice. Au commissariat justement, Becker f\u00e9licite Aude pour cette affaire mais la flic ne peut s&#8217;emp\u00eacher de remarquer que la police avait d&rsquo;abord fait fausse route pendant l&rsquo;enqu\u00eate et qu&rsquo;H\u00e9l\u00e8ne \u00e9tait une victime. \u00c0 l&rsquo;h\u00f4pital, Claire appelle Dimitri. Elle lui confie qu&rsquo;elle a peur de sa convocation mais qu&rsquo;elle a pleinement confiance en Florent. Quand il lui demande si elle n&rsquo;est pas en train de <a href=\"https:\/\/www.programme-tv.net\/news\/series-tv\/357140-un-si-grand-soleil-est-ce-la-fin-definitive-du-couple-claire-florent-melanie-maudran-repond-et-ca-ne-va-pas-vous-plaire\/\" data-api-deeplink=\"teleloisirs:\/\/news\/357140\" target=\"_blank\" rel=\"noopener\">retomber amoureuse de son ex<\/a>, elle conc\u00e8de que la situation est \u00e9quivoque et qu&rsquo;elle est un peu paum\u00e9e. \u00c0 la r\u00e9daction de Midi Libre, apr\u00e8s avoir entendu Kira \u00e0 propos de l&rsquo;affaire et de ce que risque Claire, Marie-Sophie d\u00e9cide de publier un article soulignant les d\u00e9faillances du parquet dans cette enqu\u00eate.<\/p>\n<p>En fin de journ\u00e9e, C\u00e9cile attend Claire devant l&rsquo;h\u00f4pital. Elle n&rsquo;y va pas par quatre chemins et lui demande s&rsquo;il s&rsquo;est pass\u00e9 quelque chose avec Florent. La r\u00e9ponse est claire : \u00ab\u00a0Non\u00a0\u00bb. C\u00e9cile r\u00e9plique qu&rsquo;elle les a vus s&rsquo;enlacer. Encore une fois, Claire nie toute liaison mais rappelle qu&rsquo;ils ont t\u00e9 longtemps ensemble et ont m\u00eame une fille. Acceptant ces explications, C\u00e9cile met fin \u00e0 l&rsquo;\u00e9change.<\/p>\n","protected":false},"excerpt":{"rendered":"Lundi 12 janvier 2026, dans l&rsquo;\u00e9pisode 1834 d&rsquo;Un si grand soleil diffus\u00e9 sur France 3 \u00e0 partir de&hellip;\n","protected":false},"author":2,"featured_media":652736,"comment_status":"","ping_status":"","sticky":false,"template":"","format":"standard","meta":{"footnotes":""},"categories":[9599],"tags":[1111,11,244,3934,1777,674,1011,27,876,22198,2208,12,2680,25,5251,9766,26118,26117],"class_list":{"0":"post-652735","1":"post","2":"type-post","3":"status-publish","4":"format-standard","5":"has-post-thumbnail","7":"category-montpellier","8":"tag-actu","9":"tag-actualites","10":"tag-commentaire","11":"tag-coulisses","12":"tag-eu","13":"tag-europe","14":"tag-fr","15":"tag-france","16":"tag-france-3","17":"tag-france-tv","18":"tag-montpellier","19":"tag-news","20":"tag-occitanie","21":"tag-republique-francaise","22":"tag-tu00e9lu00e9-loisirs","23":"tag-un-si-grand-soleil","24":"tag-un-si-grand-soleil-ru00e9sumu00e9","25":"tag-un-si-grand-soleil-ru00e9sumu00e9-en-avance"},"share_on_mastodon":{"url":"https:\/\/pubeurope.com\/@fr\/115867700619679930","error":""},"_links":{"self":[{"href":"https:\/\/www.europesays.com\/fr\/wp-json\/wp\/v2\/posts\/652735","targetHints":{"allow":["GET"]}}],"collection":[{"href":"https:\/\/www.europesays.com\/fr\/wp-json\/wp\/v2\/posts"}],"about":[{"href":"https:\/\/www.europesays.com\/fr\/wp-json\/wp\/v2\/types\/post"}],"author":[{"embeddable":true,"href":"https:\/\/www.europesays.com\/fr\/wp-json\/wp\/v2\/users\/2"}],"replies":[{"embeddable":true,"href":"https:\/\/www.europesays.com\/fr\/wp-json\/wp\/v2\/comments?post=652735"}],"version-history":[{"count":0,"href":"https:\/\/www.europesays.com\/fr\/wp-json\/wp\/v2\/posts\/652735\/revisions"}],"wp:featuredmedia":[{"embeddable":true,"href":"https:\/\/www.europesays.com\/fr\/wp-json\/wp\/v2\/media\/652736"}],"wp:attachment":[{"href":"https:\/\/www.europesays.com\/fr\/wp-json\/wp\/v2\/media?parent=652735"}],"wp:term":[{"taxonomy":"category","embeddable":true,"href":"https:\/\/www.europesays.com\/fr\/wp-json\/wp\/v2\/categories?post=652735"},{"taxonomy":"post_tag","embeddable":true,"href":"https:\/\/www.europesays.com\/fr\/wp-json\/wp\/v2\/tags?post=652735"}],"curies":[{"name":"wp","href":"https:\/\/api.w.org\/{rel}","templated":true}]}}