{"id":652747,"date":"2026-01-09T23:28:13","date_gmt":"2026-01-09T23:28:13","guid":{"rendered":"https:\/\/www.europesays.com\/fr\/652747\/"},"modified":"2026-01-09T23:28:13","modified_gmt":"2026-01-09T23:28:13","slug":"strasbourg-previsions-meteo-du-vendredi-09-janvier-2026","status":"publish","type":"post","link":"https:\/\/www.europesays.com\/fr\/652747\/","title":{"rendered":"Strasbourg : pr\u00e9visions m\u00e9t\u00e9o du vendredi 09 janvier 2026"},"content":{"rendered":"<p>\u00c0 Strasbourg, le vendredi 09 janvier 2026 se caract\u00e9rise par un temps humide avec des pluies faibles et un vent soutenu. Les temp\u00e9ratures restent fra\u00eeches autour de 8 \u00b0C, tandis que le ciel reste tr\u00e8s nuageux tout au long de la journ\u00e9e.<\/p>\n<p>    Alerte en cours<\/p>\n<p>\nLe Bas-Rhin est plac\u00e9 aujourd\u2019hui en vigilance <b>Jaune Vent<\/b> jusqu\u2019\u00e0 minuit. Des rafales ponctuelles pouvant d\u00e9passer <b>68 km\/h<\/b> sont attendues, notamment lors des passages nuageux les plus actifs.\n<\/p>\n<p>Pour suivre l\u2019\u00e9volution de la situation, consultez notre <a href=\"https:\/\/www.meteocity.com\/france\/alertes\" target=\"_blank\" rel=\"noopener\">page d\u00e9di\u00e9e aux alertes m\u00e9t\u00e9orologiques<\/a>.<\/p>\n<p>Matin : grisaille humide avant le lever du soleil<\/p>\n<p>Le jour se l\u00e8ve \u00e0 08 h 19 sous une faible pluie continue. Le thermom\u00e8tre affiche <b>8 \u00b0C<\/b>, mais la sensation chute \u00e0 <b>4 \u00b0C<\/b> en raison d\u2019un vent de sud soufflant autour de 20 km\/h.<\/p>\n<p>\nL\u2019humidit\u00e9 \u00e9lev\u00e9e (76 %) et la pression basse (996 hPa) entretiennent une atmosph\u00e8re humide. Mieux vaut garder l\u2019imperm\u00e9able, m\u00eame si les quantit\u00e9s d\u2019eau restent limit\u00e9es.\n<\/p>\n<p>Apr\u00e8s-midi : nuages \u00e9pais et rafales marqu\u00e9es<\/p>\n<p>\nVers 15 h, la couverture devient <b>tr\u00e8s nuageuse<\/b>. La temp\u00e9rature plafonne \u00e0 <b>8 \u00b0C<\/b>, tandis que le ressenti descend \u00e0 <b>2 \u00b0C<\/b> sous l\u2019effet du vent de sud-ouest.\n<\/p>\n<p>\nDes pointes \u00e0 <b>68 km\/h<\/b> sont possibles, pouvant g\u00eaner la circulation des deux-roues et perturber les chantiers en hauteur. Le risque d\u2019averse atteint 58 %, mais sans fortes pr\u00e9cipitations attendues.\n<\/p>\n<ul>\n<li>Temp\u00e9rature max : <b>8 \u00b0C<\/b><\/li>\n<li>Probabilit\u00e9 d\u2019averse : 58 %<\/li>\n<li>Vent moyen : 26 km\/h Sud-Ouest<\/li>\n<li>Rafales : <b>68 km\/h<\/b><\/li>\n<\/ul>\n<p>Soir : petites pluies avant un coucher pr\u00e9coce<\/p>\n<p>\nLe soleil dispara\u00eet \u00e0 16 h 52, laissant place \u00e0 un cr\u00e9puscule humide. \u00c0 21 h, le mercure descend \u00e0 <b>5 \u00b0C<\/b>, ressenti <b>0 \u00b0C<\/b>. La pluie reste faible mais fr\u00e9quente.\n<\/p>\n<p>\nLe vent se calme autour de 17 km\/h, sans rafales notables. L\u2019humidit\u00e9 demeure \u00e9lev\u00e9e \u00e0 75 %, accentuant la sensation de froid. Le cumul de pluie pr\u00e9vu sur la journ\u00e9e avoisine 5 mm.\n<\/p>\n<p>Tendance g\u00e9n\u00e9rale pour demain<\/p>\n<p>\nLa masse d\u2019air se refroidit nettement dans la nuit : d\u00e8s 0 h, les premiers flocons apparaissent avec <b>\u22122 \u00b0C<\/b> et un ressenti glacial de <b>\u22126 \u00b0C<\/b>. Le vent, faible, s\u2019oriente au nord-ouest.\n<\/p>\n<p>\nVendredi 10 janvier s\u2019annonce <b>neigeux<\/b> : les temp\u00e9ratures oscilleront entre <b>\u22121 \u00b0C<\/b> \u00e0 l\u2019aube et <b>4 \u00b0C<\/b> l\u2019apr\u00e8s-midi. Le risque de pr\u00e9cipitation grimpe \u00e0 81 % pour un cumul proche de 5 mm, majoritairement sous forme de neige fondue.\n<\/p>\n<p>\nQuelques rafales pourront encore atteindre 41 km\/h, mais le principal danger sera le verglas possible en d\u00e9but de matin\u00e9e. Pr\u00e9voyez des chauss\u00e9es glissantes et adaptez vos d\u00e9placements en cons\u00e9quence.\n<\/p>\n<p>\nPour organiser votre week-end, retrouvez toutes les mises \u00e0 jour sur <a href=\"https:\/\/www.meteocity.com\/france\/strasbourg-v2973783\" target=\"_blank\" rel=\"noopener\">notre page Strasbourg<\/a>.<\/p>\n","protected":false},"excerpt":{"rendered":"\u00c0 Strasbourg, le vendredi 09 janvier 2026 se caract\u00e9rise par un temps humide avec des pluies faibles et&hellip;\n","protected":false},"author":2,"featured_media":652748,"comment_status":"","ping_status":"","sticky":false,"template":"","format":"standard","meta":{"footnotes":""},"categories":[2820],"tags":[1111,11,1777,674,1011,27,775,12,25,640],"class_list":{"0":"post-652747","1":"post","2":"type-post","3":"status-publish","4":"format-standard","5":"has-post-thumbnail","7":"category-strasbourg","8":"tag-actu","9":"tag-actualites","10":"tag-eu","11":"tag-europe","12":"tag-fr","13":"tag-france","14":"tag-grand-est","15":"tag-news","16":"tag-republique-francaise","17":"tag-strasbourg"},"share_on_mastodon":{"url":"https:\/\/pubeurope.com\/@fr\/115867740052237708","error":""},"_links":{"self":[{"href":"https:\/\/www.europesays.com\/fr\/wp-json\/wp\/v2\/posts\/652747","targetHints":{"allow":["GET"]}}],"collection":[{"href":"https:\/\/www.europesays.com\/fr\/wp-json\/wp\/v2\/posts"}],"about":[{"href":"https:\/\/www.europesays.com\/fr\/wp-json\/wp\/v2\/types\/post"}],"author":[{"embeddable":true,"href":"https:\/\/www.europesays.com\/fr\/wp-json\/wp\/v2\/users\/2"}],"replies":[{"embeddable":true,"href":"https:\/\/www.europesays.com\/fr\/wp-json\/wp\/v2\/comments?post=652747"}],"version-history":[{"count":0,"href":"https:\/\/www.europesays.com\/fr\/wp-json\/wp\/v2\/posts\/652747\/revisions"}],"wp:featuredmedia":[{"embeddable":true,"href":"https:\/\/www.europesays.com\/fr\/wp-json\/wp\/v2\/media\/652748"}],"wp:attachment":[{"href":"https:\/\/www.europesays.com\/fr\/wp-json\/wp\/v2\/media?parent=652747"}],"wp:term":[{"taxonomy":"category","embeddable":true,"href":"https:\/\/www.europesays.com\/fr\/wp-json\/wp\/v2\/categories?post=652747"},{"taxonomy":"post_tag","embeddable":true,"href":"https:\/\/www.europesays.com\/fr\/wp-json\/wp\/v2\/tags?post=652747"}],"curies":[{"name":"wp","href":"https:\/\/api.w.org\/{rel}","templated":true}]}}