{"id":652752,"date":"2026-01-09T23:31:25","date_gmt":"2026-01-09T23:31:25","guid":{"rendered":"https:\/\/www.europesays.com\/fr\/652752\/"},"modified":"2026-01-09T23:31:25","modified_gmt":"2026-01-09T23:31:25","slug":"loire-atlantique-deux-adolescents-kidnappes-frappes-et-forces-de-creuser-leurs-tombes","status":"publish","type":"post","link":"https:\/\/www.europesays.com\/fr\/652752\/","title":{"rendered":"Loire-Atlantique : deux adolescents kidnapp\u00e9s, frapp\u00e9s et forc\u00e9s de creuser leurs tombes"},"content":{"rendered":"<p class=\"p1\">Dans la nuit du vendredi\u00a02 au samedi 3\u00a0janvier, deux adolescents de 14 et 16\u00a0ans\u00a0ont \u00e9t\u00e9 enlev\u00e9s, frapp\u00e9s et <a href=\"https:\/\/www.valeursactuelles.com\/societe\/orleans-un-individu-arme-dun-couteau-menace-de-mort-un-membre-du-personnel-dans-la-cathedrale\" target=\"_blank\" rel=\"noopener\">menac\u00e9s de mort<\/a> pr\u00e8s de Nantes. Selon le parquet, ils ont \u00e9t\u00e9 enlev\u00e9s \u00e0 bord d\u2019un v\u00e9hicule et charg\u00e9s dans le coffre vers 1 heure du matin sur le parking d\u2019un h\u00f4tel \u00e0 Carquefou, avant d\u2019\u00eatre emmen\u00e9s dans un bois. Une fois sur place, les deux jeunes originaires d\u2019Angers ont \u00e9t\u00e9 frapp\u00e9s et menac\u00e9s de mort \u00e0 plusieurs reprises, rapporte <a href=\"https:\/\/www.ouest-france.fr\/societe\/faits-divers\/si-tu-parles-on-te-bute-dans-une-foret-en-pleine-nuit-deux-adolescents-ont-du-creuser-leurs-propres-tombes-8136024c-e987-11f0-9b78-7c77e15311d5\" target=\"_blank\" rel=\"noopener\">Ouest-France<\/a>. Ils pr\u00e9sentaient notamment des traces de coups au visage et des plaies au niveau des mains.\u00a0L\u2019un d\u2019eux, bless\u00e9 \u00e0 la cuisse, aurait re\u00e7u un coup de couteau.<\/p>\n<p><a href=\"https:\/\/www.valeursactuelles.com\/faits-divers\/fresnes-une-rancon-de-30-000-euros-demandee-apres-le-kidnapping-dun-jeune-homme-de-18-ans\" class=\"h-flex h-align-items-center h-border-tb h-ptb-15\" target=\"_blank\" rel=\"noopener\">A\u00a0LIRE\u00a0Fresnes : une ran\u00e7on de 30 000 euros demand\u00e9e apr\u00e8s le kidnapping d\u2019un jeune homme de 18 ans<\/a><\/p>\n<p class=\"p1\">Dans ce bois, les deux victimes ont \u00e9t\u00e9 oblig\u00e9es de creuser leur propre tombe. Elles ont \u00e9t\u00e9 secourues quelques heures plus tard apr\u00e8s avoir frapp\u00e9 \u00e0 la porte d\u2019une habitation de La Chapelle-sur-Erdre, une commune voisine. Pris imm\u00e9diatement en charge \u00e0 l\u2019h\u00f4pital, ils n\u2019\u00e9taient plus hospitalis\u00e9s ce vendredi 9 janvier, a annonc\u00e9 le procureur \u00e0 BFM TV.<\/p>\n<p>La piste d\u2019un r\u00e8glement de comptes li\u00e9 au trafic de stup\u00e9fiants<\/p>\n<p class=\"p1\">Selon <a href=\"https:\/\/www.leparisien.fr\/faits-divers\/enleves-battus-denudes-la-nuit-de-terreur-de-deux-adolescents-contraints-de-creuser-leur-tombe-pres-de-nantes-08-01-2026-55RKB4KYWJBXZBKAWLXAFMSZVU.php\" target=\"_blank\" rel=\"nofollow noopener\">Le Parisien<\/a>, apr\u00e8s avoir entendu les deux adolescents, les gendarmes se sont rendus sur la zone d\u00e9crite par ces derniers et ont retrouv\u00e9 leurs v\u00eatements, mais \u00e9galement le trou qui aurait pu leur servir de tombe. Une enqu\u00eate pour violences et s\u00e9questration a \u00e9t\u00e9 confi\u00e9e \u00e0 la police judiciaire de Nantes. Pour l\u2019instant, aucune personne n\u2019a \u00e9t\u00e9 interpell\u00e9e. \u00ab\u00a0Ces \u00e9v\u00e9nements ne sont pas sans lien avec des infractions \u00e0 la l\u00e9gislation sur les stup\u00e9fiants et des luttes de territoires\u00a0\u00bb, a pr\u00e9cis\u00e9 le procureur de la R\u00e9publique de Nantes, Antoine Leroy.<\/p>\n","protected":false},"excerpt":{"rendered":"Dans la nuit du vendredi\u00a02 au samedi 3\u00a0janvier, deux adolescents de 14 et 16\u00a0ans\u00a0ont \u00e9t\u00e9 enlev\u00e9s, frapp\u00e9s et&hellip;\n","protected":false},"author":2,"featured_media":652753,"comment_status":"","ping_status":"","sticky":false,"template":"","format":"standard","meta":{"footnotes":""},"categories":[2818],"tags":[1111,11,1084,1120,2716,1777,674,1011,27,7775,766,12,2636,25],"class_list":{"0":"post-652752","1":"post","2":"type-post","3":"status-publish","4":"format-standard","5":"has-post-thumbnail","7":"category-nantes","8":"tag-actu","9":"tag-actualites","10":"tag-adolescent","11":"tag-agression","12":"tag-enlevement","13":"tag-eu","14":"tag-europe","15":"tag-fr","16":"tag-france","17":"tag-menaces-de-mort","18":"tag-nantes","19":"tag-news","20":"tag-pays-de-la-loire","21":"tag-republique-francaise"},"share_on_mastodon":{"url":"https:\/\/pubeurope.com\/@fr\/115867751879857320","error":""},"_links":{"self":[{"href":"https:\/\/www.europesays.com\/fr\/wp-json\/wp\/v2\/posts\/652752","targetHints":{"allow":["GET"]}}],"collection":[{"href":"https:\/\/www.europesays.com\/fr\/wp-json\/wp\/v2\/posts"}],"about":[{"href":"https:\/\/www.europesays.com\/fr\/wp-json\/wp\/v2\/types\/post"}],"author":[{"embeddable":true,"href":"https:\/\/www.europesays.com\/fr\/wp-json\/wp\/v2\/users\/2"}],"replies":[{"embeddable":true,"href":"https:\/\/www.europesays.com\/fr\/wp-json\/wp\/v2\/comments?post=652752"}],"version-history":[{"count":0,"href":"https:\/\/www.europesays.com\/fr\/wp-json\/wp\/v2\/posts\/652752\/revisions"}],"wp:featuredmedia":[{"embeddable":true,"href":"https:\/\/www.europesays.com\/fr\/wp-json\/wp\/v2\/media\/652753"}],"wp:attachment":[{"href":"https:\/\/www.europesays.com\/fr\/wp-json\/wp\/v2\/media?parent=652752"}],"wp:term":[{"taxonomy":"category","embeddable":true,"href":"https:\/\/www.europesays.com\/fr\/wp-json\/wp\/v2\/categories?post=652752"},{"taxonomy":"post_tag","embeddable":true,"href":"https:\/\/www.europesays.com\/fr\/wp-json\/wp\/v2\/tags?post=652752"}],"curies":[{"name":"wp","href":"https:\/\/api.w.org\/{rel}","templated":true}]}}