{"id":652762,"date":"2026-01-09T23:36:14","date_gmt":"2026-01-09T23:36:14","guid":{"rendered":"https:\/\/www.europesays.com\/fr\/652762\/"},"modified":"2026-01-09T23:36:14","modified_gmt":"2026-01-09T23:36:14","slug":"cet-axe-strategique-reliant-toulouse-a-blagnac-sera-en-travaux-pendant-plus-dun-mois-des-perturbations-a-prevoir","status":"publish","type":"post","link":"https:\/\/www.europesays.com\/fr\/652762\/","title":{"rendered":"Cet axe strat\u00e9gique reliant Toulouse \u00e0 Blagnac sera en travaux pendant plus d&rsquo;un mois, des perturbations \u00e0 pr\u00e9voir"},"content":{"rendered":"<p>Les automobilistes haut-garonnais doivent se pr\u00e9parer \u00e0 des perturbations de la circulation sur <strong>l&rsquo;A621<\/strong>, axe strat\u00e9gique reliant <a href=\"https:\/\/lopinion.com\/\" rel=\"noopener noreferrer\" target=\"_blank\">Toulouse<\/a> \u00e0 Blagnac. \u00c0 compter du lundi 12 janvier, et <strong>pendant plus de cinq semaines<\/strong>, la direction interd\u00e9partementale des routes Sud-Ouest (DIRSO) engagera des travaux de s\u00e9curisation et d&rsquo;acc\u00e8s \u00e0 des \u00e9quipements hydrauliques <strong>au niveau de l&rsquo;\u00e9changeur n\u00b03, dit du Ritouret<\/strong>.<\/p>\n<p>La DIRSO pr\u00e9cise que ce chantier repr\u00e9sente un investissement de <strong>500.000 euros<\/strong>. Les travaux sont localis\u00e9s <strong>\u00ab\u00a0\u00e0 proximit\u00e9 de la bretelle de sortie en direction de Blagnac centre dans le sens Toulouse-Blagnac\u00a0\u00bb<\/strong>, un secteur particuli\u00e8rement fr\u00e9quent\u00e9 par les automobilistes.<\/p>\n<p>Circulation maintenue, mais fortement am\u00e9nag\u00e9e<\/p>\n<p>Pendant la dur\u00e9e des travaux, la circulation sur la bretelle concern\u00e9e sera conserv\u00e9e, mais maintenue <strong>\u00e0 une voie de largeur r\u00e9duite<\/strong>. La DIRSO annonce \u00e9galement une <strong>\u00ab\u00a0vitesse limit\u00e9e \u00e0 30 km\/h\u00a0\u00bb<\/strong>, ainsi que la mise en place d&rsquo;un dispositif de retenue provisoire en b\u00e9ton, afin d&rsquo;isoler la zone de travaux du trafic.<\/p>\n<p>Des perturbations<strong> plus importantes<\/strong> sont toutefois \u00e0 pr\u00e9voir en soir\u00e9e et durant la nuit<\/p>\n<p>Des coupures nocturnes programm\u00e9es<\/p>\n<p>Les autorit\u00e9s annoncent <strong>une dizaine de coupures de circulation <\/strong>sur la p\u00e9riode du chantier, programm\u00e9es <strong>entre 21 heures et 6 heures<\/strong>. Ces fermetures concerneront soit l&rsquo;A621 dans le sens Toulouse-Blagnac, soit la bretelle de sortie entre les \u00e9changeurs de Saint-Michel et du Ritouret.<\/p>\n<p>Dans chaque situation, la DIRSO indique que <strong>\u00ab\u00a0des itin\u00e9raires de d\u00e9viation seront mis en place le soir avant la fermeture\u00a0\u00bb<\/strong>, afin de limiter l&rsquo;impact pour les usagers circulant dans l&rsquo;agglom\u00e9ration toulousaine.<\/p>\n<p>Prudence demand\u00e9e aux automobilistes<\/p>\n<p>L&rsquo;information des conducteurs sera assur\u00e9e par les panneaux \u00e0 messages variables pr\u00e9sents au-dessus des voies rapides. La DIRSO appelle aussi <strong>\u00e0 la vigilance<\/strong> : respect des signalisations, prudence et vitesse limit\u00e9e aux abords du chantier.<\/p>\n<p>Elle remercie enfin <strong>\u00ab\u00a0les usagers et les riverains de leur compr\u00e9hension pour la g\u00eane occasionn\u00e9e par ces travaux\u00a0\u00bb<\/strong>.<\/p>\n<p>&gt;&gt; \u00c0 LIRE AUSSI : <a href=\"https:\/\/lopinion.com\/articles\/actualite\/31563_a680-circulation-interrompue-nuit-decembre-travaux\" rel=\"noopener noreferrer\" target=\"_blank\">Haute-Garonne : cette autoroute compl\u00e8tement ferm\u00e9e, la circulation est interrompue de nuit pour travaux<\/a><\/p>\n","protected":false},"excerpt":{"rendered":"Les automobilistes haut-garonnais doivent se pr\u00e9parer \u00e0 des perturbations de la circulation sur l&rsquo;A621, axe strat\u00e9gique reliant Toulouse&hellip;\n","protected":false},"author":2,"featured_media":652763,"comment_status":"","ping_status":"","sticky":false,"template":"","format":"standard","meta":{"footnotes":""},"categories":[2816],"tags":[1111,11,1777,674,1011,27,12,2680,25,2312],"class_list":{"0":"post-652762","1":"post","2":"type-post","3":"status-publish","4":"format-standard","5":"has-post-thumbnail","7":"category-toulouse","8":"tag-actu","9":"tag-actualites","10":"tag-eu","11":"tag-europe","12":"tag-fr","13":"tag-france","14":"tag-news","15":"tag-occitanie","16":"tag-republique-francaise","17":"tag-toulouse"},"share_on_mastodon":{"url":"https:\/\/pubeurope.com\/@fr\/115867771361839557","error":""},"_links":{"self":[{"href":"https:\/\/www.europesays.com\/fr\/wp-json\/wp\/v2\/posts\/652762","targetHints":{"allow":["GET"]}}],"collection":[{"href":"https:\/\/www.europesays.com\/fr\/wp-json\/wp\/v2\/posts"}],"about":[{"href":"https:\/\/www.europesays.com\/fr\/wp-json\/wp\/v2\/types\/post"}],"author":[{"embeddable":true,"href":"https:\/\/www.europesays.com\/fr\/wp-json\/wp\/v2\/users\/2"}],"replies":[{"embeddable":true,"href":"https:\/\/www.europesays.com\/fr\/wp-json\/wp\/v2\/comments?post=652762"}],"version-history":[{"count":0,"href":"https:\/\/www.europesays.com\/fr\/wp-json\/wp\/v2\/posts\/652762\/revisions"}],"wp:featuredmedia":[{"embeddable":true,"href":"https:\/\/www.europesays.com\/fr\/wp-json\/wp\/v2\/media\/652763"}],"wp:attachment":[{"href":"https:\/\/www.europesays.com\/fr\/wp-json\/wp\/v2\/media?parent=652762"}],"wp:term":[{"taxonomy":"category","embeddable":true,"href":"https:\/\/www.europesays.com\/fr\/wp-json\/wp\/v2\/categories?post=652762"},{"taxonomy":"post_tag","embeddable":true,"href":"https:\/\/www.europesays.com\/fr\/wp-json\/wp\/v2\/tags?post=652762"}],"curies":[{"name":"wp","href":"https:\/\/api.w.org\/{rel}","templated":true}]}}