{"id":652768,"date":"2026-01-09T23:40:15","date_gmt":"2026-01-09T23:40:15","guid":{"rendered":"https:\/\/www.europesays.com\/fr\/652768\/"},"modified":"2026-01-09T23:40:15","modified_gmt":"2026-01-09T23:40:15","slug":"une-partie-du-vieux-port-de-marseille-encore-interdite-a-la-circulation-ce-samedi-soir","status":"publish","type":"post","link":"https:\/\/www.europesays.com\/fr\/652768\/","title":{"rendered":"une partie du Vieux-Port de Marseille encore interdite \u00e0 la circulation ce samedi soir"},"content":{"rendered":"<p>Esp\u00e9rons-le pour les supporters alg\u00e9riens, samedi soir, aux alentours de 19h, il se pourrait bien que ces derniers soient en f\u00eate du c\u00f4t\u00e9 du Vieux-Port de Marseille. Du moins, <a href=\"https:\/\/www.laprovence.com\/article\/sports\/23341218142377\/can-algerie-rdc-en-huitiemes-de-finale-le-grand-defi-de-luca-zidane\" target=\"_blank\" rel=\"noopener\">si les partenaires de Luca Zidane<\/a> ont la bonne id\u00e9e de qualifier pour le dernier carr\u00e9 de la coupe d&rsquo;Afrique des nations en disposant du redoutable Nig\u00e9ria qu&rsquo;ils d\u00e9fient \u00e0 partir de 17h \u00e0 Marrakech (Maroc).<\/p>\n<p>En pr\u00e9vision de cette liesse et pour \u00e9viter des incidents, la Pr\u00e9fecture des Bouches-du-Rh\u00f4ne, qui a d\u00e9j\u00e0 pris pareille mesure mardi dernier <a href=\"https:\/\/www.laprovence.com\/article\/sports\/65832744063036\/can-lalgerie-se-qualifie-pour-les-quarts-de-finale-dans-les-dernieres-minutes-face-a-la-rdc\" target=\"_blank\" rel=\"noopener\">apr\u00e8s la victoire face au Congo<\/a> ou lors du R\u00e9veillon du Nouvel An, a d\u00e9cid\u00e9 de pi\u00e9tonniser une grande partie du Vieux-Port \u00e0 partir de 17h. \u00ab\u00a0La pr\u00e9f\u00e8te de police d\u00e9l\u00e9gu\u00e9e a pris un nouvel arr\u00eat\u00e9 interdisant le stationnement \u00e0 partir de 17h et la circulation des v\u00e9hicules \u00e0 moteur de 18h \u00e0 minuit sur une partie du Vieux-Port\u00a0\u00bb, a communiqu\u00e9 l&rsquo;institution ce vendredi soir.\u00a0<\/p>\n<p>Cette interdiction concerne : <strong>le quai du Port<\/strong> entre la <strong>rue de la Bonneterie<\/strong> et le <strong>Quai des Belges<\/strong> ; la <strong>rue de la R\u00e9publique<\/strong>, entre la <strong>rue Coutellerie<\/strong> et le <strong>Quai des Belges <\/strong>; le\u00a0<strong>Quai des Belges<\/strong>, de la <strong>rue de la R\u00e9publique<\/strong> jusqu&rsquo;\u00e0 l&rsquo;angle du<strong> Cours Jean Ballard<\/strong>.<\/p>\n","protected":false},"excerpt":{"rendered":"Esp\u00e9rons-le pour les supporters alg\u00e9riens, samedi soir, aux alentours de 19h, il se pourrait bien que ces derniers&hellip;\n","protected":false},"author":2,"featured_media":652769,"comment_status":"","ping_status":"","sticky":false,"template":"","format":"standard","meta":{"footnotes":""},"categories":[2814],"tags":[5734,1111,11,1440,1777,674,1011,27,18614,884,955,12,11695,882,16,25,96,1179],"class_list":{"0":"post-652768","1":"post","2":"type-post","3":"status-publish","4":"format-standard","5":"has-post-thumbnail","7":"category-marseille","8":"tag-5734","9":"tag-actu","10":"tag-actualites","11":"tag-encore","12":"tag-eu","13":"tag-europe","14":"tag-fr","15":"tag-france","16":"tag-lalgerie","17":"tag-marseille","18":"tag-match","19":"tag-news","20":"tag-partie","21":"tag-provence-alpes-cote-dazur","22":"tag-region","23":"tag-republique-francaise","24":"tag-une","25":"tag-vieux-port"},"share_on_mastodon":{"url":"https:\/\/pubeurope.com\/@fr\/115867787228609982","error":""},"_links":{"self":[{"href":"https:\/\/www.europesays.com\/fr\/wp-json\/wp\/v2\/posts\/652768","targetHints":{"allow":["GET"]}}],"collection":[{"href":"https:\/\/www.europesays.com\/fr\/wp-json\/wp\/v2\/posts"}],"about":[{"href":"https:\/\/www.europesays.com\/fr\/wp-json\/wp\/v2\/types\/post"}],"author":[{"embeddable":true,"href":"https:\/\/www.europesays.com\/fr\/wp-json\/wp\/v2\/users\/2"}],"replies":[{"embeddable":true,"href":"https:\/\/www.europesays.com\/fr\/wp-json\/wp\/v2\/comments?post=652768"}],"version-history":[{"count":0,"href":"https:\/\/www.europesays.com\/fr\/wp-json\/wp\/v2\/posts\/652768\/revisions"}],"wp:featuredmedia":[{"embeddable":true,"href":"https:\/\/www.europesays.com\/fr\/wp-json\/wp\/v2\/media\/652769"}],"wp:attachment":[{"href":"https:\/\/www.europesays.com\/fr\/wp-json\/wp\/v2\/media?parent=652768"}],"wp:term":[{"taxonomy":"category","embeddable":true,"href":"https:\/\/www.europesays.com\/fr\/wp-json\/wp\/v2\/categories?post=652768"},{"taxonomy":"post_tag","embeddable":true,"href":"https:\/\/www.europesays.com\/fr\/wp-json\/wp\/v2\/tags?post=652768"}],"curies":[{"name":"wp","href":"https:\/\/api.w.org\/{rel}","templated":true}]}}