{"id":65278,"date":"2025-04-30T20:57:19","date_gmt":"2025-04-30T20:57:19","guid":{"rendered":"https:\/\/www.europesays.com\/fr\/65278\/"},"modified":"2025-04-30T20:57:19","modified_gmt":"2025-04-30T20:57:19","slug":"ancien-directeur-des-redactions-de-nice-matin-hubert-perrin-est-decede","status":"publish","type":"post","link":"https:\/\/www.europesays.com\/fr\/65278\/","title":{"rendered":"Ancien directeur des r\u00e9dactions de Nice-Matin, Hubert Perrin est d\u00e9c\u00e9d\u00e9"},"content":{"rendered":"<p>Hubert Perrin, 73 ans, ancien directeur des r\u00e9dactions du groupe Nice-Matin, est d\u00e9c\u00e9d\u00e9.<\/p>\n<p>En 1998, il avait succ\u00e9d\u00e9 \u00e0 Charles Buchet. Michel Comboul \u00e9tait alors P.-D.G. du groupe. Hubert Perrin laissera l\u2019image d\u2019un homme \u00e9l\u00e9gant, courtois, cultiv\u00e9. Le virus du journalisme, contract\u00e9 tr\u00e8s jeune, avait vraisemblablement puis\u00e9 sa source dans la ma\u00eetrise de lettres modernes qu\u2019il avait d\u00e9croch\u00e9e. Un go\u00fbt pour les lettres et l\u2019actualit\u00e9 qui ne se d\u00e9mentira jamais.<\/p>\n<p>Hubert Perrin avait d\u00e9but\u00e9 sa carri\u00e8re de journaliste comme pigiste \u00e0 France 3 Reims, puis \u00e9tait entr\u00e9 \u00e0 \u00ab\u00a0L\u2019Union de Reims\u00a0\u00bb, en Champagne. Il avait ensuite rejoint le groupe \u00ab\u00a0L\u2019Est r\u00e9publicain\u00a0\u00bb. Il avait travaill\u00e9 \u00e0 Nancy, puis lanc\u00e9 l\u2019\u00e9dition de la Marne.<\/p>\n<p>Dans un parcours foisonnant, il avait ensuite dirig\u00e9 l\u2019\u00e9dition de la Guadeloupe du journal \u00ab\u00a0France-Antilles\u00a0\u00bb, avant d\u2019\u00eatre nomm\u00e9 administrateur de \u00ab\u00a0Lyon-Figaro\u00a0\u00bb, puis directeur du quotidien r\u00e9gional \u00ab\u00a0Le Progr\u00e8s\u00a0\u00bb, \u00e0 Saint-Etienne.<\/p>\n<p>Hubert Perrin \u00e9tait ensuite devenu directeur des r\u00e9dactions du \u00ab\u00a0Dauphin\u00e9 lib\u00e9r\u00e9\u00a0\u00bb \u00e0 Grenoble, un journal appartenant au groupe Hersant. Il a \u00e9galement occup\u00e9 le poste de vice-pr\u00e9sident du Syndicat des agences de presse d\u2019informations g\u00e9n\u00e9rales (Sapig).<\/p>\n<p>Ces derni\u00e8res ann\u00e9es, il avait successivement occup\u00e9 le poste de collaborateur de cabinet aupr\u00e8s du pr\u00e9sident du conseil g\u00e9n\u00e9ral des Alpes-Maritimes, puis de collaborateur de cabinet du pr\u00e9sident du Service d\u00e9partemental d\u2019incendie et de secours des Alpes-Maritimes.<\/p>\n<p>Hubert Perrin, mari\u00e9 \u00e0 Anne, \u00e9tait papa de deux enfants et grand-p\u00e8re de deux petits-enfants. Il \u00e9tait le second d\u2019une fratrie de sept. Il appr\u00e9ciait plus que tout l\u2019\u00e9criture, la lecture \u00e9videmment, mais aussi le piano, le tennis.<\/p>\n<p>\u00c0 sa famille, \u00e0 ses proches, Nice-Matin adresse ses plus sinc\u00e8res condol\u00e9ances.<\/p>\n<p>La c\u00e9r\u00e9monie aura lieu en l\u2019\u00e9glise Saint-Andr\u00e9 de Mouans-Sartoux, mercredi 7 mai \u00e0 14h30, et l\u2019inhumation se tiendra le m\u00eame jour au cimeti\u00e8re paysager de Mouans-Sartoux \u00e0 16 heures.<\/p>\n<p>            L&rsquo;hommage de Charles-Ange Gin\u00e9sy, pr\u00e9sident du conseil d\u00e9partemental des Alpes-Maritimes<\/p>\n<p>\u00ab\u00a0C\u2019est avec une profonde tristesse que j\u2019ai appris ce soir le d\u00e9c\u00e8s d\u2019Hubert Perrin.<\/p>\n<p>Homme de presse engag\u00e9 au parcours remarquable au sein de Nice-Matin et du Dauphin\u00e9 Lib\u00e9r\u00e9 \u00e0 Grenoble, Hubert a \u00e9galement mis son immense exp\u00e9rience au service du D\u00e9partement des Alpes-Maritimes, en tant que collaborateur de cabinet, puis celui de collaborateur de cabinet du pr\u00e9sident du Service d\u00e9partemental d\u2019incendie et de secours des Alpes-Maritimes. Ceux qui l\u2019ont connu se souviendront de sa culture, de sa passion pour les lettres et pour l\u2019actualit\u00e9, mais aussi de son sens du service public.<\/p>\n<p>Il fut un pr\u00e9cieux conseiller aupr\u00e8s de mon p\u00e8re, Charles Gin\u00e9sy, et s\u2019est tout autant investi \u00e0 mes c\u00f4t\u00e9s \u00e0 mes d\u00e9buts en politique, avec la volont\u00e9 sinc\u00e8re de transmettre, de guider, de partager son regard aiguis\u00e9 sur les enjeux de notre territoire.<\/p>\n<p>Fid\u00e8le de Valberg, il ne manquait jamais d\u2019\u00eatre pr\u00e9sent lors de la f\u00eate patronale de Notre-Dame des Neiges, t\u00e9moignage de son attachement profond \u00e0 nos traditions.<\/p>\n<p>J\u2019adresse \u00e0 son \u00e9pouse Anne, \u00e0 ses enfants, \u00e0 ses petits-enfants ainsi qu\u2019\u00e0 tous ses proches, mes pens\u00e9es les plus sinc\u00e8res et \u00e9mues.\u00a0\u00bb<\/p>\n","protected":false},"excerpt":{"rendered":"Hubert Perrin, 73 ans, ancien directeur des r\u00e9dactions du groupe Nice-Matin, est d\u00e9c\u00e9d\u00e9. En 1998, il avait succ\u00e9d\u00e9&hellip;\n","protected":false},"author":2,"featured_media":65279,"comment_status":"","ping_status":"","sticky":false,"template":"","format":"standard","meta":{"footnotes":""},"categories":[2819],"tags":[1111,11,251,1777,674,1011,27,500,12,2401,882,25],"class_list":{"0":"post-65278","1":"post","2":"type-post","3":"status-publish","4":"format-standard","5":"has-post-thumbnail","7":"category-nice","8":"tag-actu","9":"tag-actualites","10":"tag-culture","11":"tag-eu","12":"tag-europe","13":"tag-fr","14":"tag-france","15":"tag-medias","16":"tag-news","17":"tag-nice","18":"tag-provence-alpes-cote-dazur","19":"tag-republique-francaise"},"share_on_mastodon":{"url":"https:\/\/pubeurope.com\/@fr\/114428919456331595","error":""},"_links":{"self":[{"href":"https:\/\/www.europesays.com\/fr\/wp-json\/wp\/v2\/posts\/65278","targetHints":{"allow":["GET"]}}],"collection":[{"href":"https:\/\/www.europesays.com\/fr\/wp-json\/wp\/v2\/posts"}],"about":[{"href":"https:\/\/www.europesays.com\/fr\/wp-json\/wp\/v2\/types\/post"}],"author":[{"embeddable":true,"href":"https:\/\/www.europesays.com\/fr\/wp-json\/wp\/v2\/users\/2"}],"replies":[{"embeddable":true,"href":"https:\/\/www.europesays.com\/fr\/wp-json\/wp\/v2\/comments?post=65278"}],"version-history":[{"count":0,"href":"https:\/\/www.europesays.com\/fr\/wp-json\/wp\/v2\/posts\/65278\/revisions"}],"wp:featuredmedia":[{"embeddable":true,"href":"https:\/\/www.europesays.com\/fr\/wp-json\/wp\/v2\/media\/65279"}],"wp:attachment":[{"href":"https:\/\/www.europesays.com\/fr\/wp-json\/wp\/v2\/media?parent=65278"}],"wp:term":[{"taxonomy":"category","embeddable":true,"href":"https:\/\/www.europesays.com\/fr\/wp-json\/wp\/v2\/categories?post=65278"},{"taxonomy":"post_tag","embeddable":true,"href":"https:\/\/www.europesays.com\/fr\/wp-json\/wp\/v2\/tags?post=65278"}],"curies":[{"name":"wp","href":"https:\/\/api.w.org\/{rel}","templated":true}]}}