{"id":652783,"date":"2026-01-09T23:49:12","date_gmt":"2026-01-09T23:49:12","guid":{"rendered":"https:\/\/www.europesays.com\/fr\/652783\/"},"modified":"2026-01-09T23:49:12","modified_gmt":"2026-01-09T23:49:12","slug":"le-canada-condamne-lutilisation-par-la-russie-dun-missile-hypersonique","status":"publish","type":"post","link":"https:\/\/www.europesays.com\/fr\/652783\/","title":{"rendered":"Le Canada condamne l&rsquo;utilisation par la Russie d&rsquo;un missile hypersonique"},"content":{"rendered":"<p>OTTAWA \u2014 Le premier ministre Mark Carney se joint aux dirigeants europ\u00e9ens pour condamner l\u2019utilisation par la Russie d\u2019un puissant missile hypersonique contre l\u2019Ukraine, qu\u2019il qualifie d\u2019escalade.<\/p>\n<p>M.\u00a0Carney affirme que la deuxi\u00e8me utilisation par la Russie du missile Oreshnik constitue \u00abune escalade flagrante et dangereuse qui visait l\u2019infrastructure \u00e9nerg\u00e9tique ukrainienne et des habitations d\u2019Ukrainiens innocents\u00bb.<\/p>\n<p>Moscou affirme que cette arme peut \u00e9chapper aux syst\u00e8mes de d\u00e9fense antimissile et pourrait \u00eatre utilis\u00e9e contre les alli\u00e9s de l\u2019Ukraine s\u2019ils frappaient profond\u00e9ment en Russie.<\/p>\n<p>Selon les observateurs, cette frappe, qui a touch\u00e9 l\u2019ouest de l\u2019Ukraine, \u00e9tait destin\u00e9e \u00e0 envoyer un avertissement clair aux alli\u00e9s de Kyiv au sein de l\u2019alliance militaire de l\u2019OTAN.<\/p>\n<p>Le lancement du missile \u00e0 capacit\u00e9 nucl\u00e9aire est intervenu quelques jours apr\u00e8s que l\u2019Ukraine et ses alli\u00e9s se furent mis d\u2019accord sur des garanties de s\u00e9curit\u00e9 visant \u00e0 d\u00e9fendre le pays contre toute nouvelle agression russe apr\u00e8s un possible accord de paix.<\/p>\n<p>L\u2019Ukraine cherche \u00e0 organiser des r\u00e9unions internationales pour discuter de l\u2019utilisation du missile pour la premi\u00e8re fois depuis novembre\u00a02024.<\/p>\n<p>Lundi, la Russie a sanctionn\u00e9 28\u00a0Canadiens d\u2019origine ukrainienne en repr\u00e9sailles aux sanctions canadiennes li\u00e9es \u00e0 l\u2019invasion russe.<\/p>\n<p>\u2014 Avec des informations provenant de l\u2019Associated Press.<\/p>\n","protected":false},"excerpt":{"rendered":"OTTAWA \u2014 Le premier ministre Mark Carney se joint aux dirigeants europ\u00e9ens pour condamner l\u2019utilisation par la Russie&hellip;\n","protected":false},"author":2,"featured_media":652784,"comment_status":"","ping_status":"","sticky":false,"template":"","format":"standard","meta":{"footnotes":""},"categories":[1591],"tags":[11,1887,11621,4576,12,1885,1886,132],"class_list":{"0":"post-652783","1":"post","2":"type-post","3":"status-publish","4":"format-standard","5":"has-post-thumbnail","7":"category-russie","8":"tag-actualites","9":"tag-federation-de-russie","10":"tag-https-lactualite-com-sujet-defense","11":"tag-https-lactualite-com-sujet-politique","12":"tag-news","13":"tag-russia","14":"tag-russian-federation","15":"tag-russie"},"share_on_mastodon":{"url":"https:\/\/pubeurope.com\/@fr\/115867822534093402","error":""},"_links":{"self":[{"href":"https:\/\/www.europesays.com\/fr\/wp-json\/wp\/v2\/posts\/652783","targetHints":{"allow":["GET"]}}],"collection":[{"href":"https:\/\/www.europesays.com\/fr\/wp-json\/wp\/v2\/posts"}],"about":[{"href":"https:\/\/www.europesays.com\/fr\/wp-json\/wp\/v2\/types\/post"}],"author":[{"embeddable":true,"href":"https:\/\/www.europesays.com\/fr\/wp-json\/wp\/v2\/users\/2"}],"replies":[{"embeddable":true,"href":"https:\/\/www.europesays.com\/fr\/wp-json\/wp\/v2\/comments?post=652783"}],"version-history":[{"count":0,"href":"https:\/\/www.europesays.com\/fr\/wp-json\/wp\/v2\/posts\/652783\/revisions"}],"wp:featuredmedia":[{"embeddable":true,"href":"https:\/\/www.europesays.com\/fr\/wp-json\/wp\/v2\/media\/652784"}],"wp:attachment":[{"href":"https:\/\/www.europesays.com\/fr\/wp-json\/wp\/v2\/media?parent=652783"}],"wp:term":[{"taxonomy":"category","embeddable":true,"href":"https:\/\/www.europesays.com\/fr\/wp-json\/wp\/v2\/categories?post=652783"},{"taxonomy":"post_tag","embeddable":true,"href":"https:\/\/www.europesays.com\/fr\/wp-json\/wp\/v2\/tags?post=652783"}],"curies":[{"name":"wp","href":"https:\/\/api.w.org\/{rel}","templated":true}]}}