{"id":652785,"date":"2026-01-09T23:50:40","date_gmt":"2026-01-09T23:50:40","guid":{"rendered":"https:\/\/www.europesays.com\/fr\/652785\/"},"modified":"2026-01-09T23:50:40","modified_gmt":"2026-01-09T23:50:40","slug":"deux-jeunes-guyanais-recrutes-via-les-reseaux-sociaux-pieges-par-un-groupe-paramilitaire-en-ukraine","status":"publish","type":"post","link":"https:\/\/www.europesays.com\/fr\/652785\/","title":{"rendered":"Deux jeunes Guyanais recrut\u00e9s via les r\u00e9seaux sociaux pi\u00e9g\u00e9s par un groupe paramilitaire en Ukraine"},"content":{"rendered":"<p class=\"svelte-qfpp5o first-paragraph\">Deux jeunes Guyanais payent aujourd\u2019hui le prix fort pour avoir r\u00e9pondu \u00e0 un appel sur les r\u00e9seaux sociaux. Recrut\u00e9s en ligne par un groupe paramilitaire en Ukraine, ils se retrouvent pi\u00e9g\u00e9s et consid\u00e9r\u00e9s comme des d\u00e9serteurs. Leur famille craint pour leur vie. Le d\u00e9put\u00e9 de la premi\u00e8re circonscription de Guyane, Jean-Victor Castor a interpell\u00e9 les autorit\u00e9s sur ce dossier sensible. \u00ab Je m&rsquo;adresse principalement aux jeunes du pays et m\u00eame, je vais dire, aux moins jeunes qui sont un peu dans l&rsquo;oisivet\u00e9 ou qui ont perdu leurs rep\u00e8res. En ce moment, nous avons deux jeunes du pays qui ont \u00e9t\u00e9 enr\u00f4l\u00e9s via les r\u00e9seaux sociaux pour aller dans des structures paramilitaires se battre sur le front ukrainien. \u00bb<\/p>\n<p>Une alerte politique face \u00e0 un danger imm\u00e9diat<\/p>\n<p class=\"svelte-qfpp5o\">L&rsquo;alerte du d\u00e9put\u00e9 porte sur la menace grave qui plane sur ces deux jeunes Guyanais originaires de Saint-Georges. Le parlementaire pr\u00e9f\u00e8re ne pas s&rsquo;\u00e9taler sur les d\u00e9tails dans cette affaire, mais \u00e9voque des contrats r\u00e9dig\u00e9s en ukrainien pour trois ans au lieu de six mois, ainsi que des conditions tr\u00e8s dures sur le terrain qui pousseraient ces deux Guyanais, comme beaucoup sur le front, \u00e0 tenter de fuir.<\/p>\n<p>Des promesses illusoires et des conditions extr\u00eames<\/p>\n<p class=\"svelte-qfpp5o\">\u00ab Il y a des recrutements qui se font sur les r\u00e9seaux sociaux pour envoyer notre jeunesse, parfois m\u00eame des moins jeunes, sur le front \u00e0 coups de promesses, d&rsquo;argent et d&rsquo;autres avantages suppos\u00e9s. Mais une fois que vous arrivez l\u00e0-bas, vous \u00eates dans des conditions extr\u00eames et les promesses faites ne sont pas tenues \u00bb, rappelle le d\u00e9put\u00e9.<\/p>\n<p>Une strat\u00e9gie de recrutement tr\u00e8s active sur les r\u00e9seaux<\/p>\n<p class=\"svelte-qfpp5o\">Sur Internet et les r\u00e9seaux sociaux, le groupe Revanche Internationale d\u00e9ploie sa communication : vid\u00e9os promotionnelles, photos des troupes sur le terrain, \u00e9quipements et actions, afin d\u2019attirer une jeunesse de tous les horizons. Le d\u00e9put\u00e9 a alert\u00e9 la cellule de crise du quai d&rsquo;Orsay ainsi que l&rsquo;ambassade de France \u00e0 Kiev. Les autorit\u00e9s admettent que le traitement des cas de d\u00e9serteurs est extr\u00eamement dur dans ces groupes paramilitaires. Pour Jean-Victor Castor, il est important de parler publiquement du sujet afin de garantir la s\u00e9curit\u00e9 de ces jeunes.<\/p>\n<p>Des d\u00e9marches diplomatiques en cours<\/p>\n<p class=\"svelte-qfpp5o\">\u00ab Les passeports de ces jeunes Guyanais ont \u00e9t\u00e9 confisqu\u00e9s par la hi\u00e9rarchie du groupe paramilitaire, souligne Jean-Victor Castor. Si l&rsquo;ambassade de France confirme une prise de contact avec l&rsquo;un d&rsquo;eux, rien ne permet de garantir qu&rsquo;ils ne seront pas renvoy\u00e9s sur le front, avec les risques que cela comporte. \u00bb Pour l&rsquo;\u00e9lu, une intervention diplomatique \u00e9tait n\u00e9cessaire. L&rsquo;ambassade de France \u00e0 Kiev ayant d\u00e9j\u00e0 pu avoir un contact avec l&rsquo;un de ces deux jeunes Guyanais, les informations sont plut\u00f4t rassurantes sur leur int\u00e9grit\u00e9 physique. Aujourd&rsquo;hui, l&rsquo;objectif est de leur permettre de retourner aupr\u00e8s de leur famille.<\/p>\n<p>Un ph\u00e9nom\u00e8ne loin d\u2019\u00eatre isol\u00e9<\/p>\n<p class=\"svelte-qfpp5o\">Ces cas ne sont pas isol\u00e9s : les dossiers de jeunes Fran\u00e7ais tentant de quitter l&rsquo;Ukraine et ces combats se multiplient, selon la diplomatie fran\u00e7aise. L&rsquo;enjeu est vital pour le pays, qui s&rsquo;essouffle et manque d&rsquo;hommes pour poursuivre les combats, alors que ses alli\u00e9s ne peuvent engager de troupes sur le terrain.<\/p>\n","protected":false},"excerpt":{"rendered":"Deux jeunes Guyanais payent aujourd\u2019hui le prix fort pour avoir r\u00e9pondu \u00e0 un appel sur les r\u00e9seaux sociaux.&hellip;\n","protected":false},"author":2,"featured_media":652786,"comment_status":"","ping_status":"","sticky":false,"template":"","format":"standard","meta":{"footnotes":""},"categories":[1590],"tags":[11,1777,674,12,220],"class_list":{"0":"post-652785","1":"post","2":"type-post","3":"status-publish","4":"format-standard","5":"has-post-thumbnail","7":"category-ukraine","8":"tag-actualites","9":"tag-eu","10":"tag-europe","11":"tag-news","12":"tag-ukraine"},"share_on_mastodon":{"url":"https:\/\/pubeurope.com\/@fr\/115867826502933317","error":""},"_links":{"self":[{"href":"https:\/\/www.europesays.com\/fr\/wp-json\/wp\/v2\/posts\/652785","targetHints":{"allow":["GET"]}}],"collection":[{"href":"https:\/\/www.europesays.com\/fr\/wp-json\/wp\/v2\/posts"}],"about":[{"href":"https:\/\/www.europesays.com\/fr\/wp-json\/wp\/v2\/types\/post"}],"author":[{"embeddable":true,"href":"https:\/\/www.europesays.com\/fr\/wp-json\/wp\/v2\/users\/2"}],"replies":[{"embeddable":true,"href":"https:\/\/www.europesays.com\/fr\/wp-json\/wp\/v2\/comments?post=652785"}],"version-history":[{"count":0,"href":"https:\/\/www.europesays.com\/fr\/wp-json\/wp\/v2\/posts\/652785\/revisions"}],"wp:featuredmedia":[{"embeddable":true,"href":"https:\/\/www.europesays.com\/fr\/wp-json\/wp\/v2\/media\/652786"}],"wp:attachment":[{"href":"https:\/\/www.europesays.com\/fr\/wp-json\/wp\/v2\/media?parent=652785"}],"wp:term":[{"taxonomy":"category","embeddable":true,"href":"https:\/\/www.europesays.com\/fr\/wp-json\/wp\/v2\/categories?post=652785"},{"taxonomy":"post_tag","embeddable":true,"href":"https:\/\/www.europesays.com\/fr\/wp-json\/wp\/v2\/tags?post=652785"}],"curies":[{"name":"wp","href":"https:\/\/api.w.org\/{rel}","templated":true}]}}