{"id":652787,"date":"2026-01-09T23:51:18","date_gmt":"2026-01-09T23:51:18","guid":{"rendered":"https:\/\/www.europesays.com\/fr\/652787\/"},"modified":"2026-01-09T23:51:18","modified_gmt":"2026-01-09T23:51:18","slug":"un-quadragenaire-arrete-aux-etats-unis-et-ecroue-en-france-pour-pedopornographie","status":"publish","type":"post","link":"https:\/\/www.europesays.com\/fr\/652787\/","title":{"rendered":"Un quadrag\u00e9naire arr\u00eat\u00e9 aux \u00c9tats-Unis et \u00e9crou\u00e9 en France pour p\u00e9dopornographie"},"content":{"rendered":"<p class=\"paragraph text_align_left lp-f-body-02\">Il avait \u00e9t\u00e9 arr\u00eat\u00e9 mercredi aux \u00c9tats-Unis en possession de <a href=\"https:\/\/www.leparisien.fr\/faits-divers\/pedopornographie-95-interpellations-en-france-apres-le-demantelement-dun-important-reseau-international-19-12-2024-LK275HOCXRB2LERJ4WMBOMZMSA.php\" target=\"_self\" rel=\"noopener\">contenus p\u00e9dopornographiques<\/a>. Un Fran\u00e7ais \u00e2g\u00e9 de 40 ans a \u00e9t\u00e9 remis vendredi \u00e0 la France, o\u00f9 il a \u00e9t\u00e9 mis en examen et \u00e9crou\u00e9 vendredi, a-t-on appris aupr\u00e8s du parquet de Poitiers et d\u2019une source polici\u00e8re.<\/p>\n<p class=\"\">Le quadrag\u00e9naire a \u00e9t\u00e9 mis en examen pour \u00ab d\u00e9tention, importation et captation d\u2019images de mineur pr\u00e9sentant un caract\u00e8re pornographique \u00bb, a d\u00e9clar\u00e9 dans un communiqu\u00e9 Rachel Bray, procureure de la R\u00e9publique \u00e0 Poitiers. Dans la foul\u00e9e, il a \u00e9t\u00e9 plac\u00e9 en d\u00e9tention provisoire conform\u00e9ment aux r\u00e9quisitions du parquet.<\/p>\n<p>Information judiciaire ouverte<\/p>\n<p class=\"\">Cet individu, n\u00e9 en 1985 et d\u00e9j\u00e0 connu de la justice fran\u00e7aise pour des faits similaires, avait \u00e9t\u00e9 arr\u00eat\u00e9 mercredi soir par les autorit\u00e9s am\u00e9ricaines en possession d\u2019une \u00ab importante quantit\u00e9 \u00bb d\u2019images \u00e0 caract\u00e8re p\u00e9dopornographique, selon une source polici\u00e8re.<\/p>\n<p class=\"\">Apr\u00e8s son d\u00e9barquement \u00e0 l\u2019a\u00e9roport Paris-Charles-de-Gaulle, \u00e0 Roissy, il avait \u00e9t\u00e9 plac\u00e9 en garde \u00e0 vue. \u00ab En raison du domicile du mis en cause \u00bb, le parquet de Bobigny s\u2019est dessaisi au profit du parquet de Poitiers, a pr\u00e9cis\u00e9 la procureure, qui a ouvert une information judiciaire.<\/p>\n<p class=\"lp-card-podcast-highlighting__title  lp-f-subtitle-05\">Affaire Saizelet\u00a0: un meurtre inspir\u00e9 par la s\u00e9rie \u00ab\u00a0Columbo\u00a0\u00bb<\/p>\n<p><a class=\"lp-card-podcast-highlighting__call-to-action\" data-page-type=\"HP\" data-block-name=\"podcast-highlight\">\u00c9couter<\/a><\/p>\n<p class=\"\">Les investigations ont \u00e9t\u00e9 confi\u00e9es aux gendarmes de la Brigade de recherche de Poitiers et de la Section de recherche de la Vienne.<\/p>\n","protected":false},"excerpt":{"rendered":"Il avait \u00e9t\u00e9 arr\u00eat\u00e9 mercredi aux \u00c9tats-Unis en possession de contenus p\u00e9dopornographiques. Un Fran\u00e7ais \u00e2g\u00e9 de 40 ans&hellip;\n","protected":false},"author":2,"featured_media":652788,"comment_status":"","ping_status":"","sticky":false,"template":"","format":"standard","meta":{"footnotes":""},"categories":[1589],"tags":[11,73,1866,118,12,1864,1865,1863,308],"class_list":{"0":"post-652787","1":"post","2":"type-post","3":"status-publish","4":"format-standard","5":"has-post-thumbnail","7":"category-etats-unis","8":"tag-actualites","9":"tag-etats-unis","10":"tag-etats-unis-damerique","11":"tag-faits-divers","12":"tag-news","13":"tag-united-states","14":"tag-united-states-of-america","15":"tag-us","16":"tag-usa"},"share_on_mastodon":{"url":"https:\/\/pubeurope.com\/@fr\/115867830511866038","error":""},"_links":{"self":[{"href":"https:\/\/www.europesays.com\/fr\/wp-json\/wp\/v2\/posts\/652787","targetHints":{"allow":["GET"]}}],"collection":[{"href":"https:\/\/www.europesays.com\/fr\/wp-json\/wp\/v2\/posts"}],"about":[{"href":"https:\/\/www.europesays.com\/fr\/wp-json\/wp\/v2\/types\/post"}],"author":[{"embeddable":true,"href":"https:\/\/www.europesays.com\/fr\/wp-json\/wp\/v2\/users\/2"}],"replies":[{"embeddable":true,"href":"https:\/\/www.europesays.com\/fr\/wp-json\/wp\/v2\/comments?post=652787"}],"version-history":[{"count":0,"href":"https:\/\/www.europesays.com\/fr\/wp-json\/wp\/v2\/posts\/652787\/revisions"}],"wp:featuredmedia":[{"embeddable":true,"href":"https:\/\/www.europesays.com\/fr\/wp-json\/wp\/v2\/media\/652788"}],"wp:attachment":[{"href":"https:\/\/www.europesays.com\/fr\/wp-json\/wp\/v2\/media?parent=652787"}],"wp:term":[{"taxonomy":"category","embeddable":true,"href":"https:\/\/www.europesays.com\/fr\/wp-json\/wp\/v2\/categories?post=652787"},{"taxonomy":"post_tag","embeddable":true,"href":"https:\/\/www.europesays.com\/fr\/wp-json\/wp\/v2\/tags?post=652787"}],"curies":[{"name":"wp","href":"https:\/\/api.w.org\/{rel}","templated":true}]}}