{"id":652790,"date":"2026-01-09T23:53:16","date_gmt":"2026-01-09T23:53:16","guid":{"rendered":"https:\/\/www.europesays.com\/fr\/652790\/"},"modified":"2026-01-09T23:53:16","modified_gmt":"2026-01-09T23:53:16","slug":"les-indoor-red-lions-prives-du-dernier-carre-de-leuro-apres-la-raclee-infligee-par-lallemagne","status":"publish","type":"post","link":"https:\/\/www.europesays.com\/fr\/652790\/","title":{"rendered":"Les Indoor Red Lions priv\u00e9s du dernier carr\u00e9 de l&rsquo;Euro apr\u00e8s la racl\u00e9e inflig\u00e9e par l&rsquo;Allemagne"},"content":{"rendered":"<p>Avec 3 points et un match encore \u00e0 jouer dans le groupe B, les Indoor Red Lions ne peuvent plus rattraper l&rsquo;Allemagne et l&rsquo;Espagne qui comptent tous deux 9 unit\u00e9s. Apr\u00e8s leur dernier match de poule de samedi matin contre la Suisse avec comme enjeu la 3e place du groupe, ils disputeront les matchs de classement pour les places 5 \u00e0 8.<\/p>\n<p>Pour avoir encore une chance de se hisser dans le dernier carr\u00e9, les joueurs de <strong>Maxime Bergez <\/strong>devaient prendre la mesure des champions du monde et d&rsquo;Europe en titre, mais ils n&rsquo;ont jamais pu mettre la 2e nation mondiale en difficult\u00e9.\u00a0 Les Allemands menaient d\u00e9j\u00e0 5-1 au repos.<\/p>\n<p>Aux buts de Sten Brandenstein (5e), Nicolas Proske (8e et 12e pc), Luca Grossmann (9e) et Nik Kerner (11e pc), seul Philippe Simar a pu r\u00e9pondre sur pc (19e pc) juste avant le repos.\u00a0 En seconde p\u00e9riode Anton P\u00f6hling (23e et 33e), Dieter Linnekogel (27e), Proske (28e, 30e pc et 34e), Brandenstein (35e) et Anton Boeckel (38e pc) ont encore sal\u00e9 l&rsquo;addition. Entre temps Tom Degroote avait sign\u00e9 le 2e but belge sur stroke (35e).<\/p>\n<p>Au classement, l&rsquo;Allemagne m\u00e8ne le groupe B avec 9 points, devant l&rsquo;Espagne (9), la Suisse (3), la Belgique (3) et l&rsquo;Irlande (0). Dans le groupe A, l&rsquo;Autriche est en t\u00eate avec 7 points, devant la Pologne (6), la R\u00e9publique tch\u00e8que (6), le Portugal (3) et la Turquie (1).\u00a0 Les deux premi\u00e8res \u00e9quipes de chaque groupe disputent samedi soir les demi-finales, alors que les rencontres de classement sont programm\u00e9es samedi et dimanche.<\/p>\n","protected":false},"excerpt":{"rendered":"Avec 3 points et un match encore \u00e0 jouer dans le groupe B, les Indoor Red Lions ne&hellip;\n","protected":false},"author":2,"featured_media":652791,"comment_status":"","ping_status":"","sticky":false,"template":"","format":"standard","meta":{"footnotes":""},"categories":[1587],"tags":[11,672,1804,1805,1803,1777,674,1801,12,1802],"class_list":{"0":"post-652790","1":"post","2":"type-post","3":"status-publish","4":"format-standard","5":"has-post-thumbnail","7":"category-allemagne","8":"tag-actualites","9":"tag-allemagne","10":"tag-bundesrepublik-deutschland","11":"tag-de","12":"tag-deutschland","13":"tag-eu","14":"tag-europe","15":"tag-germany","16":"tag-news","17":"tag-republique-federale-dallemagne"},"share_on_mastodon":{"url":"https:\/\/pubeurope.com\/@fr\/115867838275370808","error":""},"_links":{"self":[{"href":"https:\/\/www.europesays.com\/fr\/wp-json\/wp\/v2\/posts\/652790","targetHints":{"allow":["GET"]}}],"collection":[{"href":"https:\/\/www.europesays.com\/fr\/wp-json\/wp\/v2\/posts"}],"about":[{"href":"https:\/\/www.europesays.com\/fr\/wp-json\/wp\/v2\/types\/post"}],"author":[{"embeddable":true,"href":"https:\/\/www.europesays.com\/fr\/wp-json\/wp\/v2\/users\/2"}],"replies":[{"embeddable":true,"href":"https:\/\/www.europesays.com\/fr\/wp-json\/wp\/v2\/comments?post=652790"}],"version-history":[{"count":0,"href":"https:\/\/www.europesays.com\/fr\/wp-json\/wp\/v2\/posts\/652790\/revisions"}],"wp:featuredmedia":[{"embeddable":true,"href":"https:\/\/www.europesays.com\/fr\/wp-json\/wp\/v2\/media\/652791"}],"wp:attachment":[{"href":"https:\/\/www.europesays.com\/fr\/wp-json\/wp\/v2\/media?parent=652790"}],"wp:term":[{"taxonomy":"category","embeddable":true,"href":"https:\/\/www.europesays.com\/fr\/wp-json\/wp\/v2\/categories?post=652790"},{"taxonomy":"post_tag","embeddable":true,"href":"https:\/\/www.europesays.com\/fr\/wp-json\/wp\/v2\/tags?post=652790"}],"curies":[{"name":"wp","href":"https:\/\/api.w.org\/{rel}","templated":true}]}}