{"id":652809,"date":"2026-01-10T00:06:11","date_gmt":"2026-01-10T00:06:11","guid":{"rendered":"https:\/\/www.europesays.com\/fr\/652809\/"},"modified":"2026-01-10T00:06:11","modified_gmt":"2026-01-10T00:06:11","slug":"je-nai-plus-le-niveau-cest-mon-dernier-championnat-de-france-ancien-grand-espoir-du-cyclo-cross-mondial-mickael-crispin-va-mettre-un-terme-a-sa-car","status":"publish","type":"post","link":"https:\/\/www.europesays.com\/fr\/652809\/","title":{"rendered":"\u00ab\u00a0Je n\u2019ai plus le niveau, c\u2019est mon dernier championnat de France\u2026\u00a0\u00bb Ancien grand espoir du cyclo-cross mondial, Micka\u00ebl Crispin va mettre un terme \u00e0 sa carri\u00e8re"},"content":{"rendered":"<p>Vous faites partie des engag\u00e9s de derni\u00e8res minutes des championnats de France \u00e0 Troyes\u2026<\/p>\n<p>Oui, je ne devais pas les faire mais finalement, je serai bien au d\u00e9part dimanche. Ce sera d\u2019ailleurs mon dernier championnat de France dans la mesure o\u00f9 j\u2019ai r\u00e9cemment pris la d\u00e9cision d\u2019arr\u00eater le v\u00e9lo. Je vais tourner la page. Il me restera ensuite trois cyclo-cross en Belgique et ce sera termin\u00e9.<\/p>\n<p>Qu\u2019attendez-vous de ces championnats de France ?<\/p>\n<p>Je n\u2019en attends pas grand-chose. Je n\u2019ai plus le niveau\u2026 Comme je n\u2019ai plus beaucoup le temps de m\u2019entra\u00eener, je prends de moins en moins de plaisir sur le v\u00e9lo. J\u2019ai eu un tr\u00e8s bon niveau, c\u2019est difficile d\u2019accepter d\u2019avoir ce niveau-l\u00e0 d\u00e9sormais\u2026<\/p>\n<p>Vous n\u2019avez pas beaucoup couru cet hiver vous n\u2019avez disput\u00e9 qu\u2019un seul cyclo-cross en France. Pourquoi ?<\/p>\n<p>Il y a des priorit\u00e9s dans la vie. Il y a la famille (il est papa d\u2019une petite fille d\u2019un an et demi) et le travail (il est \u00e0 son compte, il fait du nettoyage de voiture et de la m\u00e9canique). Ce sont mes priorit\u00e9s. Je ne gagne pas ma vie avec le v\u00e9lo.<\/p>\n<p>Vous aviez pourtant sign\u00e9 dans une \u00e9quipe slovaque UCI (Bruvo Dukla Bratislava) en d\u00e9but de saison\u2026<\/p>\n<p>Comme ma femme est slovaque, cela s\u2019\u00e9tait fait assez naturellement. J\u2019ai pas mal couru en Slovaquie et en R\u00e9publique tch\u00e8que en d\u00e9but de saison mais le travail a pris le dessus. Je n\u2019ai pas fait de r\u00e9sultat. Pour \u00eatre performant, il faut beaucoup s\u2019entra\u00eener et je l\u2019ai dit, je n\u2019ai pas le niveau. C\u2019est comme \u00e7a, c\u2019est le v\u00e9lo\u2026<\/p>\n<p>Ressentez-vous un pincement au c\u0153ur avant de raccrocher\u2026<\/p>\n<p>Oui, forc\u00e9ment, \u00e7a fait quelque chose. C\u2019est un moment difficile. Je suis jeune, j\u2019aurais aim\u00e9 continuer encore un peu et avoir un bon niveau. Encore une fois, je n\u2019ai pas vraiment de regret. Je suis heureux, je me plais bien ici dans les Vosges (il r\u00e9side \u00e0 M\u00e9lisey, la m\u00eame commune que Thibaut Pinot).<\/p>\n<p>Vous avez \u00e9t\u00e9 sacr\u00e9 champion d\u2019Europe chez les espoirs en 2019, vice-champion du monde chez les juniors en 2016, champion de France chez les cadets. Pourquoi n\u2019avez-vous pas confirm\u00e9 chez les \u00e9lites ?<\/p>\n<p>Je ne sais m\u00eame pas quoi r\u00e9pondre\u2026 Quand je vois les r\u00e9sultats que j\u2019ai obtenus chez les jeunes, j\u2019aurais aim\u00e9 devenir un coureur professionnel, gagner ma vie avec le v\u00e9lo. Tout ne se passe pas toujours comme on l\u2019esp\u00e8re. Une carri\u00e8re n\u2019est jamais simple, il y a des circonstances qui font que\u2026<\/p>\n","protected":false},"excerpt":{"rendered":"Vous faites partie des engag\u00e9s de derni\u00e8res minutes des championnats de France \u00e0 Troyes\u2026 Oui, je ne devais&hellip;\n","protected":false},"author":2,"featured_media":652810,"comment_status":"","ping_status":"","sticky":false,"template":"","format":"standard","meta":{"footnotes":""},"categories":[1411],"tags":[1154,207,6159,59294,3166,1011,27,53183,60],"class_list":{"0":"post-652809","1":"post","2":"type-post","3":"status-publish","4":"format-standard","5":"has-post-thumbnail","7":"category-cyclisme","8":"tag-cycling","9":"tag-cyclisme","10":"tag-cyclisme-amateurs","11":"tag-cyclo-cross","12":"tag-en-continu-sports","13":"tag-fr","14":"tag-france","15":"tag-milizac-guipronvel","16":"tag-sports"},"share_on_mastodon":{"url":"https:\/\/pubeurope.com\/@fr\/115867889474119343","error":""},"_links":{"self":[{"href":"https:\/\/www.europesays.com\/fr\/wp-json\/wp\/v2\/posts\/652809","targetHints":{"allow":["GET"]}}],"collection":[{"href":"https:\/\/www.europesays.com\/fr\/wp-json\/wp\/v2\/posts"}],"about":[{"href":"https:\/\/www.europesays.com\/fr\/wp-json\/wp\/v2\/types\/post"}],"author":[{"embeddable":true,"href":"https:\/\/www.europesays.com\/fr\/wp-json\/wp\/v2\/users\/2"}],"replies":[{"embeddable":true,"href":"https:\/\/www.europesays.com\/fr\/wp-json\/wp\/v2\/comments?post=652809"}],"version-history":[{"count":0,"href":"https:\/\/www.europesays.com\/fr\/wp-json\/wp\/v2\/posts\/652809\/revisions"}],"wp:featuredmedia":[{"embeddable":true,"href":"https:\/\/www.europesays.com\/fr\/wp-json\/wp\/v2\/media\/652810"}],"wp:attachment":[{"href":"https:\/\/www.europesays.com\/fr\/wp-json\/wp\/v2\/media?parent=652809"}],"wp:term":[{"taxonomy":"category","embeddable":true,"href":"https:\/\/www.europesays.com\/fr\/wp-json\/wp\/v2\/categories?post=652809"},{"taxonomy":"post_tag","embeddable":true,"href":"https:\/\/www.europesays.com\/fr\/wp-json\/wp\/v2\/tags?post=652809"}],"curies":[{"name":"wp","href":"https:\/\/api.w.org\/{rel}","templated":true}]}}