{"id":652817,"date":"2026-01-10T00:11:09","date_gmt":"2026-01-10T00:11:09","guid":{"rendered":"https:\/\/www.europesays.com\/fr\/652817\/"},"modified":"2026-01-10T00:11:09","modified_gmt":"2026-01-10T00:11:09","slug":"dou-vient-ce-visage-familier-retour-sur-la-carriere-de-piper-perabo-star-de-yellowstone","status":"publish","type":"post","link":"https:\/\/www.europesays.com\/fr\/652817\/","title":{"rendered":"D\u2019o\u00f9 vient ce visage familier ? Retour sur la carri\u00e8re de Piper Perabo, star de Yellowstone"},"content":{"rendered":"<p class=\"chapo\">L\u2019actrice Piper Perabo, qui brille dans la s\u00e9rie \u00e0 succ\u00e8s Yellowstone, poss\u00e8de un visage familier pour de nombreux t\u00e9l\u00e9spectateurs. Son parcours \u00e9clectique au cin\u00e9ma et \u00e0 la t\u00e9l\u00e9vision explique cette impression de d\u00e9j\u00e0-vu.<\/p>\n<p>Tl;dr<\/p>\n<ul>\n<li>Piper Perabo, actrice cl\u00e9 de \u00ab Yellowstone \u00bb.<\/li>\n<li>R\u00e9v\u00e9l\u00e9e par \u00ab Coyote Ugly \u00bb, r\u00f4les marquants TV et cin\u00e9.<\/li>\n<li>Apparition r\u00e9cente remarqu\u00e9e dans \u00ab Grey\u2019s Anatomy \u00bb.<\/li>\n<\/ul>\n<p>Parcours singulier d\u2019une actrice polyvalente<\/p>\n<p>Impossible d\u2019ignorer la pr\u00e9sence de <strong>Piper Perabo<\/strong> dans l\u2019univers t\u00e9l\u00e9visuel contemporain. Les fans de la s\u00e9rie ph\u00e9nom\u00e8ne <strong>\u00ab <a href=\"https:\/\/www.begeek.fr\/taylor-sheridan-larchitecte-des-succes-televises-424889\" target=\"_blank\" rel=\"noopener\">Yellowstone<\/a> \u00bb<\/strong>, sign\u00e9e Taylor Sheridan, la connaissent sous les traits de Summer Higgins, militante \u00e9cologiste venue troubler la vie des Dutton lors des saisons quatre et cinq. Face \u00e0 Kevin Costner et une galerie de personnages hauts en couleur, elle impose une \u00e9nergie singuli\u00e8re, oscillant entre confrontation et romance discr\u00e8te avec le patriarche du clan.<\/p>\n<p>D\u2019un bar mythique \u00e0 la magie du cin\u00e9ma<\/p>\n<p>Pourtant, bien avant ces \u00e9pisodes mouvement\u00e9s au Montana, c\u2019est dans l\u2019effervescence new-yorkaise de <strong>\u00ab Coyote Ugly \u00bb<\/strong> que l\u2019actrice s\u2019est r\u00e9v\u00e9l\u00e9e. En 2000, elle campe la jeune Violet Sanford, d\u00e9barquant de sa petite ville pour conqu\u00e9rir Manhattan et se r\u00eaver chanteuse, avant d\u2019int\u00e9grer le staff explosif du c\u00e9l\u00e8bre bar o\u00f9 les serveuses dansent sur le comptoir. L\u2019ambiance survolt\u00e9e du film \u2013 renforc\u00e9e par des seconds r\u00f4les comme ceux de Maria Bello, John Goodman, ou encore Tyra Banks \u2013 lui offre un tremplin durable.<\/p>\n<p>Mais sa filmographie ne s\u2019arr\u00eate pas l\u00e0. Elle pr\u00eate \u00e9galement son talent \u00e0 des \u0153uvres notables : on l\u2019aper\u00e7oit ainsi dans le monde fascinant des magiciens orchestr\u00e9 par Christopher Nolan avec <strong>\u00ab The Prestige \u00bb<\/strong>. Elle y incarne Julia McCullough, figure tragique dont le destin bouleverse profond\u00e9ment la rivalit\u00e9 entre les personnages incarn\u00e9s par Hugh Jackman et Christian Bale. Plus tard, elle s\u2019invite dans l\u2019univers dystopique de Rian Johnson avec <strong>\u00ab Looper \u00bb<\/strong>, donnant la r\u00e9plique \u00e0 Joseph Gordon-Levitt et Bruce Willis. \u00c0 chaque apparition, Perabo s\u2019impose comme un visage familier, sans jamais c\u00e9der \u00e0 la redite.<\/p>\n<p>L\u2019apr\u00e8s-cin\u00e9ma : une h\u00e9ro\u00efne du petit \u00e9cran<\/p>\n<p>Difficile d\u2019oublier sa perc\u00e9e dans l\u2019espionnage l\u00e9ger mais rythm\u00e9 de la s\u00e9rie am\u00e9ricaine <strong>Covert Affairs<\/strong>. Sur USA Network, elle se glisse pendant cinq saisons dans la peau d\u2019<strong>Annie Walker<\/strong>, jeune agente propuls\u00e9e au rang d\u2019op\u00e9ratrice de terrain \u00e0 la CIA malgr\u00e9 son inexp\u00e9rience \u2014 mais sa ma\u00eetrise impressionnante des langues compense largement ce manque. Aux c\u00f4t\u00e9s de partenaires comme Christopher Gorham, elle contribue \u00e0 installer ce show parmi les incontournables du d\u00e9but des ann\u00e9es 2010.<\/p>\n<p>\u00c0 travers ce parcours diversifi\u00e9 \u2013 citons aussi ses passages remarqu\u00e9s dans \u00ab House \u00bb, \u00ab Law &amp; Order: Criminal Intent \u00bb, ou encore \u00ab Cheaper by the Dozen \u00bb \u2013, Piper Perabo illustre parfaitement l\u2019agilit\u00e9 n\u00e9cessaire pour durer sur plusieurs fronts.<\/p>\n<p>Nouveaux d\u00e9fis chez les m\u00e9decins stars de Seattle<\/p>\n<p>Plus r\u00e9cemment encore, c\u2019est au c\u0153ur du Seattle fictif de <a href=\"https:\/\/www.begeek.fr\/greys-anatomy-lhomme-qui-change-tout-pour-meredith-a-la-fin-de-la-serie-420038\" target=\"_blank\" rel=\"noopener\"><strong>Grey\u2019s Anatomy<\/strong><\/a>, lors de sa 21e saison (2024-2025), que l\u2019on retrouve l\u2019actrice. Sous les traits de Jenna Gatlin \u2013 m\u00e8re boulevers\u00e9e pr\u00eate \u00e0 tout pour sauver sa fille \u2013 elle plonge au c\u0153ur d\u2019une intrigue tendue o\u00f9 tensions et \u00e9motions fortes s\u2019entrem\u00ealent jusqu\u2019\u00e0 menacer patients\u2026 et m\u00e9decins. Un r\u00f4le court mais marquant qui atteste d\u2019une chose : d\u00e9cid\u00e9ment, Piper Perabo n\u2019a pas fini d\u2019\u00e9tonner.<br \/>Pour ceux d\u00e9sireux de prolonger l\u2019exp\u00e9rience, \u00ab Yellowstone \u00bb reste disponible sur Paramount+.<\/p>\n","protected":false},"excerpt":{"rendered":"L\u2019actrice Piper Perabo, qui brille dans la s\u00e9rie \u00e0 succ\u00e8s Yellowstone, poss\u00e8de un visage familier pour de nombreux&hellip;\n","protected":false},"author":2,"featured_media":652818,"comment_status":"","ping_status":"","sticky":false,"template":"","format":"standard","meta":{"footnotes":""},"categories":[1356],"tags":[58,59,1011,27,252,1364],"class_list":{"0":"post-652817","1":"post","2":"type-post","3":"status-publish","4":"format-standard","5":"has-post-thumbnail","7":"category-television","8":"tag-divertissement","9":"tag-entertainment","10":"tag-fr","11":"tag-france","12":"tag-television","13":"tag-tv"},"share_on_mastodon":{"url":"https:\/\/pubeurope.com\/@fr\/115867909108582441","error":""},"_links":{"self":[{"href":"https:\/\/www.europesays.com\/fr\/wp-json\/wp\/v2\/posts\/652817","targetHints":{"allow":["GET"]}}],"collection":[{"href":"https:\/\/www.europesays.com\/fr\/wp-json\/wp\/v2\/posts"}],"about":[{"href":"https:\/\/www.europesays.com\/fr\/wp-json\/wp\/v2\/types\/post"}],"author":[{"embeddable":true,"href":"https:\/\/www.europesays.com\/fr\/wp-json\/wp\/v2\/users\/2"}],"replies":[{"embeddable":true,"href":"https:\/\/www.europesays.com\/fr\/wp-json\/wp\/v2\/comments?post=652817"}],"version-history":[{"count":0,"href":"https:\/\/www.europesays.com\/fr\/wp-json\/wp\/v2\/posts\/652817\/revisions"}],"wp:featuredmedia":[{"embeddable":true,"href":"https:\/\/www.europesays.com\/fr\/wp-json\/wp\/v2\/media\/652818"}],"wp:attachment":[{"href":"https:\/\/www.europesays.com\/fr\/wp-json\/wp\/v2\/media?parent=652817"}],"wp:term":[{"taxonomy":"category","embeddable":true,"href":"https:\/\/www.europesays.com\/fr\/wp-json\/wp\/v2\/categories?post=652817"},{"taxonomy":"post_tag","embeddable":true,"href":"https:\/\/www.europesays.com\/fr\/wp-json\/wp\/v2\/tags?post=652817"}],"curies":[{"name":"wp","href":"https:\/\/api.w.org\/{rel}","templated":true}]}}