{"id":652819,"date":"2026-01-10T00:12:09","date_gmt":"2026-01-10T00:12:09","guid":{"rendered":"https:\/\/www.europesays.com\/fr\/652819\/"},"modified":"2026-01-10T00:12:09","modified_gmt":"2026-01-10T00:12:09","slug":"ael-la-fille-de-florent-pagny-a-le-coeur-lourd-face-a-ce-qui-se-passe-dans-ce-pays-loin-de-la-france-que-son-clan-aime-tant-purepeople","status":"publish","type":"post","link":"https:\/\/www.europesays.com\/fr\/652819\/","title":{"rendered":"A\u00ebl, la fille de Florent Pagny, a le coeur lourd face \u00e0 ce qui se passe dans ce pays loin de la France que son clan aime tant &#8211; Purepeople"},"content":{"rendered":"<ol>\n<li><a href=\"https:\/\/news.google.com\/rss\/articles\/CBMi_AFBVV95cUxPRUdOdW1Cb1F2azVET0l4R1hUYW93X1NaMk8wSW90bUhqSUhuWHh3RGFXWlppcXZoZlo5ZV9odm9RZWJ4R0k1SENXaWZ5MktvTFlmODBWanlfZHRwdFJHcVdjMnVVdi1LVWMyTlhWZ2RGSGZfbG5yUWpFT3FZRng1OENmWXdGbkU5MXR2bXNPaEFhd2RIUVhWMWRrZ0F3Q0wwVDk4Y3VKSkRvejRfdU9Ua0RKQ0J2Zmw5czZyWmtPaDE5cExiUWhBbE1XQVprdERRZVRzZ2d0VWxFQ3puaDVNOUNSa24yQjRyZ0RLTjdJYkJFc214aXpUV2JQVXQ?oc=5\" target=\"_blank\" rel=\"noopener\">A\u00ebl, la fille de Florent Pagny, a le coeur lourd face \u00e0 ce qui se passe dans ce pays loin de la France que son clan aime tant<\/a>&nbsp;&nbsp;Purepeople<\/li>\n<li><a href=\"https:\/\/news.google.com\/rss\/articles\/CBMitAFBVV95cUxQRjZWRXYzc2JsUmZXS256TGsxYmVkVkFxQTY5ZFYxOXFKQTVCbjJyNTZDenRTaVJ1TXBlTFUxa0hGLXRJaWlkOW8tbmdiemtJZEItQnNOX2JuOENXbV8xOUpiRUpnZ0pYNVRPdHVISU1EcTFvWHdrdmFRN2l3bzdtN0J6QTVJVndwTElxclNmUkM2czNOdEh4WmxYa19fMTg5RHNJNHFNMFIzeVk5WENvY0g3OFo?oc=5\" target=\"_blank\" rel=\"noopener\">En Patagonie, les pires feux de for\u00eats depuis des d\u00e9cennies<\/a>&nbsp;&nbsp;Info-Chalon.com<\/li>\n<li><a href=\"https:\/\/news.google.com\/rss\/articles\/CBMijwJBVV95cUxPUTVZRXFpWVZVLUp3X2VSR0RmNG1rN3V2cUZtcExDMEJXQVJtdXRMTjNvR3locndrdFFZSnp3SENFZzdVaGQxMXFPYVotdWxfekQwRlJNNTNuc0pZM084eHMtOFJ2VW9ENTlpYm1DOXVnaGw1MFVyRnZrLXBvYVpVdW0wNFEtWHUxVlBkaW00eWFab3plZ2Q1RU9Rc3BubmNmSGo2SVV0Y2NScEU5ckxVLXVvRmNQZnpQZ0VEVVROZElxVk92cFdtVHFweGNHckFIb2ZSZXJXTmxnaUdKUTZ6MVMya19oUy0xUXFvVFM0OXNzcjkwQXZocjdtSlR2cXN2aTd1N05WV3RDN2g4bkdF?oc=5\" target=\"_blank\" rel=\"noopener\">La Patagonie ravag\u00e9e par les pires incendies depuis trente ans, des milliers de touristes \u00e9vacu\u00e9s<\/a>&nbsp;&nbsp;Lib\u00e9ration<\/li>\n<li><a href=\"https:\/\/news.google.com\/rss\/articles\/CBMiugFBVV95cUxPNFRLOHFQMlZzRHdERks4RXB1djE0a1dKdFRVNGdnT3FqWkxURDlJQXJYV3c5S003bGRVQ3E2X0hlRlNhaEMzTjlDcThWNDhSaGdja01FQkdNcjhfUjMwQlBmN1RUNGZHUEpXMkJzdzZ5bTZNdXFPZU03T2dxbDZMZWZiSFVyWW53djFycGpNUEtYQ3I3Y3k1Q3hOdWMtak9fQTk3dGt2YUs2R1FmbEJCVUlVdE9mRF9oTnc?oc=5\" target=\"_blank\" rel=\"noopener\">Argentine : 3000 touristes \u00e9vacu\u00e9s apr\u00e8s de multiples incendies en Patagonie<\/a>&nbsp;&nbsp;Le Figaro<\/li>\n<li><a href=\"https:\/\/news.google.com\/rss\/articles\/CBMi5wFBVV95cUxONkZ2eHYwQXFKMktvblNPMjNFUXpmbHVZSklSejcyeUJvR2dFRVI1cVJEeGh5N2EyRExlcEFLRUFPX2hoSjFPa0IxMndDbUtWY2tXZkNJSm1abkFNUTVMN3R2THRoQ2gtZzR0TE9VYzdFUVZpTzdQelE5V2dzTTVDLVZXOGdzbmFBZnctdzUtS25ENkM1cjl0MV85dkxYSy0wS3hiMUJZYmc0c3RzdTVfdlY2NE9SY1hhTVhJWUVpZzJfUks3SDNxOTI0X01DZUdySldycUpUdDhVcmhHT3pxRnNFNmF1Zkk?oc=5\" target=\"_blank\" rel=\"noopener\">Patagonie argentine | Au moins 3000 touristes \u00e9vacu\u00e9s en raison de nombreux incendies<\/a>&nbsp;&nbsp;La Presse<\/li>\n<\/ol>\n","protected":false},"excerpt":{"rendered":"A\u00ebl, la fille de Florent Pagny, a le coeur lourd face \u00e0 ce qui se passe dans ce&hellip;\n","protected":false},"author":2,"featured_media":395849,"comment_status":"","ping_status":"","sticky":false,"template":"","format":"standard","meta":{"footnotes":""},"categories":[1355],"tags":[58,59,1011,27,1361,873],"class_list":{"0":"post-652819","1":"post","2":"type-post","3":"status-publish","4":"format-standard","5":"has-post-thumbnail","7":"category-musique","8":"tag-divertissement","9":"tag-entertainment","10":"tag-fr","11":"tag-france","12":"tag-music","13":"tag-musique"},"share_on_mastodon":{"url":"https:\/\/pubeurope.com\/@fr\/115867913001582649","error":""},"_links":{"self":[{"href":"https:\/\/www.europesays.com\/fr\/wp-json\/wp\/v2\/posts\/652819","targetHints":{"allow":["GET"]}}],"collection":[{"href":"https:\/\/www.europesays.com\/fr\/wp-json\/wp\/v2\/posts"}],"about":[{"href":"https:\/\/www.europesays.com\/fr\/wp-json\/wp\/v2\/types\/post"}],"author":[{"embeddable":true,"href":"https:\/\/www.europesays.com\/fr\/wp-json\/wp\/v2\/users\/2"}],"replies":[{"embeddable":true,"href":"https:\/\/www.europesays.com\/fr\/wp-json\/wp\/v2\/comments?post=652819"}],"version-history":[{"count":0,"href":"https:\/\/www.europesays.com\/fr\/wp-json\/wp\/v2\/posts\/652819\/revisions"}],"wp:featuredmedia":[{"embeddable":true,"href":"https:\/\/www.europesays.com\/fr\/wp-json\/wp\/v2\/media\/395849"}],"wp:attachment":[{"href":"https:\/\/www.europesays.com\/fr\/wp-json\/wp\/v2\/media?parent=652819"}],"wp:term":[{"taxonomy":"category","embeddable":true,"href":"https:\/\/www.europesays.com\/fr\/wp-json\/wp\/v2\/categories?post=652819"},{"taxonomy":"post_tag","embeddable":true,"href":"https:\/\/www.europesays.com\/fr\/wp-json\/wp\/v2\/tags?post=652819"}],"curies":[{"name":"wp","href":"https:\/\/api.w.org\/{rel}","templated":true}]}}