{"id":652820,"date":"2026-01-10T00:13:11","date_gmt":"2026-01-10T00:13:11","guid":{"rendered":"https:\/\/www.europesays.com\/fr\/652820\/"},"modified":"2026-01-10T00:13:11","modified_gmt":"2026-01-10T00:13:11","slug":"le-sauvage-en-streaming-france-tv","status":"publish","type":"post","link":"https:\/\/www.europesays.com\/fr\/652820\/","title":{"rendered":"Le sauvage en streaming | France TV"},"content":{"rendered":"<p>Diffus\u00e9 le 09\/01\/2026 \u00e0 21h07 &#8211; Disponible jusqu&rsquo;au 16\/01\/2026<\/p>\n<p>Exc\u00e9d\u00e9 par les compromissions de la vie parisienne, Martin Coutances, c\u00e9l\u00e8bre cr\u00e9ateur de parfums, a volontairement renonc\u00e9 \u00e0 sa confortable existence. Il a pr\u00e9f\u00e9r\u00e9 la vie sauvage et s&rsquo;est retir\u00e9 sur une \u00eele o\u00f9, pour subsister, il cultive des l\u00e9gumes qu&rsquo;il revend \u00e0 Caracas. De passage en ville, il loue pour la nuit une chambre d&rsquo;h\u00f4tel. Alors qu&rsquo;il se repose, une jolie Fran\u00e7aise, Nelly, poursuivie par son fianc\u00e9 qu&rsquo;elle ne d\u00e9sire plus \u00e9pouser, d\u00e9barque dans sa chambre et dans sa vie. Agac\u00e9, Martin s&rsquo;efforce de l&rsquo;en chasser au plus vite, mais la belle a pris go\u00fbt \u00e0 sa compagnie et le suit jusque sur son \u00eele. Pour s&rsquo;assurer que son h\u00f4te involontaire et irascible ne la chassera pas, Nelly a pris la pr\u00e9caution de faire couler son bateau&#8230;<\/p>\n<p>Maison de production :<\/p>\n<p>Lira Films \/ Lira Films \/ Produzioni Artistiche Internazionali \/ Produzioni Artistiche Internazionali \/ Atlas Films<\/p>\n<p>R\u00e9alis\u00e9 par :<\/p>\n<p>Jean-Paul Rappeneau<\/p>\n<p>Avec :<\/p>\n<p>Yves Montand, Catherine Deneuve, Luigi Vannucchi, Tony Roberts, Dana Wynter, Bobo Lewis, Vernon Dobtcheff, Luis Gerardo Tovar<\/p>\n<p>Sc\u00e9naristes :<\/p>\n<p>Jean-Paul Rappeneau, Jean-Loup Dabadie, Elisabeth Rappeneau<\/p>\n","protected":false},"excerpt":{"rendered":"Diffus\u00e9 le 09\/01\/2026 \u00e0 21h07 &#8211; Disponible jusqu&rsquo;au 16\/01\/2026 Exc\u00e9d\u00e9 par les compromissions de la vie parisienne, Martin&hellip;\n","protected":false},"author":2,"featured_media":652821,"comment_status":"","ping_status":"","sticky":false,"template":"","format":"standard","meta":{"footnotes":""},"categories":[1354],"tags":[58,59,1346,1011,27,1360],"class_list":{"0":"post-652820","1":"post","2":"type-post","3":"status-publish","4":"format-standard","5":"has-post-thumbnail","7":"category-films","8":"tag-divertissement","9":"tag-entertainment","10":"tag-films","11":"tag-fr","12":"tag-france","13":"tag-movies"},"share_on_mastodon":{"url":"https:\/\/pubeurope.com\/@fr\/115867916924582218","error":""},"_links":{"self":[{"href":"https:\/\/www.europesays.com\/fr\/wp-json\/wp\/v2\/posts\/652820","targetHints":{"allow":["GET"]}}],"collection":[{"href":"https:\/\/www.europesays.com\/fr\/wp-json\/wp\/v2\/posts"}],"about":[{"href":"https:\/\/www.europesays.com\/fr\/wp-json\/wp\/v2\/types\/post"}],"author":[{"embeddable":true,"href":"https:\/\/www.europesays.com\/fr\/wp-json\/wp\/v2\/users\/2"}],"replies":[{"embeddable":true,"href":"https:\/\/www.europesays.com\/fr\/wp-json\/wp\/v2\/comments?post=652820"}],"version-history":[{"count":0,"href":"https:\/\/www.europesays.com\/fr\/wp-json\/wp\/v2\/posts\/652820\/revisions"}],"wp:featuredmedia":[{"embeddable":true,"href":"https:\/\/www.europesays.com\/fr\/wp-json\/wp\/v2\/media\/652821"}],"wp:attachment":[{"href":"https:\/\/www.europesays.com\/fr\/wp-json\/wp\/v2\/media?parent=652820"}],"wp:term":[{"taxonomy":"category","embeddable":true,"href":"https:\/\/www.europesays.com\/fr\/wp-json\/wp\/v2\/categories?post=652820"},{"taxonomy":"post_tag","embeddable":true,"href":"https:\/\/www.europesays.com\/fr\/wp-json\/wp\/v2\/tags?post=652820"}],"curies":[{"name":"wp","href":"https:\/\/api.w.org\/{rel}","templated":true}]}}