{"id":652822,"date":"2026-01-10T00:14:09","date_gmt":"2026-01-10T00:14:09","guid":{"rendered":"https:\/\/www.europesays.com\/fr\/652822\/"},"modified":"2026-01-10T00:14:09","modified_gmt":"2026-01-10T00:14:09","slug":"attention-a-cette-vaisselle-qui-traine-peut-etre-dans-vos-placards","status":"publish","type":"post","link":"https:\/\/www.europesays.com\/fr\/652822\/","title":{"rendered":"attention \u00e0 cette vaisselle qui tra\u00eene peut-\u00eatre dans vos placards"},"content":{"rendered":"<p>                    Par<br \/>\n        <strong><br \/>\n            <a href=\"https:\/\/actu.fr\/auteur\/redaction-actu\" title=\"Consulter tous les articles de R\u00e9daction Actu\" target=\"_blank\" rel=\"noopener\">R\u00e9daction Actu<\/a><br \/>\n                    <\/strong><\/p>\n<p>        Publi\u00e9 le<\/p>\n<p>            9 janv. 2026 \u00e0 19h06        <\/p>\n<p>Brocantes, vide-greniers\u2026 le march\u00e9 du vintage ne conna\u00eet pas la crise. Mais m\u00e9fiez-vous avant d\u2019acheter ces lots d\u2019assiettes. Elle pourrait bien \u00eatre contamin\u00e9e par des m\u00e9taux lourds.<\/p>\n<p class=\" wall-content\">\u00ab\u00a0Une centaine d\u2019\u00e9chantillons de vaisselle nous sont envoy\u00e9s chaque ann\u00e9e pour analyse,\u00a0expliquent sur le site de 60 Millions de consommateurs, \u00c9ric Swanet, ing\u00e9nieur chimiste et sp\u00e9cialiste en \u00e9maux alimentaires, et sa femme Jo\u00eblle Swanet, professeure de technologie c\u00e9ramique.\u00a0Nous ne pr\u00e9tendons pas que toutes les pi\u00e8ces anciennes sont probl\u00e9matiques, mais une bonne partie le sont.\u00a0\u00bb<\/p>\n<p>Certaines marques particuli\u00e8rement concern\u00e9es<\/p>\n<p class=\" wall-content\">Le risque concerne principalement la vaisselle fabriqu\u00e9e entre le d\u00e9but du XXe si\u00e8cle et 1950. \u00c0 cette \u00e9poque, la cuisson \u00e0 basse temp\u00e9rature de la fa\u00efence n\u00e9cessitait l\u2019utilisation de m\u00e9taux lourds dans les \u00e9maux pour obtenir de belles couleurs vives et durables.<\/p>\n<p class=\" wall-content\">Parmi les substances pr\u00e9occupantes, on trouve le cadmium, reconnu comme canc\u00e9rog\u00e8ne et toxique pour la reproduction, particuli\u00e8rement pr\u00e9sent dans les \u00e9maux de couleur rouge-orang\u00e9. Mais c\u2019est surtout le plomb qui a \u00e9t\u00e9 massivement utilis\u00e9 pour obtenir des couleurs \u00e9clatantes \u00e0 basse temp\u00e9rature.<\/p>\n<blockquote class=\"ac-article-quote wall-content\">\n<p>Contrairement \u00e0 d\u2019autres m\u00e9taux, le plomb ne s\u2019\u00e9puise pas : tant que l\u2019\u00e9mail est pr\u00e9sent, il peut migrer dans les aliments.<\/p>\n<p>    <strong>Jo\u00eblle et \u00c9ric Swanet<\/strong><br \/>\n        respectivement professeure de technologie c\u00e9ramique et ing\u00e9nieur chimiste, sp\u00e9cialiste en \u00e9maux alimentaires    <\/p><\/blockquote>\n<p class=\" wall-content\">Un point crucial \u00e0 comprendre : l\u2019\u00e9tat de la vaisselle, qu\u2019elle soit \u00e9br\u00e9ch\u00e9e, f\u00eal\u00e9e ou en parfait \u00e9tat, ne change rien au ph\u00e9nom\u00e8ne de migration. Les experts affirment avoir suivi plusieurs cas d\u2019intoxications s\u00e9v\u00e8res au plomb li\u00e9es \u00e0 l\u2019utilisation r\u00e9guli\u00e8re de c\u00e9ramiques anciennes.<\/p>\n<p>Votre r\u00e9gion, votre actu !<\/p>\n<p>Recevez chaque jour les infos qui comptent pour vous.<\/p>\n<p>\t<a href=\"https:\/\/actu.fr\/newsletter\" class=\"ac-btn ac-btn--corner ac-btn--medium ac-btn--blue800\" target=\"_blank\" rel=\"noopener\">S&rsquo;incrire<\/a><br \/>\nQue faire de sa vaisselle, alors ?\u00a0<\/p>\n<p class=\" wall-content\">Les experts pointent notamment la marque belge Bosch, bien connue des chineurs et brocanteurs, dont les \u00ab cahiers de laboratoire \u00bb les ont \u00ab effar\u00e9s \u00bb par les niveaux de substances toxiques utilis\u00e9es. Mais de nombreuses autres marques de cette p\u00e9riode sont concern\u00e9es.<\/p>\n<p class=\" wall-content\">Face \u00e0 ces r\u00e9v\u00e9lations, que faire de ces pi\u00e8ces h\u00e9rit\u00e9es ou d\u00e9nich\u00e9es en brocante ? Les recommandations des experts sont claires :<\/p>\n<ul class=\" wall-content\">\n<li>\u00e9vitez d\u2019utiliser cette vaisselle au quotidien pour servir des aliments\u00a0;<\/li>\n<li>m\u00e9fiez-vous particuli\u00e8rement des aliments acides (tomates, citron, vinaigre\u2026) qui favorisent la migration des m\u00e9taux lourds\u00a0;<\/li>\n<li>si vous tenez \u00e0 les utiliser, limitez-vous \u00e0 des usages sans contact prolong\u00e9 avec la nourriture : \u00ab\u00a0vous pouvez \u00e0 la rigueur utiliser pour y d\u00e9poser des fruits que vous allez \u00e9plucher\u00a0\u00bb, sugg\u00e8rent les experts.<\/li>\n<\/ul>\n<p class=\" wall-content\">Avec Destination Sant\u00e9.\u00a0<\/p>\n<p class=\" wall-content\">Personnalisez votre actualit\u00e9 en ajoutant vos villes et m\u00e9dias en favori avec <a href=\"https:\/\/moncompte.actu.fr\" title=\"D\u00e9couvez Mon Actu\" rel=\"nofollow noopener\" data-trk=\"{&quot;cta&quot;:{&quot;action&quot;:&quot;https:\\\/\\\/moncompte.actu.fr&quot;,&quot;category&quot;:&quot;mon compte&quot;,&quot;from&quot;:&quot;article footer&quot;,&quot;name&quot;:&quot;Mon actu&quot;,&quot;type&quot;:&quot;cta&quot;}}\" target=\"_blank\">Mon Actu<\/a>.<\/p>\n","protected":false},"excerpt":{"rendered":"Par R\u00e9daction Actu Publi\u00e9 le 9 janv. 2026 \u00e0 19h06 Brocantes, vide-greniers\u2026 le march\u00e9 du vintage ne conna\u00eet&hellip;\n","protected":false},"author":2,"featured_media":652823,"comment_status":"","ping_status":"","sticky":false,"template":"","format":"standard","meta":{"footnotes":""},"categories":[10],"tags":[1011,27,72,71,104],"class_list":{"0":"post-652822","1":"post","2":"type-post","3":"status-publish","4":"format-standard","5":"has-post-thumbnail","7":"category-sante","8":"tag-fr","9":"tag-france","10":"tag-health","11":"tag-sante","12":"tag-societe"},"share_on_mastodon":{"url":"https:\/\/pubeurope.com\/@fr\/115867921005087603","error":""},"_links":{"self":[{"href":"https:\/\/www.europesays.com\/fr\/wp-json\/wp\/v2\/posts\/652822","targetHints":{"allow":["GET"]}}],"collection":[{"href":"https:\/\/www.europesays.com\/fr\/wp-json\/wp\/v2\/posts"}],"about":[{"href":"https:\/\/www.europesays.com\/fr\/wp-json\/wp\/v2\/types\/post"}],"author":[{"embeddable":true,"href":"https:\/\/www.europesays.com\/fr\/wp-json\/wp\/v2\/users\/2"}],"replies":[{"embeddable":true,"href":"https:\/\/www.europesays.com\/fr\/wp-json\/wp\/v2\/comments?post=652822"}],"version-history":[{"count":0,"href":"https:\/\/www.europesays.com\/fr\/wp-json\/wp\/v2\/posts\/652822\/revisions"}],"wp:featuredmedia":[{"embeddable":true,"href":"https:\/\/www.europesays.com\/fr\/wp-json\/wp\/v2\/media\/652823"}],"wp:attachment":[{"href":"https:\/\/www.europesays.com\/fr\/wp-json\/wp\/v2\/media?parent=652822"}],"wp:term":[{"taxonomy":"category","embeddable":true,"href":"https:\/\/www.europesays.com\/fr\/wp-json\/wp\/v2\/categories?post=652822"},{"taxonomy":"post_tag","embeddable":true,"href":"https:\/\/www.europesays.com\/fr\/wp-json\/wp\/v2\/tags?post=652822"}],"curies":[{"name":"wp","href":"https:\/\/api.w.org\/{rel}","templated":true}]}}