{"id":652835,"date":"2026-01-10T00:22:16","date_gmt":"2026-01-10T00:22:16","guid":{"rendered":"https:\/\/www.europesays.com\/fr\/652835\/"},"modified":"2026-01-10T00:22:16","modified_gmt":"2026-01-10T00:22:16","slug":"le-chambon-feugerolles-le-vetement-fil-rouge-dune-histoire-entre-lyceens-de-testud-et-maternelles","status":"publish","type":"post","link":"https:\/\/www.europesays.com\/fr\/652835\/","title":{"rendered":"Le Chambon-Feugerolles. Le v\u00eatement, fil rouge d\u2019une histoire entre lyc\u00e9ens de Testud et maternelles"},"content":{"rendered":"<p>La m\u00e9diath\u00e8que organise des rencontres insolites entre des lyc\u00e9ens, en l\u2019occurrence des jeunes de la section mode d\u2019Adrien-Testud et des \u00e9l\u00e8ves de maternelle. Cette semaine a eu lieu la deuxi\u00e8me des quatre s\u00e9ances pr\u00e9vues entre les \u00e9l\u00e8ves des deux \u00e9coles.<\/p>\n<p>Une robe de mari\u00e9e, trame du prochain d\u00e9fil\u00e9 de mode des \u00e9l\u00e8ves de Testud<\/p>\n<p>Au c\u00f4t\u00e9 de leur professeure d\u2019art appliqu\u00e9, Blandine Machabert, Marion Janin, illustratrice, a accompagn\u00e9 les lyc\u00e9ens dans l\u2019analyse d\u2019illustrations de livres, qui serviront \u00e0 r\u00e9aliser des croquis de v\u00eatements. Ce travail pr\u00e9pare le d\u00e9fil\u00e9 de mode&#8230;<\/p>\n","protected":false},"excerpt":{"rendered":"La m\u00e9diath\u00e8que organise des rencontres insolites entre des lyc\u00e9ens, en l\u2019occurrence des jeunes de la section mode d\u2019Adrien-Testud&hellip;\n","protected":false},"author":2,"featured_media":652836,"comment_status":"","ping_status":"","sticky":false,"template":"","format":"standard","meta":{"footnotes":""},"categories":[9653],"tags":[1111,11,2430,12162,3599,7539,1057,1777,674,1011,27,12161,12,25,4001],"class_list":{"0":"post-652835","1":"post","2":"type-post","3":"status-publish","4":"format-standard","5":"has-post-thumbnail","7":"category-saint-etienne","8":"tag-actu","9":"tag-actualites","10":"tag-auvergne-rhone-alpes","11":"tag-chambon-feugerolles-ville","12":"tag-college-lycee","13":"tag-edition-loire-sud","14":"tag-education","15":"tag-eu","16":"tag-europe","17":"tag-fr","18":"tag-france","19":"tag-le-chambon-feugerolles","20":"tag-news","21":"tag-republique-francaise","22":"tag-saint-etienne"},"share_on_mastodon":{"url":"https:\/\/pubeurope.com\/@fr\/115867952320521465","error":""},"_links":{"self":[{"href":"https:\/\/www.europesays.com\/fr\/wp-json\/wp\/v2\/posts\/652835","targetHints":{"allow":["GET"]}}],"collection":[{"href":"https:\/\/www.europesays.com\/fr\/wp-json\/wp\/v2\/posts"}],"about":[{"href":"https:\/\/www.europesays.com\/fr\/wp-json\/wp\/v2\/types\/post"}],"author":[{"embeddable":true,"href":"https:\/\/www.europesays.com\/fr\/wp-json\/wp\/v2\/users\/2"}],"replies":[{"embeddable":true,"href":"https:\/\/www.europesays.com\/fr\/wp-json\/wp\/v2\/comments?post=652835"}],"version-history":[{"count":0,"href":"https:\/\/www.europesays.com\/fr\/wp-json\/wp\/v2\/posts\/652835\/revisions"}],"wp:featuredmedia":[{"embeddable":true,"href":"https:\/\/www.europesays.com\/fr\/wp-json\/wp\/v2\/media\/652836"}],"wp:attachment":[{"href":"https:\/\/www.europesays.com\/fr\/wp-json\/wp\/v2\/media?parent=652835"}],"wp:term":[{"taxonomy":"category","embeddable":true,"href":"https:\/\/www.europesays.com\/fr\/wp-json\/wp\/v2\/categories?post=652835"},{"taxonomy":"post_tag","embeddable":true,"href":"https:\/\/www.europesays.com\/fr\/wp-json\/wp\/v2\/tags?post=652835"}],"curies":[{"name":"wp","href":"https:\/\/api.w.org\/{rel}","templated":true}]}}