{"id":652845,"date":"2026-01-10T00:29:09","date_gmt":"2026-01-10T00:29:09","guid":{"rendered":"https:\/\/www.europesays.com\/fr\/652845\/"},"modified":"2026-01-10T00:29:09","modified_gmt":"2026-01-10T00:29:09","slug":"le-danger-n1-pour-la-paix-mondiale-cest-les-etats-unis-la-mobilisation-sorganise-a-montpellier","status":"publish","type":"post","link":"https:\/\/www.europesays.com\/fr\/652845\/","title":{"rendered":"\u00ab\u00a0Le danger n\u00b01 pour la paix mondiale, c&rsquo;est les \u00c9tats-Unis\u00a0\u00bb, la mobilisation s&rsquo;organise \u00e0 Montpellier"},"content":{"rendered":"<p>                    Par<br \/>\n        <strong><br \/>\n            <a href=\"https:\/\/actu.fr\/auteur\/c-nithard\" title=\"Consulter tous les articles de C\u00e9dric Nithard\" target=\"_blank\" rel=\"noopener\">C\u00e9dric Nithard<\/a><br \/>\n                    <\/strong><\/p>\n<p>        Publi\u00e9 le<\/p>\n<p>            9 janv. 2026 \u00e0 19h23        <\/p>\n<p>Apr\u00e8s <strong>l\u2019intervention militaire des \u00c9tats-Unis au Venezuela<\/strong> le 3 janvier dernier, <strong>une vingtaine d\u2019associations, syndicats, partis politiques<\/strong>*\u2026 appellent \u00e0 <strong>une manifestation unitaire<\/strong> ce samedi 10 janvier \u00e0 15h au d\u00e9part de la place Albert 1er \u00e0 <strong>Montpellier<\/strong>. Ils entendent exprimer leurs inqui\u00e9tudes face \u00e0 <strong>l\u2019imp\u00e9rialisme am\u00e9ricain<\/strong> et <strong>soutenir le peuple v\u00e9n\u00e9zu\u00e9lien<\/strong>.<\/p>\n<p>\u00ab\u00a0Il faut prendre la mesure de ce qu\u2019il s\u2019est pass\u00e9\u00a0\u00bb<\/p>\n<p class=\" wall-content\">Une quinzaine d\u2019organisations du mouvement social montpelli\u00e9rain se sont r\u00e9unies mardi soir avec l\u2019objectif de lancer un appel \u00e0 \u00ab\u00a0une manifestation unitaire contre l\u2019agression am\u00e9ricaine en direction du Venezuela\u00a0\u00bb explique Alban Desoutter de la Libre Pens\u00e9e. \u00ab\u00a0On a converg\u00e9 sur la condamnation. Il y a \u00e9videmment des nuances sur l\u2019appr\u00e9ciation de ce qu\u2019est Maduro mais ce n\u2019\u00e9tait pas vraiment le but. Ce qui \u00e9tait important c\u2019est que l\u2019on s\u2019unisse face \u00e0 une agression qui apparait ouvertement d\u00e9connect\u00e9e des questions de surface. Ce n\u2019est \u00e9videmment pas la drogue qui int\u00e9resse les milieux financiers am\u00e9ricains mais le p\u00e9trole\u00a0\u00bb pr\u00e9cise-t-il lors d\u2019une conf\u00e9rence de presse ce jeudi 8 janvier en pr\u00e9sence de quelques-unes des organisations.<\/p>\n<p class=\" wall-content\">\u00ab\u00a0Il faut prendre la mesure de ce qu\u2019il s\u2019est pass\u00e9\u00a0\u00bb souligne Francis Vigui\u00e9 de La Carmagnole, \u00ab\u00a0On assiste \u00e0 une logique stricte de la force. Un \u00c9tat, parmi les principales puissances mondiales, devient un pr\u00e9dateur mondial qui rouvre tous les champs du colonialisme pur et dur\u00a0\u00bb. Comme la plupart autour de la table, ce dernier ne cache pas son inqui\u00e9tude face \u00e0 \u00ab\u00a0un risque r\u00e9el de guerre car quand on \u00e9coute Trump ce n\u2019est pas que le Venezuela. C\u2019est peut-\u00eatre la Colombie, Cuba, le Groenland\u2026 c\u2019est une logique pr\u00e9datrice d\u2019accaparation des richesses et une n\u00e9gation totale du droit international\u00a0\u00bb.<\/p>\n<p class=\" wall-content\">D\u2019autant que pour Robert Kissous des Rencontres de Marx : \u00ab\u00a0On est qu\u2019au d\u00e9but d\u2019une histoire\u00a0\u00bb. En se r\u00e9f\u00e9rant au <a href=\"https:\/\/www.whitehouse.gov\/wp-content\/uploads\/2025\/12\/2025-National-Security-Strategy.pdf\" target=\"_blank\" rel=\"noopener\">National Security Strategy 2025<\/a> (ndlr : document officiel d\u00e9taillant les orientations de la politique de s\u00e9curit\u00e9 am\u00e9ricaine publi\u00e9 en novembre dernier), il explique : \u00ab\u00a0L\u2019Am\u00e9rique du Nord, l\u2019Am\u00e9rique centrale et les Cara\u00efbes sont maintenant un domaine exclusif des \u00c9tats-Unis. Il n\u2019est pas question que d\u2019autres puissances \u00e9trang\u00e8res viennent s\u2019ing\u00e9rer car c\u2019est d\u00e9sormais l\u2019arri\u00e8re-cour des \u00c9tats-Unis et, plus encore, puisqu\u2019il s\u2019agit de mettre en coupe r\u00e9gl\u00e9e toute cette zone pour la mettre sous le contr\u00f4le exclusif des \u00c9tats-Unis\u00a0\u00bb. Ce dernier juge ainsi que \u00ab\u00a0le danger n\u00b01 pour la paix mondiale, c\u2019est les \u00c9tats-Unis\u00a0\u00bb.<\/p>\n<p>\u00ab\u00a0Non au kidnapping de Maduro\u00a0\u00bb<\/p>\n<p class=\" wall-content\">Alban Desoutter a \u00e9galement rappel\u00e9 la centaine de morts, dont des civils, lors de l\u2019assaut visant Nicolas Maduro et sa femme par les forces sp\u00e9ciales am\u00e9ricaines conduisant \u00e0 leur extradition. Ce \u00e0 quoi Francis Vigui\u00e9 interroge : \u00ab\u00a0De quel droit les \u00c9tats-Unis se permettent de juger Maduro ? Au nom de qui ? On peut discuter de tout, d\u2019appr\u00e9ciation ou autre, mais la Cour P\u00e9nale Internationale ce serait autre chose car elle a un statut. L\u00e0, il n\u2019y aucune l\u00e9gitimit\u00e9\u00a0\u00bb. Robert Kissous ajoute ainsi un mot d\u2019ordre \u00e0 la manifestation : \u00ab\u00a0Non au kidnapping de Maduro. On ne peut pas accepter qu\u2019un \u00c9tat, quel qu\u2019il soit, kidnappe un pr\u00e9sident en exercice pour le juger dans ses cours de justice. C\u2019est absolument intol\u00e9rable. Quoi que l\u2019on pense de Maduro. L\u00e0 n\u2019est pas le probl\u00e8me. Le probl\u00e8me c\u2019est la reconnaissance de la souverainet\u00e9 des \u00c9tats et des peuples\u00a0\u00bb.<\/p>\n<p>Vid\u00e9os : en ce moment sur Actu<\/p>\n<p class=\" wall-content\"><a href=\"https:\/\/actu.fr\/occitanie\/montpellier_34172\/municipales-a-montpellier-c-est-la-mairie-ou-rien-max-muller-de-revolution-permanente_63456844.html\" target=\"_blank\" rel=\"noopener\">Max Muller de R\u00e9volution Permanente<\/a> ajoutera : \u00ab\u00a0Les imp\u00e9rialismes, notamment celui des \u00c9tats-Unis, ont d\u00e9montr\u00e9 depuis toujours leur capacit\u00e9 \u00e0 intervenir dans d\u2019autres pays en justifiant que ce serait au nom de la nature du r\u00e9gime. Cela a \u00e9t\u00e9 le cas en Irak, en Afghanistan, au Venezuela\u2026 c\u2019est le cas syst\u00e9matiquement\u00a0\u00bb. Ce dernier pr\u00e9vient par ailleurs : \u00ab\u00a0Par la nature du r\u00e9gime au Venezuela on pourrait se dire que c\u2019est une bonne nouvelle que Maduro soit tomb\u00e9 et que cela va lib\u00e9rer le peuple v\u00e9n\u00e9zu\u00e9lien. Il ne faut absolument pas \u00eatre dupe. La lib\u00e9ration du peuple v\u00e9n\u00e9zu\u00e9lien ne viendra pas de l\u2019ext\u00e9rieur et encore moins des \u00c9tats-Unis. Les seuls qui peuvent \u00eatre capables de lib\u00e9rer le peuple v\u00e9n\u00e9zu\u00e9lien, c\u2019est le peuple v\u00e9n\u00e9zu\u00e9lien\u00a0\u00bb.<\/p>\n<p>Le peuple v\u00e9n\u00e9zu\u00e9lien<\/p>\n<p class=\" wall-content\">Face \u00e0 la situation, Myriam Rivoire de l\u2019Union locale de la CGT de Montpellier, apporte son soutien au peuple v\u00e9n\u00e9zu\u00e9lien et met en avant : \u00ab\u00a0Le seul but est la captation des richesses et une fois de plus ce sont les travailleurs et les peuples qui vont se retrouver au milieu d\u2019une guerre qu\u2019ils ne veulent absolument pas comme toutes les guerres\u00a0\u00bb. B\u00e9atrice Rougy du Mouvement contre le racisme et pour l\u2019amiti\u00e9 entre les peuples (MRAP) appelle ainsi : \u00ab\u00a0La seule r\u00e9action possible au niveau internationale c\u2019est que les peuples s\u2019unissent pour emp\u00eacher la guerre. On souhaite qu\u2019il y ait des manifestations et des r\u00e9actions pour montrer que les peuples sont pour la paix\u00a0\u00bb. Cette derni\u00e8re explique par ailleurs : \u00ab\u00a0Nous partons pour une lutte \u00e0 long terme. Le droit international est bafou\u00e9 partout dans le monde. Nous allons bient\u00f4t f\u00eater les 80 ans de l\u2019ONU mais il y a le grand risque d\u2019une guerre au niveau international entre les grandes puissances en sachant que l\u2019Europe est m\u00e9diocre actuellement dans ses positions comme l\u2019a \u00e9t\u00e9 la d\u00e9claration d\u2019Emmanuel Macron. Personne n\u2019a demand\u00e9 une r\u00e9union du Conseil de s\u00e9curit\u00e9\u00a0\u00bb.<\/p>\n<p>Votre r\u00e9gion, votre actu !<\/p>\n<p>Recevez chaque jour les infos qui comptent pour vous.<\/p>\n<p>\t<a href=\"https:\/\/actu.fr\/newsletter\" class=\"ac-btn ac-btn--corner ac-btn--medium ac-btn--blue800\" target=\"_blank\" rel=\"noopener\">S&rsquo;incrire<\/a><\/p>\n<p class=\" wall-content\">Le pr\u00e9sident de la R\u00e9publique est loin d\u2019\u00eatre \u00e9pargn\u00e9 par Max Muller de R\u00e9volution Permanente qui souligne \u00ab\u00a0son r\u00f4le de paillasson en se f\u00e9licitant de l\u2019intervention des \u00c9tats-Unis en revendiquant que Maduro \u00e9tait un dictateur et que l\u2019on ne pouvait que se f\u00e9liciter de sa chute\u00a0\u00bb.\u00a0 Alban Desoutter compl\u00e8te : \u00ab\u00a0La question de l\u2019intervention am\u00e9ricaine n\u2019est m\u00eame pas pr\u00e9sente. Tout son communiqu\u00e9 a \u00e9t\u00e9 de dire que c\u2019\u00e9tait une bonne nouvelle de se d\u00e9barrasser de Maduro. Quand un chef d\u2019\u00c9tat plus ou moins autoritaire tombe, ce n\u2019est pas une victoire pour la d\u00e9mocratie comme on cherche \u00e0 nous le faire croire. Au contraire, c\u2019est une poigne de fer de l\u2019imp\u00e9rialisme am\u00e9ricain. Donc la situation est pire. La question n\u2019est pas de savoir s\u2019il y aura plus ou moins de libert\u00e9 au Venezuela car aujourd\u2019hui, si les \u00c9tats-Unis interviennent au Venezuela ce sera un effondrement et une d\u00e9faite pour les peuples du monde entier et de la r\u00e9gion\u00a0\u00bb.<\/p>\n<p>La pression populaire comme en 2003<\/p>\n<p class=\" wall-content\">\u00c9voquant \u00ab\u00a0une remise en cause profonde de l\u2019ordre international\u00a0\u00bb ou encore \u00ab\u00a0un retour un si\u00e8cle en arri\u00e8re \u00e0 l\u2019\u00e9poque de la politique de la canonni\u00e8re\u00a0\u00bb, Nicolas Cossange du Parti Communiste Fran\u00e7ais tente un parall\u00e8le historique : \u00ab\u00a0Il faut revenir en 2003 avec l\u2019invasion de l\u2019Irak. On est dans la m\u00eame logique et regardons comment cette intervention a depuis profond\u00e9ment d\u00e9stabilis\u00e9 le Proche et le Moyen Orient. On peut avoir les m\u00eames craintes pour l\u2019Am\u00e9rique du Sud et les Cara\u00efbes\u00a0\u00bb. Un parall\u00e8le, motif \u00e9galement d\u2019espoir quant \u00e0 l\u2019importance de la manifestation de samedi : \u00ab\u00a0En 2003, c\u2019est par la mobilisation du peuple fran\u00e7ais que le gouvernement de l\u2019\u00e9poque, en se souvenant notamment du discours de Dominique de Villepin \u00e0 l\u2019ONU, s\u2019est senti oblig\u00e9 de tenir la position digne tenue \u00e0 l\u2019\u00e9poque. Nous avons donc besoin d\u2019organiser la pression populaire\u00a0\u00bb.\u00a0<\/p>\n<p class=\" wall-content\">Une pression populaire qui d\u00e9butera donc \u00e0 Montpellier samedi 10 janvier \u00e0 15h place Albert 1er. \u00ab\u00a0Ce qu\u2019il se passe au Venezuela est un danger pour l\u2019\u00e9quilibre mondial et une menace contre la paix mondiale. Toutes nos organisations r\u00e9unies malgr\u00e9 leurs diff\u00e9rentes appr\u00e9ciations et champs d\u2019application sont toutes attach\u00e9es au fait que l\u2019on ne veut pas d\u2019une troisi\u00e8me guerre mondiale qui aurait des cons\u00e9quences bien plus d\u00e9vastatrices que les pr\u00e9c\u00e9dentes\u00a0\u00bb souligne Alban Desoutter comme une dernier mot d\u2019ordre \u00e0 la manifestation. Outre Montpellier, d\u2019autres rassemblements sont pr\u00e9vus dans l\u2019H\u00e9rault \u00e0 B\u00e9darieux, B\u00e9ziers, S\u00e8te et P\u00e9zenas qui viendront s\u2019ajouter \u00e0 la mobilisation nationale et internationale contre Donald Trump et l\u2019imp\u00e9rialisme am\u00e9ricain.<\/p>\n<p>* Attac, La Carmagnole, Rencontres Marx, Collectif Palestine Libre, R\u00e9seau Universit\u00e9 Sans Fronti\u00e8res (RUSF), BDS Montpellier, Ligue des Droits de l\u2019Homme, CMM Le Coeur en Action, Mouvement contre le racisme et pour l\u2019amiti\u00e9 entre les peuples (MRAP), PCF, La France Insoumise, POI, Parti de Gauche, Cause Commune, Mouvement des Jeunes Communistes de France, Gauche \u00c9cosocialiste, R\u00e9volution Permanente, L\u2019APR\u00c8S, NPA, CGT, Solidaires \u00e9tudiant.e.s, SNUDI FO34, U FSU34\u2026<\/p>\n<p class=\" wall-content\">Personnalisez votre actualit\u00e9 en ajoutant vos villes et m\u00e9dias en favori avec <a href=\"https:\/\/moncompte.actu.fr\" title=\"D\u00e9couvez Mon Actu\" rel=\"nofollow noopener\" data-trk=\"{&quot;cta&quot;:{&quot;action&quot;:&quot;https:\\\/\\\/moncompte.actu.fr&quot;,&quot;category&quot;:&quot;mon compte&quot;,&quot;from&quot;:&quot;article footer&quot;,&quot;name&quot;:&quot;Mon actu&quot;,&quot;type&quot;:&quot;cta&quot;}}\" target=\"_blank\">Mon Actu<\/a>.<\/p>\n","protected":false},"excerpt":{"rendered":"Par C\u00e9dric Nithard Publi\u00e9 le 9 janv. 2026 \u00e0 19h23 Apr\u00e8s l\u2019intervention militaire des \u00c9tats-Unis au Venezuela le&hellip;\n","protected":false},"author":2,"featured_media":652846,"comment_status":"","ping_status":"","sticky":false,"template":"","format":"standard","meta":{"footnotes":""},"categories":[9599],"tags":[1111,11,1777,674,1011,27,2208,12,2680,25,104],"class_list":{"0":"post-652845","1":"post","2":"type-post","3":"status-publish","4":"format-standard","5":"has-post-thumbnail","7":"category-montpellier","8":"tag-actu","9":"tag-actualites","10":"tag-eu","11":"tag-europe","12":"tag-fr","13":"tag-france","14":"tag-montpellier","15":"tag-news","16":"tag-occitanie","17":"tag-republique-francaise","18":"tag-societe"},"share_on_mastodon":{"url":"https:\/\/pubeurope.com\/@fr\/115867979935586404","error":""},"_links":{"self":[{"href":"https:\/\/www.europesays.com\/fr\/wp-json\/wp\/v2\/posts\/652845","targetHints":{"allow":["GET"]}}],"collection":[{"href":"https:\/\/www.europesays.com\/fr\/wp-json\/wp\/v2\/posts"}],"about":[{"href":"https:\/\/www.europesays.com\/fr\/wp-json\/wp\/v2\/types\/post"}],"author":[{"embeddable":true,"href":"https:\/\/www.europesays.com\/fr\/wp-json\/wp\/v2\/users\/2"}],"replies":[{"embeddable":true,"href":"https:\/\/www.europesays.com\/fr\/wp-json\/wp\/v2\/comments?post=652845"}],"version-history":[{"count":0,"href":"https:\/\/www.europesays.com\/fr\/wp-json\/wp\/v2\/posts\/652845\/revisions"}],"wp:featuredmedia":[{"embeddable":true,"href":"https:\/\/www.europesays.com\/fr\/wp-json\/wp\/v2\/media\/652846"}],"wp:attachment":[{"href":"https:\/\/www.europesays.com\/fr\/wp-json\/wp\/v2\/media?parent=652845"}],"wp:term":[{"taxonomy":"category","embeddable":true,"href":"https:\/\/www.europesays.com\/fr\/wp-json\/wp\/v2\/categories?post=652845"},{"taxonomy":"post_tag","embeddable":true,"href":"https:\/\/www.europesays.com\/fr\/wp-json\/wp\/v2\/tags?post=652845"}],"curies":[{"name":"wp","href":"https:\/\/api.w.org\/{rel}","templated":true}]}}