{"id":652847,"date":"2026-01-10T00:30:16","date_gmt":"2026-01-10T00:30:16","guid":{"rendered":"https:\/\/www.europesays.com\/fr\/652847\/"},"modified":"2026-01-10T00:30:16","modified_gmt":"2026-01-10T00:30:16","slug":"le-bal-des-paradoxes-ou-lart-de-faire-glisser-le-reel-par-david-klo","status":"publish","type":"post","link":"https:\/\/www.europesays.com\/fr\/652847\/","title":{"rendered":"\u00ab\u00a0Le bal des paradoxes\u00a0\u00bb, ou l\u2019art de faire glisser le r\u00e9el par David Klo"},"content":{"rendered":"<p>                    Par<br \/>\n        <strong><br \/>\n            <a href=\"https:\/\/actu.fr\/auteur\/manon-haddouche\" title=\"Consulter tous les articles de Manon Haddouche\" target=\"_blank\" rel=\"noopener\">Manon Haddouche<\/a><br \/>\n                    <\/strong><\/p>\n<p>        Publi\u00e9 le<\/p>\n<p>            9 janv. 2026 \u00e0 20h03        <\/p>\n<p>Le <strong>Bal des Paradoxes <\/strong>se vit comme une chor\u00e9graphie d\u00e9sax\u00e9e, entre \u00e9quilibre et vertige. Rien n\u2019y est tout \u00e0 fait stable, ni tout \u00e0 fait fictif. Le r\u00e9el est l\u00e0, reconnaissable, mais il tangue. Il se d\u00e9double, se d\u00e9place, se transforme sous nos yeux. Chez <strong>David Klo<\/strong>, regarder devient un acte actif. Le spectateur est invit\u00e9 \u00e0 douter, \u00e0 relier, \u00e0 interpr\u00e9ter. Une excitation intellectuelle s\u2019installe, presque ludique, puisque le sens n\u2019est jamais livr\u00e9 cl\u00e9 en main, mais laiss\u00e9 en suspens. L\u2019exposition est \u00e0 voir jusqu\u2019au mardi 20 janvier, \u00e0 la galerie Upside Town, \u00e0 <strong>Montpellier<\/strong>.\u00a0<\/p>\n<p>Une urgence de cr\u00e9er, jamais forc\u00e9e<\/p>\n<p class=\" wall-content\">Issu d\u2019une famille d\u2019artistes, David Klo n\u2019a jamais dissoci\u00e9 cr\u00e9ation et vie. Chez lui, cr\u00e9er n\u2019est ni une posture ni une strat\u00e9gie : c\u2019est une n\u00e9cessit\u00e9 organique. Il est p\u00e8re de quatre enfants, \u00ab une autre forme de cr\u00e9ation \u00bb, nous dit-il en souriant, et cette urgence vitale traverse autant son \u0153uvre que son quotidien. Rien n\u2019est pr\u00e9m\u00e9dit\u00e9 \u00e0 l\u2019exc\u00e8s. Les id\u00e9es surgissent, il les suit, il va au bout du geste.<\/p>\n<p class=\" wall-content\">Cin\u00e9ma documentaire, photographie, \u00e9criture, installation sonore, peinture, collage, sculpture d\u2019assemblage, David Klo circule entre les m\u00e9diums depuis plus de trente ans. Ancien r\u00e9sident de la Friche la Belle de Mai, il a travaill\u00e9 pour la radio, le film, l\u2019image fixe, accumulant une immense r\u00e9serve visuelle et sonore. Une m\u00e9moire dans laquelle il puise aujourd\u2019hui.<\/p>\n<p>    <img   decoding=\"async\" loading=\"lazy\" src=\"https:\/\/www.europesays.com\/fr\/wp-content\/uploads\/2026\/01\/capture-decran-2026-01-08-a-152741-960x640.png\" alt=\"Six univers sont repr\u00e9sent\u00e9s dans l'ensemble de la salle. \" width=\"960\" height=\"640\"\/><br \/>\n    Six univers sont repr\u00e9sent\u00e9s dans l\u2019ensemble de la salle. (\u00a9MH \/ M\u00e9tropolitain )Faire glisser le r\u00e9el<\/p>\n<p class=\" wall-content\">Face \u00e0 ses photographies, on cherche \u00e0 comprendre la technique, on s\u2019interroge sur ce qui \u00e9tait r\u00e9el ou non, ou du moins, ce qui \u00e9tait originel et ce qui est venu cr\u00e9er une nouvelle r\u00e9alit\u00e9. Certaines images sont enti\u00e8rement photographiques, d\u2019autres minutieusement transform\u00e9es ; parfois, c\u2019est l\u2019inverse de ce que l\u2019on croit. Une femme semble ajout\u00e9e \u00e0 un d\u00e9cor improbable, elle \u00e9tait pourtant l\u00e0.<\/p>\n<p>Vid\u00e9os : en ce moment sur Actu<\/p>\n<p class=\" wall-content\">Un animal para\u00eet r\u00e9el, il est peint, coll\u00e9, r\u00e9invent\u00e9. Le cadre suffit \u00e0 transformer le monde. David Klo ne cherche pas \u00e0 tromper, mais \u00e0 rappeler une \u00e9vidence \u00ab\u00a0D\u00e8s qu\u2019on regarde, d\u00e8s qu\u2019on cadre, le r\u00e9el n\u2019est plus neutre. Il est d\u00e9j\u00e0 interpr\u00e9tation\u00a0\u00bb.<\/p>\n<p>Six territoires pour cartographier le sensible<\/p>\n<p class=\" wall-content\">L\u2019exposition se d\u00e9ploie comme une cartographie en six territoires visuels. Les paysages en mouvement \u00e9tirent le temps \u00e0 travers des poses lentes, o\u00f9 le regard devient m\u00e9moire. Les villes et les visages assemblent des fragments d\u2019humanit\u00e9, gestes furtifs et silhouettes anonymes (ou non). Les corps et les d\u00e9sirs explorent une sensualit\u00e9 assum\u00e9e.<\/p>\n<p>Votre r\u00e9gion, votre actu !<\/p>\n<p>Recevez chaque jour les infos qui comptent pour vous.<\/p>\n<p>\t<a href=\"https:\/\/actu.fr\/newsletter\" class=\"ac-btn ac-btn--corner ac-btn--medium ac-btn--blue800\" target=\"_blank\" rel=\"noopener\">S&rsquo;incrire<\/a><\/p>\n<p class=\" wall-content\">Un mur entier est consacr\u00e9 \u00e0 L\u2019homme et ses vertiges, espace plus m\u00e9taphysique, nourri par un texte po\u00e9tique \u00e9ponyme sur l\u2019ali\u00e9nation contemporaine, l\u2019acc\u00e9l\u00e9ration du monde et la perte de sens. Plus loin, l\u2019eau devient zone mentale, respiration, miroir du temps. Enfin, le ciel (nuages, espace, souffle) agit comme une m\u00e9taphore du passage et de la pens\u00e9e. Chaque \u0153uvre dialogue avec les autres, sans hi\u00e9rarchie, dans un flux continu.<\/p>\n<p>    <img   decoding=\"async\" loading=\"lazy\" src=\"https:\/\/www.europesays.com\/fr\/wp-content\/uploads\/2026\/01\/img-6566-960x640.jpeg\" alt=\"Une prise de vue de l'exposition. \" width=\"960\" height=\"640\"\/><br \/>\n    Une prise de vue de l\u2019exposition. (\u00a9MH \/ M\u00e9tropolitain )Une \u00e9criture hybride, entre cin\u00e9ma et mati\u00e8re<\/p>\n<p class=\" wall-content\">Le travail de David Klo repose sur un corpus immense : photographies argentiques, images num\u00e9riques, captations vid\u00e9o issues de d\u00e9cennies de cin\u00e9ma documentaire. \u00c0 cela s\u2019ajoute un travail manuel constant entre dessin, peinture, fusain ou encore logiciel sp\u00e9cialis\u00e9. Les outils num\u00e9riques ne sont jamais une finalit\u00e9, mais un prolongement du geste.<\/p>\n<p class=\" wall-content\">Il compose, superpose, retravaille, laisse le grain vivre. L\u2019imperfection devient langage. Le r\u00e9sultat \u00e9voque un r\u00e9alisme po\u00e9tique o\u00f9 chaque image raconte une histoire condens\u00e9e, comme un film r\u00e9duit \u00e0 un seul plan. Un talent de storytelling dont il usait d\u00e9j\u00e0 dans ses productions.<\/p>\n<p>    <img   decoding=\"async\" loading=\"lazy\" src=\"https:\/\/www.europesays.com\/fr\/wp-content\/uploads\/2026\/01\/img-6558-960x640.jpeg\" alt=\"David Klo en pleine explication. \" width=\"960\" height=\"640\"\/><br \/>\n    David Klo en pleine explication. (\u00a9MH \/ M\u00e9tropolitain )Ni vrai ni faux, mais profond\u00e9ment humain<\/p>\n<p class=\" wall-content\">Le Bal des Paradoxes se pr\u00e9sente comme un espace d\u2019attention. Un th\u00e9\u00e2tre du monde ordinaire, o\u00f9 l\u2019humour c\u00f4toie la gravit\u00e9, o\u00f9 la tendresse n\u2019efface pas le vertige. On y croise des figures solitaires, des sc\u00e8nes intimes, des fragments de vie qui n\u2019auraient jamais d\u00fb se rencontrer et qui, pourtant, dialoguent et s\u2019allient harmonieusement. Le spectateur avance \u00e0 son rythme, funambule \u00e0 son tour, entre illusion et v\u00e9rit\u00e9s.<\/p>\n<p class=\" wall-content\">Au fond, David Klo ne cherche pas \u00e0 donner des r\u00e9ponses. Il ouvre des br\u00e8ches. Et rappelle, doucement, que parfois, vivre tient \u00e0 peu de chose : un geste d\u00e9plac\u00e9, une image qui d\u00e9borde, une po\u00e9sie qui d\u00e9tourne la chute.<\/p>\n<p>    <img   decoding=\"async\" loading=\"lazy\" src=\"https:\/\/www.europesays.com\/fr\/wp-content\/uploads\/2026\/01\/img-6568-960x640.jpeg\" alt=\"Une prise de vue de l'exposition. \" width=\"960\" height=\"640\"\/><br \/>\n    Derri\u00e8re les rideaux rouges se cache une partie plus sensuelle\u2026 (\u00a9MH \/ M\u00e9tropolitain )<img decoding=\"async\" src=\"https:\/\/www.europesays.com\/fr\/wp-content\/uploads\/2026\/01\/silence-640x427.jpeg\" alt=\"\" width=\"640\" height=\"427\" loading=\"lazy\"\/>Geste solidaire :<\/p>\n<p>Deux de ses oeuvres \u00ab\u00a0L\u2019Homme et ses vertiges\u00a0\u00bb et \u00ab\u00a0Silence\u00a0\u00bb, seront expos\u00e9es trois semaines, salle des ventes, place de la Canourgue. Elles seront vendues aux ench\u00e8res pour une oeuvre caritative lors du gala de l\u2019op\u00e9ra, le vendredi 6 f\u00e9vrier 2026.<\/p>\n<p>    <a href=\"https:\/\/www.google.com\/maps\/embed?pb=!1m18!1m12!1m3!1d2888.73628747287!2d3.874432176386063!3d43.61203217110405!2m3!1f0!2f0!3f0!3m2!1i1024!2i768!4f13.1!3m3!1m2!1s0x12b6affc091267c9%3A0x1772d5045cef6ebe!2sUP%20SIDE%20TOWN!5e0!3m2!1sfr!2sfr!4v1767881088014!5m2!1sfr!2sfr\" title=\"Ouvrie le lien\" target=\"_blank\" rel=\"noopener\">Cliquez ici pour visualiser le contenu<\/a><\/p>\n<p><strong>&gt; Pratique :<\/strong> Le bal des paradoxes, exposition des oeuvres de David Klo, \u00e0 la galerie Upside Town, \u00e0 Montpellier, jusqu\u2019au samedi 17 janvier. \u00c0 voir du mardi au samedi, de 11h30 \u00e0 19h. \u00c9v\u00e8nement convivial pour le finissage le jeudi 15 janvier, \u00e0 partir de 18h. Pour suivre l\u2019actualit\u00e9 de la galerie,<a href=\"https:\/\/www.instagram.com\/upsidetown_galerie\/\" target=\"_blank\" rel=\"noopener\"> c\u2019est par ici<\/a>. Pour suivre l\u2019artiste, <a href=\"https:\/\/www.instagram.com\/david.clot\/\" target=\"_blank\" rel=\"noopener\">c\u2019est par l\u00e0<\/a>.\u00a0<\/p>\n<p class=\" wall-content\">Personnalisez votre actualit\u00e9 en ajoutant vos villes et m\u00e9dias en favori avec <a href=\"https:\/\/moncompte.actu.fr\" title=\"D\u00e9couvez Mon Actu\" rel=\"nofollow noopener\" data-trk=\"{&quot;cta&quot;:{&quot;action&quot;:&quot;https:\\\/\\\/moncompte.actu.fr&quot;,&quot;category&quot;:&quot;mon compte&quot;,&quot;from&quot;:&quot;article footer&quot;,&quot;name&quot;:&quot;Mon actu&quot;,&quot;type&quot;:&quot;cta&quot;}}\" target=\"_blank\">Mon Actu<\/a>.<\/p>\n<p>                    <script async src=\"\/\/www.instagram.com\/embed.js\"><\/script><\/p>\n","protected":false},"excerpt":{"rendered":"Par Manon Haddouche Publi\u00e9 le 9 janv. 2026 \u00e0 20h03 Le Bal des Paradoxes se vit comme une&hellip;\n","protected":false},"author":2,"featured_media":652848,"comment_status":"","ping_status":"","sticky":false,"template":"","format":"standard","meta":{"footnotes":""},"categories":[9599],"tags":[1111,11,1777,674,1011,27,2208,12,2680,25,104],"class_list":{"0":"post-652847","1":"post","2":"type-post","3":"status-publish","4":"format-standard","5":"has-post-thumbnail","7":"category-montpellier","8":"tag-actu","9":"tag-actualites","10":"tag-eu","11":"tag-europe","12":"tag-fr","13":"tag-france","14":"tag-montpellier","15":"tag-news","16":"tag-occitanie","17":"tag-republique-francaise","18":"tag-societe"},"share_on_mastodon":{"url":"https:\/\/pubeurope.com\/@fr\/115867983921403687","error":""},"_links":{"self":[{"href":"https:\/\/www.europesays.com\/fr\/wp-json\/wp\/v2\/posts\/652847","targetHints":{"allow":["GET"]}}],"collection":[{"href":"https:\/\/www.europesays.com\/fr\/wp-json\/wp\/v2\/posts"}],"about":[{"href":"https:\/\/www.europesays.com\/fr\/wp-json\/wp\/v2\/types\/post"}],"author":[{"embeddable":true,"href":"https:\/\/www.europesays.com\/fr\/wp-json\/wp\/v2\/users\/2"}],"replies":[{"embeddable":true,"href":"https:\/\/www.europesays.com\/fr\/wp-json\/wp\/v2\/comments?post=652847"}],"version-history":[{"count":0,"href":"https:\/\/www.europesays.com\/fr\/wp-json\/wp\/v2\/posts\/652847\/revisions"}],"wp:featuredmedia":[{"embeddable":true,"href":"https:\/\/www.europesays.com\/fr\/wp-json\/wp\/v2\/media\/652848"}],"wp:attachment":[{"href":"https:\/\/www.europesays.com\/fr\/wp-json\/wp\/v2\/media?parent=652847"}],"wp:term":[{"taxonomy":"category","embeddable":true,"href":"https:\/\/www.europesays.com\/fr\/wp-json\/wp\/v2\/categories?post=652847"},{"taxonomy":"post_tag","embeddable":true,"href":"https:\/\/www.europesays.com\/fr\/wp-json\/wp\/v2\/tags?post=652847"}],"curies":[{"name":"wp","href":"https:\/\/api.w.org\/{rel}","templated":true}]}}