{"id":652849,"date":"2026-01-10T00:33:13","date_gmt":"2026-01-10T00:33:13","guid":{"rendered":"https:\/\/www.europesays.com\/fr\/652849\/"},"modified":"2026-01-10T00:33:13","modified_gmt":"2026-01-10T00:33:13","slug":"nicolas-mayer-rossignol-met-fin-au-suspense","status":"publish","type":"post","link":"https:\/\/www.europesays.com\/fr\/652849\/","title":{"rendered":"Nicolas Mayer-Rossignol met fin au suspense"},"content":{"rendered":"\n<p style=\"text-align: left;\">C&rsquo;est officiel depuis ce mercredi 7 janvier : le maire sortant de Rouen, Nicolas Mayer-Rossignol, est candidat \u00e0 sa r\u00e9\u00e9lection lors du scrutin municipal des 15 et 22 mars. Une d\u00e9cision qui marque un nouvel \u00e9lan dans la campagne au sein de \u00ab\u00a0la ville aux cent clochers\u00a0\u00bb\u00a0et dont l&rsquo;\u00e9ch\u00e9ance \u00e9tait conditionn\u00e9e au cancer pour lequel l&rsquo;\u00e9lu est suivi depuis 2022. \u00ab\u00a0Il aurait \u00e9t\u00e9 inconcevable de s&rsquo;engager comme je le fais aujourd&rsquo;hui sans que les choses soient dites, soient claires, soient transparentes. Donc tr\u00e8s concr\u00e8tement,<strong> j&rsquo;ai eu des examens importants en d\u00e9cembre et donc je ne pouvais pas prendre de d\u00e9cision avant \u00e7a. Mais aujourd&rsquo;hui effectivement, ma situation de sant\u00e9 me permet d&rsquo;\u00eatre debout devant vou<\/strong>s et de faire cet acte de candidature\u00a0\u00bb affirme Nicolas Mayer-Rossignol.<\/p>\n<p><strong>Un ticket ville et m\u00e9tropole<\/strong><\/p>\n<p style=\"text-align: left;\">Et comme en 2020, l&rsquo;\u00e9lu socialiste briguera \u00e0 la fois la mairie et la pr\u00e9sidence de la m\u00e9tropole. \u00ab\u00a0<strong>S\u00e9parer les deux n&rsquo;a aucun sens<\/strong>. Tout le monde ne le sait pas toujours parce qu&rsquo;on n&rsquo;est pas toujours au clair sur qui fait quoi entre la ville et la m\u00e9tropole. Mais la v\u00e9rit\u00e9 concr\u00e8te, c&rsquo;est que si vous voulez \u00eatre honn\u00eate, si vous ne voulez pas mentir aux gens, si vous voulez vraiment agir, \u00eatre coh\u00e9rent, \u00eatre efficace, <strong>la ville et la m\u00e9tropole doivent \u00e9videmment \u00eatre ensemble et travailler non seulement de concert, mais dans l&rsquo;unit\u00e9<\/strong>.<strong> <\/strong>Je vais le dire tr\u00e8s directement, on a eu des p\u00e9riodes o\u00f9 la ville et la m\u00e9tropole, c&rsquo;\u00e9tait deux capitaines dans le m\u00eame bateau, bah \u00e7a ne marchait pas. Pour le territoire, c&rsquo;\u00e9tait vraiment contraire \u00e0 l&rsquo;int\u00e9r\u00eat g\u00e9n\u00e9ral\u00a0\u00bb ajoute-t-il<\/p>\n<p><strong>\u00ab\u00a0Rouen, ville la plus agr\u00e9able de France\u00a0\u00bb<\/strong><\/p>\n<p style=\"text-align: left;\" align=\"justify\">Et si la question environnementale avait anim\u00e9 la derni\u00e8re campagne, quelques mois apr\u00e8s l&rsquo;incendie de Lubrizol, l&rsquo;actuelle ne devrait \u00e9chapper \u00e0 aucun sujet : augmenter l&rsquo;offre de transport en commun, renforcer la s\u00e9curit\u00e9 du quotidien et l&rsquo;aide aupr\u00e8s de familles monoparentales font notamment partie de ses priorit\u00e9s. L&rsquo;ambition du maire sortant est de faire de Rouen, \u00ab\u00a0la ville la plus agr\u00e9able de France\u00a0\u00bb.<strong> <\/strong><strong>Il s&rsquo;appuie sur son bilan pour mettre en avant \u00ab\u00a0les efforts d\u00e9j\u00e0 fournis\u00a0\u00bb en lien avec sa majorit\u00e9 actuelle compos\u00e9e notamment des \u00e9cologistes et des communistes<\/strong>.<strong> <\/strong>Aucune candidature commune n&rsquo;a toutefois \u00e9merg\u00e9 \u00e0 ce jour et l&rsquo;adjoint \u00e9cologiste Jean-Michel B\u00e9r\u00e9govoy s&rsquo;est m\u00eame lanc\u00e9 dans la course \u00e0 la mairie. Nicolas Mayer-Rossignol esp\u00e8re un rassemblement.<\/p>\n<p align=\"justify\">\u00a0<\/p>\n<p><strong>Les autres candidatures d\u00e9clar\u00e9es \u00e0 Rouen\u00a0:<\/strong><\/p>\n<p><strong>&#8211; Amaury Renauld du NPA-R\u00e9volutionnaires<\/strong><\/p>\n<p><strong>&#8211; Fr\u00e9d\u00e9ric Mazier\u00a0de Reconqu\u00eate <\/strong><\/p>\n<p><strong>&#8211; Gr\u00e9goire Houdan du Rassemblement National<\/strong><\/p>\n<p><strong>&#8211; Jean-Michel B\u00e9r\u00e9govoy pour EELV<\/strong><\/p>\n<p><strong>&#8211; Marine Caron\u00a0pour l&rsquo;union du centre et de la droite<\/strong><\/p>\n<p><strong>&#8211; Maxime Da Silva pour LFI<\/strong><\/p>\n","protected":false},"excerpt":{"rendered":"C&rsquo;est officiel depuis ce mercredi 7 janvier : le maire sortant de Rouen, Nicolas Mayer-Rossignol, est candidat \u00e0&hellip;\n","protected":false},"author":2,"featured_media":652850,"comment_status":"","ping_status":"","sticky":false,"template":"","format":"standard","meta":{"footnotes":""},"categories":[9587],"tags":[1111,11,75623,4188,75621,1777,674,1011,27,22461,75622,75620,14692,75618,12,75619,13268,5161,25,9590],"class_list":{"0":"post-652849","1":"post","2":"type-post","3":"status-publish","4":"format-standard","5":"has-post-thumbnail","7":"category-rouen","8":"tag-actu","9":"tag-actualites","10":"tag-candidats-rouen","11":"tag-elections-municipales","12":"tag-elections-rouen","13":"tag-eu","14":"tag-europe","15":"tag-fr","16":"tag-france","17":"tag-infos-rouen","18":"tag-maire-rouen","19":"tag-mairie-rouen","20":"tag-mayer-rossignol","21":"tag-municipales-rouen","22":"tag-news","23":"tag-nicolas-mayer-rossignol-candidat","24":"tag-nicolas-mayer-rossignol","25":"tag-normandie","26":"tag-republique-francaise","27":"tag-rouen"},"share_on_mastodon":{"url":"https:\/\/pubeurope.com\/@fr\/115867995587595485","error":""},"_links":{"self":[{"href":"https:\/\/www.europesays.com\/fr\/wp-json\/wp\/v2\/posts\/652849","targetHints":{"allow":["GET"]}}],"collection":[{"href":"https:\/\/www.europesays.com\/fr\/wp-json\/wp\/v2\/posts"}],"about":[{"href":"https:\/\/www.europesays.com\/fr\/wp-json\/wp\/v2\/types\/post"}],"author":[{"embeddable":true,"href":"https:\/\/www.europesays.com\/fr\/wp-json\/wp\/v2\/users\/2"}],"replies":[{"embeddable":true,"href":"https:\/\/www.europesays.com\/fr\/wp-json\/wp\/v2\/comments?post=652849"}],"version-history":[{"count":0,"href":"https:\/\/www.europesays.com\/fr\/wp-json\/wp\/v2\/posts\/652849\/revisions"}],"wp:featuredmedia":[{"embeddable":true,"href":"https:\/\/www.europesays.com\/fr\/wp-json\/wp\/v2\/media\/652850"}],"wp:attachment":[{"href":"https:\/\/www.europesays.com\/fr\/wp-json\/wp\/v2\/media?parent=652849"}],"wp:term":[{"taxonomy":"category","embeddable":true,"href":"https:\/\/www.europesays.com\/fr\/wp-json\/wp\/v2\/categories?post=652849"},{"taxonomy":"post_tag","embeddable":true,"href":"https:\/\/www.europesays.com\/fr\/wp-json\/wp\/v2\/tags?post=652849"}],"curies":[{"name":"wp","href":"https:\/\/api.w.org\/{rel}","templated":true}]}}