{"id":652851,"date":"2026-01-10T00:34:09","date_gmt":"2026-01-10T00:34:09","guid":{"rendered":"https:\/\/www.europesays.com\/fr\/652851\/"},"modified":"2026-01-10T00:34:09","modified_gmt":"2026-01-10T00:34:09","slug":"hockey-sur-glace-ligue-magnus-a-grenoble-les-spartiates-navaient-pas-les-armes","status":"publish","type":"post","link":"https:\/\/www.europesays.com\/fr\/652851\/","title":{"rendered":"Hockey sur glace &#8211; Ligue Magnus : \u00e0 Grenoble, les Spartiates n&rsquo;avaient pas les armes"},"content":{"rendered":"<p>Beaucoup trop pour d\u00e9fier le champion de France en titre, qui plus est piqu\u00e9 par les deux succ\u00e8s marseillais lors de leurs deux pr\u00e9c\u00e9dentes confrontations cette saison. La t\u00e2che s&rsquo;annon\u00e7ait p\u00e9rilleuse, elle relevait carr\u00e9ment du miracle \u00e0 la fin du deuxi\u00e8me tiers o\u00f9 les Marseillais \u00e9taient men\u00e9s (4-0).<\/p>\n<p>Asten se signale d&#8217;embl\u00e9e<\/p>\n<p>Entr\u00e9 dans la cage en lieu et place de Libor Kasik, Florian Gourdin ne pouvait lui aussi que constater les d\u00e9g\u00e2ts et s&rsquo;incliner \u00e0 trois reprises. L&rsquo;exp\u00e9riment\u00e9 Teddy Da Costa, assist\u00e9 de la nouvelle recrue <a href=\"https:\/\/www.laprovence.com\/article\/sports\/51589545684078\/hockey-sur-glace-l-attaquant-finlandais-micke-max-asten-debarque-chez-les-spartiates\" target=\"_blank\" rel=\"noopener\">Micke-Max Asten<\/a>, sauvait l&rsquo;honneur en fin de match (7-1). Malgr\u00e9 cette lourde d\u00e9faite, les Marseillais restent 5es.<\/p>\n","protected":false},"excerpt":{"rendered":"Beaucoup trop pour d\u00e9fier le champion de France en titre, qui plus est piqu\u00e9 par les deux succ\u00e8s&hellip;\n","protected":false},"author":2,"featured_media":652852,"comment_status":"","ping_status":"","sticky":false,"template":"","format":"standard","meta":{"footnotes":""},"categories":[9566],"tags":[5734,1111,11,2430,1777,674,1011,27,10854,2731,4488,151,3022,57771,12,25,60,3356],"class_list":{"0":"post-652851","1":"post","2":"type-post","3":"status-publish","4":"format-standard","5":"has-post-thumbnail","7":"category-grenoble","8":"tag-5734","9":"tag-actu","10":"tag-actualites","11":"tag-auvergne-rhone-alpes","12":"tag-eu","13":"tag-europe","14":"tag-fr","15":"tag-france","16":"tag-glace","17":"tag-grenoble","18":"tag-hockey","19":"tag-les","20":"tag-ligue","21":"tag-magnus","22":"tag-news","23":"tag-republique-francaise","24":"tag-sports","25":"tag-sur"},"share_on_mastodon":{"url":"https:\/\/pubeurope.com\/@fr\/115867999736423046","error":""},"_links":{"self":[{"href":"https:\/\/www.europesays.com\/fr\/wp-json\/wp\/v2\/posts\/652851","targetHints":{"allow":["GET"]}}],"collection":[{"href":"https:\/\/www.europesays.com\/fr\/wp-json\/wp\/v2\/posts"}],"about":[{"href":"https:\/\/www.europesays.com\/fr\/wp-json\/wp\/v2\/types\/post"}],"author":[{"embeddable":true,"href":"https:\/\/www.europesays.com\/fr\/wp-json\/wp\/v2\/users\/2"}],"replies":[{"embeddable":true,"href":"https:\/\/www.europesays.com\/fr\/wp-json\/wp\/v2\/comments?post=652851"}],"version-history":[{"count":0,"href":"https:\/\/www.europesays.com\/fr\/wp-json\/wp\/v2\/posts\/652851\/revisions"}],"wp:featuredmedia":[{"embeddable":true,"href":"https:\/\/www.europesays.com\/fr\/wp-json\/wp\/v2\/media\/652852"}],"wp:attachment":[{"href":"https:\/\/www.europesays.com\/fr\/wp-json\/wp\/v2\/media?parent=652851"}],"wp:term":[{"taxonomy":"category","embeddable":true,"href":"https:\/\/www.europesays.com\/fr\/wp-json\/wp\/v2\/categories?post=652851"},{"taxonomy":"post_tag","embeddable":true,"href":"https:\/\/www.europesays.com\/fr\/wp-json\/wp\/v2\/tags?post=652851"}],"curies":[{"name":"wp","href":"https:\/\/api.w.org\/{rel}","templated":true}]}}